{"id":23073,"date":"2015-11-26T13:21:01","date_gmt":"2015-11-26T12:21:01","guid":{"rendered":"http:\/\/www.fedaiisf.it\/?p=23073"},"modified":"2015-11-26T13:21:01","modified_gmt":"2015-11-26T12:21:01","slug":"dallaprile-2016-la-sanofi-di-garessio-diverra-huvepharma-siglato-laccordo-di-cessione-al-mise-di-roma","status":"publish","type":"post","link":"https:\/\/www.fedaiisf.it\/en\/dallaprile-2016-la-sanofi-di-garessio-diverra-huvepharma-siglato-laccordo-di-cessione-al-mise-di-roma\/","title":{"rendered":"From April 2016, Garessio&#039;s Sanofi will become Huvepharma: sale agreement signed with Mise in Rome"},"content":{"rendered":"<p><em>Lo stabile di via Roberto Lapetit diverr\u00e0 l&#8217;unico centro del gruppo bulgaro in Italia per quel che riguarda la sintesi del farmaco. Salvi 142 dipendenti.<\/em><\/p>\n<p><a href=\"http:\/\/www.targatocn.it\/2015\/11\/25\/leggi-notizia\/argomenti\/attualita\/articolo\/dallaprile-2016-la-sanofi-di-garessio-diverra-huvepharma-siglato-laccordo-di-cessione-al-mise-di.html\" target=\"_blank\" rel=\"noopener\"><span class=\"news-list-date-header\" style=\"color: #0000ff;\">mercoled\u00ec 25 novembre 2015 &#8211; targatocn<\/span><\/a><\/p>\n<p><img loading=\"lazy\" decoding=\"async\" class=\"alignleft\" src=\"http:\/\/www.targatocn.it\/fileadmin\/archivio\/targatocn\/sanofi_01.jpg\" alt=\"\" width=\"361\" height=\"196\" \/>Dopo circa un anno di ricerca di acquirenti, nella giornata di oggi, 25 novembre, \u00e8 stato siglato al Mise di Roma l\u2019accordo che stipula la cessione dell\u2019industria farmaceutica di Garessio (dal 2008 nelle mani della francese Sanofi) alla bulgara Huvepharma. La nuova societ\u00e0 che prender\u00e0 le redini dello stabilimento di via Roberto Lepetit conta ad oggi circa 2.150 dipendenti in tutto il mondo, con attivit\u00e0 di vendita in 95 differenti nazioni. L\u2019operazione di cessione avr\u00e0 effetto indicativamente a partire dal 1\u00b0 aprile del 2016, data in cui lo stabile monregalese diverr\u00e0 sede operativa di Huvepharma Italia.<\/p>\n<p>Durante l\u2019incontro di oggi \u00e8 stato garantito che tutti i lavoratori in forza (ad oggi 142 dipendenti) proseguiranno il rapporto di lavoro senza soluzione di continuit\u00e0 secondo quanto previsto dalle normative legali e contrattuali vigenti. E\u2019 stato inoltre confermato che i rapporti di lavoro continueranno ad essere regolati dal contratto nazionale per gli addetti all\u2019industria chimica, chimico farmaceutica, delle fibre chimiche e dei settori abrasivi, lubrificanti e GPL.<\/p>\n<p>TO<img loading=\"lazy\" decoding=\"async\" class=\"alignright\" src=\"http:\/\/www.agraragazat.hu\/sites\/default\/files\/styles\/cikkkep\/public\/img_3379.jpg?itok=mUaEWNK1\" alt=\"\" width=\"321\" height=\"214\" \/> partire dal gennaio 2016, si terranno degli incontri finalizzati alla definizione della contrattazione di secondo livello. Intanto \u00e8 stato definito il nuovo amministratore delegato: si tratta dell&#8217; ingegnere <b>Nicola De Risi<\/b>.<\/p>\n<p><i>&#8220;L&#8217;impegno profuso dalla Sanofi, nella ricerca di un acquirente serio ed affidabile ha pagato.\u201d<\/i> &#8211; ha affermato il segretario provinciale Uiltec\u00a0<b>Gianluca Mogavero<\/b>&#8211; <i>\u201cL\u2019Huvepharma \u00e8 un gruppo solido. Negli ultimi anni \u00e9 riuscita a saturare gli impianti ed aumentare l&#8217;occupazione. Auspichiamo che ci\u00f2 possa accadere anche a Garessio, il quale non avr\u00e0 concorrenza interna essendo l\u2019unico stabilimento del Gruppo ad occuparsi di sintesi chimica. Con questo piano industriale sono stati salvaguardati \u00a0142 dipendenti ed i loro diritti.&#8221;<\/i><\/p>\n<p>Nella giornata di domani si terr\u00e0 un\u2019assemblea con i lavoratori dalle 13 alle 15.<\/p>","protected":false},"excerpt":{"rendered":"<p>Lo stabile di via Roberto Lapetit diverr\u00e0 l&#8217;unico centro del gruppo bulgaro in Italia per quel che riguarda la sintesi del farmaco. Salvi 142 dipendenti. mercoled\u00ec 25 novembre 2015 &#8211; targatocn Dopo circa un anno di ricerca di acquirenti, nella giornata di oggi, 25 novembre, \u00e8 stato siglato al Mise di Roma l\u2019accordo che stipula &hellip;<\/p>","protected":false},"author":4,"featured_media":7669,"comment_status":"closed","ping_status":"closed","sticky":false,"template":"","format":"standard","meta":{"footnotes":""},"categories":[1],"tags":[53],"class_list":["post-23073","post","type-post","status-publish","format-standard","has-post-thumbnail","hentry","category-notizie","tag-fusioniacquisizioni"],"amp_enabled":true,"_links":{"self":[{"href":"https:\/\/www.fedaiisf.it\/en\/wp-json\/wp\/v2\/posts\/23073","targetHints":{"allow":["GET"]}}],"collection":[{"href":"https:\/\/www.fedaiisf.it\/en\/wp-json\/wp\/v2\/posts"}],"about":[{"href":"https:\/\/www.fedaiisf.it\/en\/wp-json\/wp\/v2\/types\/post"}],"author":[{"embeddable":true,"href":"https:\/\/www.fedaiisf.it\/en\/wp-json\/wp\/v2\/users\/4"}],"replies":[{"embeddable":true,"href":"https:\/\/www.fedaiisf.it\/en\/wp-json\/wp\/v2\/comments?post=23073"}],"version-history":[{"count":0,"href":"https:\/\/www.fedaiisf.it\/en\/wp-json\/wp\/v2\/posts\/23073\/revisions"}],"wp:featuredmedia":[{"embeddable":true,"href":"https:\/\/www.fedaiisf.it\/en\/wp-json\/wp\/v2\/media\/7669"}],"wp:attachment":[{"href":"https:\/\/www.fedaiisf.it\/en\/wp-json\/wp\/v2\/media?parent=23073"}],"wp:term":[{"taxonomy":"category","embeddable":true,"href":"https:\/\/www.fedaiisf.it\/en\/wp-json\/wp\/v2\/categories?post=23073"},{"taxonomy":"post_tag","embeddable":true,"href":"https:\/\/www.fedaiisf.it\/en\/wp-json\/wp\/v2\/tags?post=23073"}],"curies":[{"name":"wp","href":"https:\/\/api.w.org\/{rel}","templated":true}]}}