{"id":23456,"date":"2015-12-16T17:38:49","date_gmt":"2015-12-16T16:38:49","guid":{"rendered":"http:\/\/www.fedaiisf.it\/?p=23456"},"modified":"2015-12-29T09:45:20","modified_gmt":"2015-12-29T08:45:20","slug":"aifa-si-dimette-il-presidente-pecorelli-conflitto-di-interessi-sui-farmaci","status":"publish","type":"post","link":"https:\/\/www.fedaiisf.it\/en\/aifa-si-dimette-il-presidente-pecorelli-conflitto-di-interessi-sui-farmaci\/","title":{"rendered":"AIFA. President Pecorelli resigns. Conflict of interest on drugs."},"content":{"rendered":"<h2 class=\"article-subtitle\">Il presidente si dimette dopo le accuse sui legami dubbi con aziende farmaceutiche e societ\u00e0 di venture capital<\/h2>\n<p class=\"article-signature\"><a href=\"http:\/\/www.corriere.it\/cronache\/15_dicembre_16\/conflitto-interessi-farmaci-pecorelli-lascia-l-aifa-43651672-a402-11e5-900d-2dd5b80ea9fe.shtml\" target=\"_blank\" rel=\"noopener\"><span style=\"color: #0000ff;\">Of <span class=\"writer\">Simona Ravizza &#8211;\u00a016 dicembre 2015 &#8211; <em>CORRIERE DELLA SERA<\/em> CRONACHE<\/span><\/span><\/a><\/p>\n<p class=\"article-signature\"><img loading=\"lazy\" decoding=\"async\" class=\"alignleft\" src=\"http:\/\/images2.corriereobjects.it\/methode_image\/2015\/12\/16\/Interni\/Foto%20Interni%20-%20Trattate\/peco-k6SB-U431402919670381OE-593x443@Corriere-Web-Sezioni.PNG?v=20151216163404\" alt=\"\" width=\"333\" height=\"249\" \/>Dalla sua imparzialit\u00e0 dipende la scelta delle medicine con cui ci curiamo. \u00c8 per questo che la poltrona di Sergio Pecorelli, potente presidente dell\u2019Agenzia italiana del farmaco (Aifa), dev\u2019essere al di sopra di ogni sospetto. Ma cos\u00ec non \u00e8. E adesso l\u2019uomo del farmaco in Italia, da sei anni alla guida dell\u2019Aifa, \u00e8 costretto a lasciare sotto i colpi delle accuse di conflitto di interessi: troppi legami con le aziende farmaceutiche che producono vaccini, ma anche ruoli di vertice inopportuni in societ\u00e0 di venture capital sul mercato della farmaceutica. L\u2019annuncio \u00e8 appena diventato ufficiale. \u00abIl ministro della Salute Beatrice Lorenzin &#8211; si legge in un comunicato &#8211; ha accolto le dimissioni rassegnate dal professor Sergio Pecorelli da presidente del consiglio d\u2019amministrazione dell\u2019Aifa\u00bb.<\/p>\n<p>Come fa, Pecorelli, a garantire obiettivit\u00e0 se contemporaneamente riceve contributi (tramite una fondazione da lui guidata, la Healthy Foundation) da aziende farmaceutiche, come la Sanofi che i vaccini li produce?<\/p>\n<p class=\"article-signature\">( &#8230; continua sul <a href=\"http:\/\/www.corriere.it\/cronache\/15_dicembre_16\/conflitto-interessi-farmaci-pecorelli-lascia-l-aifa-43651672-a402-11e5-900d-2dd5b80ea9fe.shtml\" target=\"_blank\" rel=\"noopener\"><span style=\"color: #0000ff;\"><em>CORRIERE DELLA SERA<\/em> del 16 dicembre 2015<\/span><\/a>)<\/p>\n<h3 class=\"article-signature\"><span style=\"color: #ff0000;\">Comunicato Ministero della Salute<\/span><\/h3>\n<p>Il Ministro della Salute Beatrice Lorenzin ha accolto oggi le dimissioni rassegnate dal prof. Sergio Pecorelli da presidente del consiglio d\u2019amministrazione dell\u2019Aifa.<\/p>\n<p>\u201cIl professore Pecorelli \u2013 dichiara il Ministro Lorenzin &#8211; ha ritenuto di presentare le dimissioni per garantire un sereno svolgimento dell\u2019attivit\u00e0 dell\u2019Agenzia Italiana del Farmaco, a cui ha dedicato impegno e passione. In questi anni ho avuto modo di apprezzare la sua professionalit\u00e0 ed esperienza, riconosciuta non solo in Italia ma dalla comunit\u00e0 scientifica internazionale. Lo ringrazio per il lavoro svolto e per il gesto di sensibilit\u00e0 istituzionale. Sono sicura \u2013 conclude il Ministro Lorenzin &#8211; che il professore Pecorelli avr\u00e0 modo di dimostrare la totale estraneit\u00e0 ai fatti contestati\u201d.<\/p>\n<p>Data di <a href=\"http:\/\/www.salute.gov.it\/portale\/news\/p3_2_4_1_1.jsp?lingua=italiano&amp;menu=salastampa&amp;p=comunicatistampa&amp;id=4683\" target=\"_blank\" rel=\"noopener\"><span style=\"color: #0000ff;\">pubblicazione: 16\u00a0dicembre\u00a02015 &#8211; Ministero della Salute<\/span><\/a><\/p>\n<p>Related news: <span style=\"color: #0000ff;\"><a style=\"color: #0000ff;\" href=\"http:\/\/www.fedaiisf.it\/en\/aifa-sospeso-il-presidente-troppi-conflitti-dinteresse\/\" target=\"_blank\">Aifa, the president suspended. \u201cToo Many Conflicts of Interest\u201d<\/a><\/span><\/p>\n<p id=\"page-title\"><a href=\"http:\/\/www.agenziafarmaco.gov.it\/it\/content\/conflitto-di-interessi-e-anticorruzione-la-realt%C3%A0-di-aifa\" target=\"_blank\" rel=\"noopener\"><span style=\"color: #0000ff;\">Conflitto di interessi e anticorruzione: la realt\u00e0 di AIFA<\/span><\/a><\/p>\n<p><span style=\"color: #0000ff;\"><a style=\"color: #0000ff;\" href=\"http:\/\/www.fedaiisf.it\/en\/mario-melazzini-verso-la-presidenza-dellaifa\/\" target=\"_blank\">Mario Melazzini towards the presidency of AIFA<\/a><\/span><\/p>","protected":false},"excerpt":{"rendered":"<p>Il presidente si dimette dopo le accuse sui legami dubbi con aziende farmaceutiche e societ\u00e0 di venture capital di Simona Ravizza &#8211;\u00a016 dicembre 2015 &#8211; CORRIERE DELLA SERA CRONACHE Dalla sua imparzialit\u00e0 dipende la scelta delle medicine con cui ci curiamo. \u00c8 per questo che la poltrona di Sergio Pecorelli, potente presidente dell\u2019Agenzia italiana del &hellip;<\/p>","protected":false},"author":4,"featured_media":23224,"comment_status":"closed","ping_status":"closed","sticky":false,"template":"","format":"standard","meta":{"footnotes":""},"categories":[16],"tags":[49],"class_list":["post-23456","post","type-post","status-publish","format-standard","has-post-thumbnail","hentry","category-primo-piano","tag-aifa"],"amp_enabled":true,"_links":{"self":[{"href":"https:\/\/www.fedaiisf.it\/en\/wp-json\/wp\/v2\/posts\/23456","targetHints":{"allow":["GET"]}}],"collection":[{"href":"https:\/\/www.fedaiisf.it\/en\/wp-json\/wp\/v2\/posts"}],"about":[{"href":"https:\/\/www.fedaiisf.it\/en\/wp-json\/wp\/v2\/types\/post"}],"author":[{"embeddable":true,"href":"https:\/\/www.fedaiisf.it\/en\/wp-json\/wp\/v2\/users\/4"}],"replies":[{"embeddable":true,"href":"https:\/\/www.fedaiisf.it\/en\/wp-json\/wp\/v2\/comments?post=23456"}],"version-history":[{"count":0,"href":"https:\/\/www.fedaiisf.it\/en\/wp-json\/wp\/v2\/posts\/23456\/revisions"}],"wp:featuredmedia":[{"embeddable":true,"href":"https:\/\/www.fedaiisf.it\/en\/wp-json\/wp\/v2\/media\/23224"}],"wp:attachment":[{"href":"https:\/\/www.fedaiisf.it\/en\/wp-json\/wp\/v2\/media?parent=23456"}],"wp:term":[{"taxonomy":"category","embeddable":true,"href":"https:\/\/www.fedaiisf.it\/en\/wp-json\/wp\/v2\/categories?post=23456"},{"taxonomy":"post_tag","embeddable":true,"href":"https:\/\/www.fedaiisf.it\/en\/wp-json\/wp\/v2\/tags?post=23456"}],"curies":[{"name":"wp","href":"https:\/\/api.w.org\/{rel}","templated":true}]}}