{"id":23651,"date":"2015-12-26T12:05:57","date_gmt":"2015-12-26T11:05:57","guid":{"rendered":"http:\/\/www.fedaiisf.it\/?p=23651"},"modified":"2016-02-05T19:29:29","modified_gmt":"2016-02-05T18:29:29","slug":"un-giallo-con-45-000-morti-il-mistero-del-2015","status":"publish","type":"post","link":"https:\/\/www.fedaiisf.it\/en\/un-giallo-con-45-000-morti-il-mistero-del-2015\/","title":{"rendered":"A mystery with 45,000 dead, the mystery of 2015"},"content":{"rendered":"<p><em>Bisogna essere molto cauti quando si affronta <strong>la questione dei tagli nella sanit\u00e0.\u00a0<\/strong>Spendere meno, sprecando di meno \u00e8 un ottimo slogan, ma il suo \u201catterraggio\u201d nella realt\u00e0 pu\u00f2 essere distruttivo, &#8220;molto dannoso\u201d.<\/em><\/p>\n<p>Dai dati demografici Istat emerge un aumento clamoroso (+11,3%) di decessi nei primi otto mesi dell&#8217;anno in Italia. A fine 2015 potrebbero essere 67.000. E&#8217; come se ci fosse stata una guerra. E nessuno finora sa dare una spiegazione<\/p>\n<p><span style=\"color: #0000ff;\">25 dicembre 2015 &#8211; Il Tirreno Toscana<\/span><\/p>\n<p><img loading=\"lazy\" decoding=\"async\" class=\"alignleft\" src=\"http:\/\/iltirreno.gelocal.it\/polopoly_fs\/1.12678197.1451061388!\/httpImage\/image.jpg_gen\/derivatives\/detail_558\/image.jpg\" alt=\"\" width=\"410\" height=\"273\" \/>E&#8217; come se nel 2015 si fosse combattuta una guerra di cui nessuno si \u00e8 accorto. E infatti non c&#8217;\u00e8 stata. Ma restano sul terreno le vittime: 45.000 morti in pi\u00f9 in Italia rispetto al 2014 secondo conteggi fermi ad agosto, che potrebbero diventare 67.000 quando i conti avranno compreso tutto il 2015. Sono le anticipazioni del bilancio demografico che Istat stila mese per mese e che mostra un fenomeno clamoroso su cui gi\u00e0 si interrogano demografi, esperti della sanit\u00e0, sociologi. E ancor pi\u00f9 si interrogheranno nelle prossime settimane, quando saranno disponibili anche i dati relativi alle fasce di et\u00e0 e alle cause di morte.<\/p>\n<p>I dati sono inequivocabili, tanto pi\u00f9 perch\u00e9 rappresentano un gigantesco cambio di tendenza rispetto agli ultimi anni. Le schede dell&#8217;Istituto di statistica pubblicate finora arrivano fino ad agosto e mostrano un aumento dell&#8217;11,3% dei decessi in Italia (punte massime tra gennaio e marzo). Erano stati 399.000 nei primi otto mesi del 2014, sono stati 445.000 negli stessi mesi dell&#8217;anno in corso. In media, cinquemila morti in pi\u00f9 al mese. Oltretutto nel 2013 e 2014 c&#8217;era stata una diminuzione dei morti e comunque anche negli anni precedenti le variazioni (in pi\u00f9 o in meno) erano sempre state di pochi punti percentuali, ben lontane dalla doppia cifra.<\/p>\n<p>P<img loading=\"lazy\" decoding=\"async\" class=\"alignright\" src=\"http:\/\/images2.corriereobjects.it\/methode_image\/2015\/07\/08\/Economia\/Foto%20Economia\/50f87c37194552953bea582f7b7af6b6-593x443.jpg?v=20150708184259\" alt=\"\" width=\"234\" height=\"175\" \/>er ritrovare un aumento del genere, fanno notare gli esperti, bisogna risalire agli anni tra il 1915 e il 1918, o al 1943. Anni di guerra, insomma, l&#8217;ordine di grandezza \u00e8 quello. Solo che nel 2015 guerre per fortuna non ce ne sono state. E dunque quale pu\u00f2 essere la spiegazione? Escluso l&#8217;errore di raccolta o di elaborazione dei dati (in genere le correzioni fatte da Istat a fine anno si limitano a poche centinaia di casi), le ipotesi sono ancora tutte possibili (invecchiamento della popolazione, crisi del welfare, riduzione delle vaccinazioni),\u00a0ma nessuna fin qui sembra dare spiegazioni convincenti. E soprattutto nessuna spiegazione giustifica un tale numero di decessi. Il lavoro di studio e di riflessione comincia ora e sar\u00e0 interessante vedere dove porter\u00e0. C&#8217;\u00e8 un giallo con 67.000 morti ed \u00e8 ancora tutto da risolvere.<\/p>\n<p>Related news:\u00a0<span style=\"color: #0000ff;\"><a style=\"color: #0000ff;\" href=\"http:\/\/www.siciliainformazioni.com\/redazione\/231679\/italia-si-vive-e-si-muore-piu-che-altrove-il-mistero-visto-dalla-sicilia\" target=\"_blank\" rel=\"noopener\">Italia-record, si vive e si muore\u00a0di pi\u00f9: il mistero visto dalla Sicilia<\/a><\/span><\/p>\n<p><span style=\"color: #0000ff;\"><a style=\"color: #0000ff;\" href=\"http:\/\/www.fedaiisf.it\/en\/snami-ancora-incontri-sui-rischi-della-sostituibilita-dei-farmaci\/\" target=\"_blank\">Testa (Snami): one of the &quot;determining factors that gave a significant contribution to the worsening of health conditions was the promotion, not adequately regulated from a medical point of view, of the prescription and use of equivalent medicines that could be substituted for each other during therapy.&quot;<\/a><\/span><\/p>\n<p><span style=\"color: #0000ff;\"><a style=\"color: #0000ff;\" href=\"http:\/\/activenet-wp-snami.s3-eu-west-1.amazonaws.com\/wp-content\/uploads\/20151011112451\/COMUNICATO-STAMPA-NAZIONALE-2-OTTOBRE-2015.pdf\" target=\"_blank\" rel=\"noopener\">Snap me. Unjustified saving frenzy<\/a><\/span><\/p>\n<p><a href=\"http:\/\/www.gazzettadelsud.it\/news\/calabria\/177188\/Calabria-malata--in-220mila-rinunciano.html\" target=\"_blank\" rel=\"noopener\"><span style=\"color: #0000ff;\">Calabria malata, in 220mila rinunciano a cure<\/span><\/a><\/p>\n<p><a href=\"http:\/\/www.bussolasanita.it\/schede.cfm?id=1745&amp;Il_Trentino_e_la_regione_piu_sana_d_Italia\" target=\"_blank\" rel=\"noopener\"><span style=\"color: #0000ff;\">Il Trentino \u00e8 la regione pi\u00f9 sana d\u2019Italia<\/span><\/a><\/p>\n<p><a href=\"http:\/\/www.istat.it\/it\/files\/2015\/12\/Nota_decessi2015.pdf?title=Chiarimento+su+aumento+dei+decessi+2015+-+28%2Fdic%2F2015+-+Testo+integrale.pdf\" target=\"_blank\" rel=\"noopener\"><span style=\"color: #0000ff;\">ISTAT.\u00a0Chiarimento su aumento dei decessi 2015<\/span><\/a><\/p>\n<p><a href=\"http:\/\/www.lescienze.it\/lanci\/2016\/02\/04\/news\/dipartimento_di_epidemiologia_del_ssr_del_lazio_ecco_come_si_spiegano_le_migliaia_di_morti_in_eccesso_del_2015-2959617\/?ref=nl-Le-Scienze_05-02-2016\" target=\"_blank\" rel=\"noopener\"><span style=\"color: #0000ff;\">&#8220;Epidemiologia &amp; Prevenzione&#8221; &#8211; Ecco come si spiegano le migliaia di morti in eccesso del 2015<\/span><\/a><\/p>\n<p class=\"blog-title\"><a href=\"http:\/\/www.ilfattoquotidiano.it\/2015\/12\/26\/italia-perche-nel-nostro-paese-si-muore-di-piu\/2332068\/\" target=\"_blank\" rel=\"noopener\"><span style=\"color: #0000ff;\">Italia, perch\u00e9 nel nostro Paese si muore di pi\u00f9?<\/span><\/a><\/p>\n<p class=\"blog-title\"><a href=\"http:\/\/www.ilfattoquotidiano.it\/2016\/01\/07\/mortalita-qualche-dato-sulla-spesa-sanitaria-in-italia\/2355118\/\" target=\"_blank\" rel=\"noopener\"><span style=\"color: #0000ff;\">Mortalit\u00e0, qualche dato sulla spesa sanitaria in Italia<\/span><\/a><\/p>\n<p style=\"text-align: center;\">Nel grafico sotto l&#8217;andamento dei decessi della popolazione residente per mese. Anni 2012-2015 (valori assoluti)<\/p>\n<p><img decoding=\"async\" class=\"aligncenter\" src=\"http:\/\/www.quotidianosanita.it\/allegati\/create_pdf.php?all=5284679.jpg\" alt=\"\" \/><\/p>","protected":false},"excerpt":{"rendered":"<p>Bisogna essere molto cauti quando si affronta la questione dei tagli nella sanit\u00e0.\u00a0Spendere meno, sprecando di meno \u00e8 un ottimo slogan, ma il suo \u201catterraggio\u201d nella realt\u00e0 pu\u00f2 essere distruttivo, &#8220;molto dannoso\u201d. Dai dati demografici Istat emerge un aumento clamoroso (+11,3%) di decessi nei primi otto mesi dell&#8217;anno in Italia. A fine 2015 potrebbero essere &hellip;<\/p>","protected":false},"author":4,"featured_media":5809,"comment_status":"closed","ping_status":"closed","sticky":false,"template":"","format":"standard","meta":{"footnotes":""},"categories":[16],"tags":[79],"class_list":["post-23651","post","type-post","status-publish","format-standard","has-post-thumbnail","hentry","category-primo-piano","tag-ssn"],"amp_enabled":true,"_links":{"self":[{"href":"https:\/\/www.fedaiisf.it\/en\/wp-json\/wp\/v2\/posts\/23651","targetHints":{"allow":["GET"]}}],"collection":[{"href":"https:\/\/www.fedaiisf.it\/en\/wp-json\/wp\/v2\/posts"}],"about":[{"href":"https:\/\/www.fedaiisf.it\/en\/wp-json\/wp\/v2\/types\/post"}],"author":[{"embeddable":true,"href":"https:\/\/www.fedaiisf.it\/en\/wp-json\/wp\/v2\/users\/4"}],"replies":[{"embeddable":true,"href":"https:\/\/www.fedaiisf.it\/en\/wp-json\/wp\/v2\/comments?post=23651"}],"version-history":[{"count":0,"href":"https:\/\/www.fedaiisf.it\/en\/wp-json\/wp\/v2\/posts\/23651\/revisions"}],"wp:featuredmedia":[{"embeddable":true,"href":"https:\/\/www.fedaiisf.it\/en\/wp-json\/wp\/v2\/media\/5809"}],"wp:attachment":[{"href":"https:\/\/www.fedaiisf.it\/en\/wp-json\/wp\/v2\/media?parent=23651"}],"wp:term":[{"taxonomy":"category","embeddable":true,"href":"https:\/\/www.fedaiisf.it\/en\/wp-json\/wp\/v2\/categories?post=23651"},{"taxonomy":"post_tag","embeddable":true,"href":"https:\/\/www.fedaiisf.it\/en\/wp-json\/wp\/v2\/tags?post=23651"}],"curies":[{"name":"wp","href":"https:\/\/api.w.org\/{rel}","templated":true}]}}