{"id":24061,"date":"2016-01-25T19:47:54","date_gmt":"2016-01-25T18:47:54","guid":{"rendered":"http:\/\/www.fedaiisf.it\/?p=24061"},"modified":"2016-01-25T19:58:37","modified_gmt":"2016-01-25T18:58:37","slug":"laugmentin-e-la-vecchia-storia-del-ritiro-del-medicinale","status":"publish","type":"post","link":"https:\/\/www.fedaiisf.it\/en\/laugmentin-e-la-vecchia-storia-del-ritiro-del-medicinale\/","title":{"rendered":"Augmentin and the old drug withdrawal story"},"content":{"rendered":"<p>Sta tornando a circolare la storia del <a href=\"http:\/\/www.nextquotidiano.it\/augmentin-ce-vero-storia-ritiro\/\" target=\"_blank\" rel=\"noopener\">ritiro del medicinale Augmentin <\/a>che era cominciata nel gennaio scorso:<\/p>\n<p><img decoding=\"async\" class=\" aligncenter\" src=\"http:\/\/www.nextquotidiano.it\/wp-content\/uploads\/2015\/09\/augmentin-2.jpg\" alt=\"augmentin 2\" \/><\/p>\n<p>In realt\u00e0, come abbiamo scritto all\u2019epoca, la storia \u00e8 vera ma si riferisce a un provvedimento emanato nel 2014 e nel frattempo il ritiro si \u00e8 concluso. Il provvedimento Aifa riguardava confezioni di 12 compresse rivestite 875+125 mg. Il ritiro \u00e8 stato disposto a seguito delle segnalazioni da parte delle ditte GlaxoSmithKline e Medifarm, concernenti etichette interne in lingua rumena. Soprattutto, l\u2019annuncio del ritiro \u00e8 datato 5 dicembre 2014:<\/p>\n<p><em>&#8220;05 DIC \u2013 L\u2019AIFA trasmette un provvedimento concernente il ritiro di una partita del medicinale \u201cAUGMENTIN 12 compresse rivestite 875+125 mg\u201d, AIP n. 039785047. Il ritiro \u00e8 stato disposto a seguito delle segnalazioni da parte delle ditte GlaxoSmithKline e Medifarm, concernenti etichette interne in lingua rumena. Nelle more del ritiro il medicinale non potr\u00e0 essere utilizzato&#8221;.<\/em><\/p>\n<div id=\"content-box\">\n<div id=\"post-50192\" class=\"post-single post-50192 post type-post status-publish format-status hentry category-opinioni post_format-post-format-status\">\n<article>\n<div class=\"st-format-standard-holder\">\n<div id=\"article\" class=\"articolo-opinioni\">\n<p>Come nel caso del <a href=\"http:\/\/www.nextquotidiano.it\/bisolvon-vera-storia-ritiro-sciroppo-per-tosse\/\" target=\"_blank\" rel=\"noopener\">Bisolvon<\/a>, quindi, il ritiro riguarda <strong>soltanto alcuni lotti ben specificati<\/strong>. Il problema, come segnalato nella lettera, sta soltanto nel fatto che\u00a0le etichette interne non sono in italiano.<\/p>\n<p><a href=\"http:\/\/www.nextquotidiano.it\/wp-content\/uploads\/2015\/01\/augmentin-ritiro-1.jpg\" rel=\"prettyPhoto[50192] noopener\" target=\"_blank\"><img loading=\"lazy\" decoding=\"async\" class=\"size-full wp-image-23283 aligncenter\" src=\"http:\/\/www.nextquotidiano.it\/wp-content\/uploads\/2015\/01\/augmentin-ritiro-1.jpg\" alt=\"augmentin ritiro\" width=\"661\" height=\"873\" \/><\/a><\/p>\n<\/div>\n<div class=\"clear\"><\/div>\n<div class=\"adv-2\"><a href=\"http:\/\/www.nextquotidiano.it\/laugmentin-e-la-vecchia-storia-del-ritiro-del-medicinale\/\" target=\"_blank\" rel=\"noopener\"><span style=\"color: #0000ff;\">NeXt quotidiano<\/span><\/a><\/div>\n<div class=\"adv-2\"><\/div>\n<div class=\"adv-2\"><\/div>\n<div class=\"adv-2\">\n<p>Notizia correlata: <span style=\"color: #0000ff;\"><strong><a style=\"color: #0000ff;\" href=\"http:\/\/www.fedaiisf.it\/ritiro-augmentin-dimportazione-federconsumatori-nessun-avviso-consumatori\/\" target=\"_blank\">Ritiro Augmentin d\u2019importazione. Federconsumatori: nessun avviso a consumatori<\/a><\/strong><\/span><\/p>\n<\/div>\n<\/div>\n<\/article>\n<\/div>\n<\/div>\n","protected":false},"excerpt":{"rendered":"<p>Sta tornando a circolare la storia del ritiro del medicinale Augmentin che era cominciata nel gennaio scorso: In realt\u00e0, come abbiamo scritto all\u2019epoca, la storia \u00e8 vera ma si riferisce a un provvedimento emanato nel 2014 e nel frattempo il ritiro si \u00e8 concluso. Il provvedimento Aifa riguardava confezioni di 12 compresse rivestite 875+125 mg. &hellip;<\/p>","protected":false},"author":4,"featured_media":24064,"comment_status":"closed","ping_status":"closed","sticky":false,"template":"","format":"standard","meta":{"footnotes":""},"categories":[1],"tags":[49],"class_list":["post-24061","post","type-post","status-publish","format-standard","has-post-thumbnail","hentry","category-notizie","tag-aifa"],"amp_enabled":true,"_links":{"self":[{"href":"https:\/\/www.fedaiisf.it\/en\/wp-json\/wp\/v2\/posts\/24061","targetHints":{"allow":["GET"]}}],"collection":[{"href":"https:\/\/www.fedaiisf.it\/en\/wp-json\/wp\/v2\/posts"}],"about":[{"href":"https:\/\/www.fedaiisf.it\/en\/wp-json\/wp\/v2\/types\/post"}],"author":[{"embeddable":true,"href":"https:\/\/www.fedaiisf.it\/en\/wp-json\/wp\/v2\/users\/4"}],"replies":[{"embeddable":true,"href":"https:\/\/www.fedaiisf.it\/en\/wp-json\/wp\/v2\/comments?post=24061"}],"version-history":[{"count":0,"href":"https:\/\/www.fedaiisf.it\/en\/wp-json\/wp\/v2\/posts\/24061\/revisions"}],"wp:featuredmedia":[{"embeddable":true,"href":"https:\/\/www.fedaiisf.it\/en\/wp-json\/wp\/v2\/media\/24064"}],"wp:attachment":[{"href":"https:\/\/www.fedaiisf.it\/en\/wp-json\/wp\/v2\/media?parent=24061"}],"wp:term":[{"taxonomy":"category","embeddable":true,"href":"https:\/\/www.fedaiisf.it\/en\/wp-json\/wp\/v2\/categories?post=24061"},{"taxonomy":"post_tag","embeddable":true,"href":"https:\/\/www.fedaiisf.it\/en\/wp-json\/wp\/v2\/tags?post=24061"}],"curies":[{"name":"wp","href":"https:\/\/api.w.org\/{rel}","templated":true}]}}