{"id":24067,"date":"2016-01-26T11:28:56","date_gmt":"2016-01-26T10:28:56","guid":{"rendered":"http:\/\/www.fedaiisf.it\/?p=24067"},"modified":"2016-01-26T11:31:28","modified_gmt":"2016-01-26T10:31:28","slug":"fimmg-inappropriatezza-del-d-m-appropriatezza","status":"publish","type":"post","link":"https:\/\/www.fedaiisf.it\/en\/fimmg-inappropriatezza-del-d-m-appropriatezza\/","title":{"rendered":"Fimmg: Inappropriateness of DM &quot;Appropriateness&quot;"},"content":{"rendered":"<p><img loading=\"lazy\" decoding=\"async\" class=\"alignleft\" src=\"http:\/\/www.askanews.it\/upload\/images\/10_2015\/21\/sanit%C3%A0-151021092905.jpg\" alt=\"\" width=\"366\" height=\"244\" \/>La Fimmg conferma la sua netta opposizione ad un sistema di sanzionamento e ad un decreto ministeriale limitante l\u2019erogabilit\u00e0 di alcune prestazioni del SSN sulla base di una appropriatezza di \u201cStato\u201d.<\/p>\n<p>Al di l\u00e0 della improponibilit\u00e0 e contraddittoriet\u00e0 logica dello strumento utilizzato rispetto al fine dichiarato, oggi che il D.M. \u00e8 \u201cperfezionato\u201d e vigente, nonostante tutte le motivate obbiezioni del mondo medico, ha l\u2019unico pregio della coerenza! Infatti \u00e8 confuso nel definire il sistema di attribuzione delle responsabilit\u00e0 ed equivoco in alcune limitazioni di erogabilit\u00e0 esattamente come nella sua prima stesura in bozza.<\/p>\n<p>Al di l\u00e0 delle parole ad effetto profuse in questi mesi da un Ministro della Salute che non ha rispettato l\u2019impegno pubblicamente assunto di mitigare la norma, se il D.M. \u00e8 la ricetta per aiutare la sostenibilit\u00e0 del SSN la scelta \u00e8 caduta sulla negazione dei diritti dei cittadini. Si sta determinando una incertezza che compromette l\u2019attivit\u00e0 professionale dei medici e la fiducia dei pazienti nelle loro scelte, inevitabili saranno le contestazioni\u00a0 da parte dei cittadini ai medici prescrittori, lasciati\u00a0 soli nel proprio studio a dover giustificare scelte che non condividono e che non capiscono. Tutto questo avr\u00e0 come risultati solo numerosi disagi e l\u2019aumento della spesa privata.<\/p>\n<p><img loading=\"lazy\" decoding=\"async\" class=\"alignright\" src=\"http:\/\/www.salute.gov.it\/imgs\/C_17_notizie_2201_paragrafi_paragrafo_0_immagine.jpg\" alt=\"\" width=\"269\" height=\"269\" \/>Non \u00e8 difficile prevedere, e forse qualcuno ci conta, che i medici, se le norme non verranno modificate, saranno costretti ad assumere d\u2019ora in poi un atteggiamento \u201cdifensivo\u201d nei confronti di possibili successive decisioni arbitrarie e sanzionatorie da parte di funzionari aziendali che non si sono mai confrontati con il bisogno di assistenza del singolo individuo, mentre conoscono bene la, per loro tutelante, ottusit\u00e0 applicativa della legge.<\/p>\n<p>Inevitabile sar\u00e0 poi l&#8217;ulteriore aumento del carico burocratico (per ogni singolo esame ematico previsto dal decreto\u00a0 bisogner\u00e0 indicare in ricetta le condizioni di erogabilit\u00e0!!) a scapito del tempo dedicato alle visite.<\/p>\n<p>Fimmg nei prossimi giorni si adoperer\u00e0 per dare ai propri iscritti le indicazioni pi\u00f9 opportune per evitare i possibili sanzionamenti e continuer\u00e0 a battersi, nell\u2019ambito della mobilitazione di tutta la categoria medica, per la riformulazione dei decreti e perch\u00e9 il futuro e la sostenibilit\u00e0 del SSN siano garantiti dal Governo e dalla Conferenza delle Regioni con interventi strutturali e coerenti con l\u2019interesse di salute dei cittadini e non, come fatto fino ad ora, con atti di depotenziamento del ruolo del medico e di definanziamento creativo.<\/p>\n<p><a href=\"http:\/\/www.fimmg.org\/index.php?action=pages&amp;m=view&amp;p=43&amp;art=1698\" target=\"_blank\" rel=\"noopener\"><span style=\"color: #0000ff;\">FIMMG\u00a0Comunicato Stampa\u00a025\/01\/2016<\/span><\/a><\/p>\n<p>Related news: <span style=\"color: #0000ff;\"><a style=\"color: #0000ff;\" href=\"http:\/\/www.fimmg.org\/index.php?action=pages&amp;m=view&amp;p=50&amp;art=1697\" target=\"_blank\" rel=\"noopener\">Fimmg.\u00a0Pubblicato in G.U. decreto appropriatezza: al via stretta su visite ed esam<\/a>the<\/span><\/p>\n<p><a href=\"http:\/\/activenet-wp-snami.s3-eu-west-1.amazonaws.com\/wp-content\/uploads\/20160121175443\/Decreto-9-dicembre-2015-condizioni-di-erogabilit---e-indicazioni-di-appropriatezza-prescrittiva-G.U.R.I.-n.15-del-20-gen-2016.pdf\" target=\"_blank\" rel=\"noopener\"><span style=\"color: #0000ff;\"> DECRETO 9 dicembre 2015 &#8211;\u00a0 Condizioni di erogabilit\u00e0 e indicazioni di appropriatezza prescrittiva delle prestazioni di assistenza ambulatoriale erogabili nell\u2019ambito del Servizio sanitario nazionale.<\/span><\/a><\/p>\n<p><span style=\"color: #0000ff;\"><a style=\"color: #0000ff;\" href=\"http:\/\/www.fedaiisf.it\/en\/il-decreto-appropriatezza-e-in-gazzetta-ufficiale\/\" target=\"_blank\">The appropriateness decree is in the Official Gazette<\/a><\/span><\/p>\n<p id=\"cont_art_title\"><a href=\"http:\/\/www.doctor33.it\/responsabilita-medici-al-via-discussione-alla-camera-tdm-no-allonere-di-prova-per-il-cittadino\/politica-e-sanita\/news--33677.html?xrtd=RLCLASYRTCSPTXCYTRPTPXT\" target=\"_blank\" rel=\"noopener\"><span style=\"color: #0000ff;\">Responsabilit\u00e0 medici, al via discussione alla Camera. Tdm: no all&#8217;onere di prova per il cittadino<\/span><\/a><\/p>","protected":false},"excerpt":{"rendered":"<p>La Fimmg conferma la sua netta opposizione ad un sistema di sanzionamento e ad un decreto ministeriale limitante l\u2019erogabilit\u00e0 di alcune prestazioni del SSN sulla base di una appropriatezza di \u201cStato\u201d. Al di l\u00e0 della improponibilit\u00e0 e contraddittoriet\u00e0 logica dello strumento utilizzato rispetto al fine dichiarato, oggi che il D.M. \u00e8 \u201cperfezionato\u201d e vigente, nonostante &hellip;<\/p>","protected":false},"author":4,"featured_media":21715,"comment_status":"closed","ping_status":"closed","sticky":false,"template":"","format":"standard","meta":{"footnotes":""},"categories":[1],"tags":[41,79],"class_list":["post-24067","post","type-post","status-publish","format-standard","has-post-thumbnail","hentry","category-notizie","tag-leggisentenze","tag-ssn"],"amp_enabled":true,"_links":{"self":[{"href":"https:\/\/www.fedaiisf.it\/en\/wp-json\/wp\/v2\/posts\/24067","targetHints":{"allow":["GET"]}}],"collection":[{"href":"https:\/\/www.fedaiisf.it\/en\/wp-json\/wp\/v2\/posts"}],"about":[{"href":"https:\/\/www.fedaiisf.it\/en\/wp-json\/wp\/v2\/types\/post"}],"author":[{"embeddable":true,"href":"https:\/\/www.fedaiisf.it\/en\/wp-json\/wp\/v2\/users\/4"}],"replies":[{"embeddable":true,"href":"https:\/\/www.fedaiisf.it\/en\/wp-json\/wp\/v2\/comments?post=24067"}],"version-history":[{"count":0,"href":"https:\/\/www.fedaiisf.it\/en\/wp-json\/wp\/v2\/posts\/24067\/revisions"}],"wp:featuredmedia":[{"embeddable":true,"href":"https:\/\/www.fedaiisf.it\/en\/wp-json\/wp\/v2\/media\/21715"}],"wp:attachment":[{"href":"https:\/\/www.fedaiisf.it\/en\/wp-json\/wp\/v2\/media?parent=24067"}],"wp:term":[{"taxonomy":"category","embeddable":true,"href":"https:\/\/www.fedaiisf.it\/en\/wp-json\/wp\/v2\/categories?post=24067"},{"taxonomy":"post_tag","embeddable":true,"href":"https:\/\/www.fedaiisf.it\/en\/wp-json\/wp\/v2\/tags?post=24067"}],"curies":[{"name":"wp","href":"https:\/\/api.w.org\/{rel}","templated":true}]}}