{"id":24142,"date":"2016-01-28T20:37:12","date_gmt":"2016-01-28T19:37:12","guid":{"rendered":"http:\/\/www.fedaiisf.it\/?p=24142"},"modified":"2016-02-16T11:52:45","modified_gmt":"2016-02-16T10:52:45","slug":"ddl-sul-lavoro-autonomo-cosa-sta-per-cambiare","status":"publish","type":"post","link":"https:\/\/www.fedaiisf.it\/en\/ddl-sul-lavoro-autonomo-cosa-sta-per-cambiare\/","title":{"rendered":"DDL ON SELF-EMPLOYMENT: WHAT IS ABOUT TO CHANGE"},"content":{"rendered":"<p>AND<img loading=\"lazy\" decoding=\"async\" class=\"alignleft\" src=\"http:\/\/www.primocanale.it\/immagininews\/2014120270622-Consiglio-dei-ministri.jpg\" alt=\"\" width=\"338\" height=\"204\" \/> la componente pi\u00f9 robusta della legge di Stabilit\u00e0: <a title=\"Professionisti e lavoratori autonomi\" href=\"http:\/\/it.blastingnews.com\/lavoro\/2016\/01\/professionisti-e-lavoratori-autonomi-anche-per-loro-e-previsto-un-nuovo-jobs-act-00741333.html\" target=\"_blank\" rel=\"noopener\">disegno di legge sul lavoro autonomo<\/a>, che a seguito del Consiglio dei Ministri previsto per oggi, salvo intralci, potrebbe mostrarsi ai 5,4 milioni di interessati investendo l\u2019eclissato mondo del lavoro autonomo. Di mondo offuscato, infatti, si tratta quando ci si riferisce alle tutele previste per i lavoratori autonomi di matrice non imprenditoriale, giacch\u00e9 sino all\u2019ideazione di molte delle tutele contenute nel DDL in questione queste ultime erano destinate soltanto ai lavoratori dipendenti. Per tale ragione, dunque, l\u2019entit\u00e0 innovativa di un simile disegno di legge appare davvero notevole ed \u00e8 stata pi\u00f9 volte evidenziata dal governo, non ultimo c&#8217;\u00e8 stato l&#8217;intervento il sottosegretario all\u2019Economia Enrico Zanetti il quale ha appunto parlato di<em>\u2018numerose norme importanti e attese per la tutela dei lavoratori autonomi\u2019<\/em>.<\/p>\n<h2><strong>I provvedimenti che compongono il DDL, tra allineamenti ed importanti novit\u00e0<\/strong><\/h2>\n<p><img loading=\"lazy\" decoding=\"async\" class=\"alignright\" src=\"http:\/\/www.termolionline.it\/wp-content\/uploads\/2015\/12\/lavoratori-autonomi.jpg\" alt=\"\" width=\"455\" height=\"260\" \/>Quanto contenuto nel ddl si interessa di allineare le tutele per i lavoratori autonomi a quelle previste per i lavoratori dipendenti, da un lato, bench\u00e8 questi subiscano\u00a0<a title=\"Jobs act\" href=\"http:\/\/it.blastingnews.com\/lavoro\/2016\/01\/jobs-act-cosa-prevede-in-tema-di-controlli-sui-lavoratori-00739205.html\" target=\"_blank\" rel=\"noopener\">maggiori controlli<\/a>, e di introdurre novit\u00e0 sostanziose, dall\u2019altro lato. Tra le prime, la pi\u00f9 rilevante \u00e8 rappresentata dal <strong>riconoscimento dell\u2019assegno di maternit\u00e0<\/strong> per le lavoratrici autonome iscritte alla gestione separata Inps, le quali non dovranno pi\u00f9 smettere di lavorare ed avranno la possibilit\u00e0 di lavorare anche durante la maternit\u00e0 vedendosi, appunto, riconosciute le tutele proprie per le donne lavoratrici in dolce attesa. Cos\u00ec tale categoria di lavoratrici autonome si conforma alla categoria delle commercianti e delle artigiane, le quali possono gi\u00e0 lavorare durante i 5 mesi di maternit\u00e0, ai quali ad oggi hanno comunque diritto tutte le lavoratrici autonome. La<strong>Suspension<\/strong> <strong>of the<\/strong> <strong>pagamento dei contributi<\/strong> <strong>per i periodi di malattia superiori ai 60 giorni<\/strong>, per poi riprendere il pagamento al rientro al lavoro, la deduzione fino a 10.000 euro l\u2019anno delle <strong>spese di formazione<\/strong>, il divieto nei termini di pagamento superiori ai 60 giorni dalla consegna della fattura, <strong>l\u2019obbligatoriet\u00e0 del contratto in forma scritta<\/strong>tra impresa e lavoratore autonomo ed infine <strong>l\u2019equiparazione del trattamento economico<\/strong> a quello del lavoratore dipendente in tema di lavoro agile. Quelle appena evidenziate sono le misure presenti nel ddl che, pertanto, adeguano in buona sostanza le tutele per i lavoratori autonomi a quelle destinate ai lavoratori dipendenti. A sottolineare la portata innovativa del DDL, come anticipato, vi \u00e8 anche la presenza al suo interno di un insieme di misure che rappresentano delle <strong>vere e proprie novit\u00e0<\/strong>:<\/p>\n<ul>\n<li>La dotazione da parte dei centri per l\u2019impiego di uno <strong>sportello destinato<\/strong> <strong>ai lavoratori autonomi<\/strong>. Attraverso questo strumento si prevede la raccolta di domande ed offerte di lavoro e fornendo al contempo informazioni di vario genere, specie sull\u2019accesso a commesse per appalti pubblici.<\/li>\n<li>La previsione dell\u2019<strong>articolo 7 del DDL<\/strong>, secondo il quale vengono equiparati, cancellando il limite temporale e pertanto a tempo indeterminato, i lavoratori autonomi alle PMI per l\u2019accesso ai Fondi EU per il periodo 2014-2020. In tal modo, in sostanza, ai lavoratori autonomi \u00e8 concessa l\u2019opportunit\u00e0 di accedere ai Fondi europei, favorendo cos\u00ec la loro partecipazione agli appalti pubblici tramite il supporto di sportelli <em>ad hoc<\/em> presso i CPI.<\/li>\n<li>Al varo anche l\u2019abolizione degli studi di settore per i liberi professionisti.<\/li>\n<\/ul>\n<p>Notizia correlata: Bozza\u00a0<a href=\"http:\/\/anclsu.com\/public\/news\/copertina\/DDL-lavoro-autonomo-e-lavoro-agile.pdf\" target=\"_blank\" rel=\"noopener\"><span style=\"color: #0000ff;\">DDL\u00a0Misure per la tutela del lavoro autonomo non imprenditoriale e misure volte a favorire l\u2019articolazione flessibile nei tempi e nei luoghi del lavoro subordinato a tempo indeterminato<\/span><\/a><\/p>\n<p><strong><a href=\"http:\/\/www.governo.it\/articolo\/comunicato-stampa-del-consiglio-dei-ministri-n102\/4073\" target=\"_blank\" rel=\"noopener\"><span style=\"color: #0000ff;\">Comunicato del Consiglio dei Ministri n. 102<\/span><\/a><\/strong><\/p>\n<h2><span style=\"color: #ff0000;\">TUTELA DEL LAVORO AUTONOMO NON IMPRENDITORIALE<\/span><\/h2>\n<h3>Misure per la tutela del lavoro autonomo non imprenditoriale e misure volte a favorire l\u2019articolazione flessibile nei tempi e nei luoghi del lavoro subordinato (disegno di legge<strong>)<\/strong><\/h3>\n<p>Il Consiglio dei ministri, su proposta del Ministro del lavoro e delle politiche sociali Giuliano Poletti, ha approvato un disegno di legge recante misure per la tutela del lavoro autonomo non imprenditoriale e misure volte a favorire l\u2019articolazione flessibile nei tempi e nei luoghi del lavoro subordinato. Nello specifico il disegno di legge prevede misure di sostegno in favore del lavoro autonomo e misure per favorire l\u2019articolazione flessibile della prestazione di lavoro subordinato in relazione al tempo e al luogo di svolgimento.<\/p>\n<h2><span style=\"color: #ff0000;\"><strong>Disposizioni in materia di lavoro autonomo<\/strong><\/span><\/h2>\n<p>La prima parte del provvedimento detta disposizioni in materia di lavoro autonomo con l\u2019obiettivo di costruire per tali lavoratori, prestatori d\u2019opera materiali e intellettuali non imprenditori, un sistema di diritti e di<em>welfare<\/em> moderno capace di sostenere il loro presente e di tutelare il loro futuro.<\/p>\n<p>Le principali misure riguardano:<\/p>\n<ol>\n<li>la previsione di agevolazioni fiscali,\u00a0 consistenti nella deducibilit\u00e0:\n<ul>\n<li>nella misura del 100%, delle spese sostenute per i servizi personalizzati di certificazione delle competenze, orientamento, ricerca e sostegno all\u2019auto-imprenditorialit\u00e0 finalizzate all\u2019inserimento o reinserimento del lavoratore autonomo nel mercato del lavoro;<\/li>\n<li>nella misura del 100% delle spese per la partecipazione a convegni, congressi e corsi di aggiornamento professionale, e in misura integrale delle spese per gli oneri sostenuti per la garanzia contro il mancato pagamento delle prestazioni di lavoro autonomo fornita da forme assicurative o di solidariet\u00e0, allo scopo di favorire la stipula di tali polizze, e favorendo, allo stesso tempo, lo sviluppo del mercato assicurativo e la diffusione di tali forme assicurative, con un conseguente abbattimento dei costi per il lavoratore autonomo.<\/li>\n<\/ul>\n<\/li>\n<li>la parificazione dei lavoratori autonomi ai piccoli imprenditori ai fini dell\u2019accesso ai PON e ai POR a valere sui fondi strutturali europei;<\/li>\n<li>il riconoscimento del diritto di percepire l\u2019indennit\u00e0 di maternit\u00e0 spettante per i due mesi antecedenti la data del parto ed i tre mesi successivi, indipendentemente dalla effettiva astensione dall\u2019attivit\u00e0 lavorativa, l\u2019estensione della durata e dell\u2019arco temporale entro il quale tali lavoratori possano usufruire dei congedi parentali, prevedendo che l\u2019indennit\u00e0 per congedo parentale possa essere corrisposta per un periodo massimo di sei mesi entro i primi tre anni di vita del bambino;<\/li>\n<li>la previsione della sospensione, senza diritto al corrispettivo, del rapporto di lavoro dei lavoratori autonomi che prestano la loro attivit\u00e0 in via continuativa per il committente in caso di gravidanza, malattia e infortunio, per un periodo non superiore a 150 giorni per anno solare, e la sospensione del versamento dei contributi previdenziali e dei premi assicurativi per l\u2019intera durata della malattia e dell\u2019infortunio fino ad un massimo di 2 anni, in caso di malattia e infortunio di gravit\u00e0 tale da impedire lo svolgimento dell\u2019attivit\u00e0 lavorativa per oltre 60 giorni.<\/li>\n<li>la previsione di una specifica misura di tutela contro la malattia in base alla quale, i periodi di malattia certificata come conseguente a trattamenti terapeutici di malattie oncologiche, sono equiparati alla degenza ospedaliera<em>.<\/em><\/li>\n<\/ol>\n<h4><strong>Disposizioni in materia di lavoro agile<\/strong><\/h4>\n<p>La seconda parte del provvedimento reca diposizioni in materia di lavoro agile, che consiste, non in una <em>nuova<\/em> tipologia contrattuale, ma in una modalit\u00e0 flessibile di svolgimento del rapporto di lavoro subordinato quanto ai luoghi e ai tempi di lavoro finalizzata a regolare forme innovative di organizzazione del lavoro, agevolando cos\u00ec \u00a0la conciliazione dei tempi di vita e di lavoro.<\/p>\n<p>Il lavoro agile consiste in una prestazione di lavoro subordinato che pu\u00f2 essere eseguita in parte all\u2019interno dei locali aziendali e in parte all\u2019esterno, entro i soli limiti di durata massima dell\u2019orario di lavoro giornaliero e settimanale, derivanti dalla legge e dalla contrattazione collettiva.<\/p>\n<p>\u00c8 previsto che:<\/p>\n<ul>\n<li>il lavoratore che presta l\u2019attivit\u00e0 di lavoro subordinato in modalit\u00e0 agile ha diritto di ricevere un trattamento economico e normativo non inferiore a quello complessivamente applicato ai lavoratori che svolgono le medesime mansioni esclusivamente all\u2019interno dell\u2019azienda;<\/li>\n<li>gli incentivi di carattere fiscale e contributivo eventualmente riconosciuti in relazione agli incrementi di produttivit\u00e0 ed efficienza del lavoro subordinato, siano applicati anche quando l\u2019attivit\u00e0 lavorativa sia prestata in modalit\u00e0 di lavoro agile;<\/li>\n<li>il datore di lavoro garantisce al lavoratore che svolge la prestazione in modalit\u00e0 di lavoro agile il rispetto delle norme in materia di salute e sicurezza.<\/li>\n<\/ul>","protected":false},"excerpt":{"rendered":"<p>\u00c8 la componente pi\u00f9 robusta della legge di Stabilit\u00e0: disegno di legge sul lavoro autonomo, che a seguito del Consiglio dei Ministri previsto per oggi, salvo intralci, potrebbe mostrarsi ai 5,4 milioni di interessati investendo l\u2019eclissato mondo del lavoro autonomo. Di mondo offuscato, infatti, si tratta quando ci si riferisce alle tutele previste per i &hellip;<\/p>","protected":false},"author":4,"featured_media":21196,"comment_status":"closed","ping_status":"closed","sticky":false,"template":"","format":"standard","meta":{"footnotes":""},"categories":[16],"tags":[21,44],"class_list":["post-24142","post","type-post","status-publish","format-standard","has-post-thumbnail","hentry","category-primo-piano","tag-informatori-scientifici","tag-sindacati"],"amp_enabled":true,"_links":{"self":[{"href":"https:\/\/www.fedaiisf.it\/en\/wp-json\/wp\/v2\/posts\/24142","targetHints":{"allow":["GET"]}}],"collection":[{"href":"https:\/\/www.fedaiisf.it\/en\/wp-json\/wp\/v2\/posts"}],"about":[{"href":"https:\/\/www.fedaiisf.it\/en\/wp-json\/wp\/v2\/types\/post"}],"author":[{"embeddable":true,"href":"https:\/\/www.fedaiisf.it\/en\/wp-json\/wp\/v2\/users\/4"}],"replies":[{"embeddable":true,"href":"https:\/\/www.fedaiisf.it\/en\/wp-json\/wp\/v2\/comments?post=24142"}],"version-history":[{"count":0,"href":"https:\/\/www.fedaiisf.it\/en\/wp-json\/wp\/v2\/posts\/24142\/revisions"}],"wp:featuredmedia":[{"embeddable":true,"href":"https:\/\/www.fedaiisf.it\/en\/wp-json\/wp\/v2\/media\/21196"}],"wp:attachment":[{"href":"https:\/\/www.fedaiisf.it\/en\/wp-json\/wp\/v2\/media?parent=24142"}],"wp:term":[{"taxonomy":"category","embeddable":true,"href":"https:\/\/www.fedaiisf.it\/en\/wp-json\/wp\/v2\/categories?post=24142"},{"taxonomy":"post_tag","embeddable":true,"href":"https:\/\/www.fedaiisf.it\/en\/wp-json\/wp\/v2\/tags?post=24142"}],"curies":[{"name":"wp","href":"https:\/\/api.w.org\/{rel}","templated":true}]}}