{"id":24328,"date":"2016-02-08T11:17:40","date_gmt":"2016-02-08T10:17:40","guid":{"rendered":"http:\/\/www.fedaiisf.it\/?p=24328"},"modified":"2016-02-08T11:17:40","modified_gmt":"2016-02-08T10:17:40","slug":"storie-di-isf-chiara-e-arianna-lamore-ha-regalato-loro-livia","status":"publish","type":"post","link":"https:\/\/www.fedaiisf.it\/en\/storie-di-isf-chiara-e-arianna-lamore-ha-regalato-loro-livia\/","title":{"rendered":"Storie di ISF. Chiara e Arianna, l\u2019amore ha regalato loro Livia"},"content":{"rendered":"<p><em>Una pediatra dell\u2019ospedale Versilia e un\u2019informatrice farmaceutica residenti a Vecchiano hanno coronato il sogno grazie alla procreazione assistita.\u00a0La storia di Chiara e Arianna, famiglia arcobaleno, approda in televisione<\/em><\/p>\n<p><a href=\"http:\/\/iltirreno.gelocal.it\/pisa\/cronaca\/2016\/01\/31\/news\/lottiamo-per-i-diritti-dei-bambini-1.12875034\" target=\"_blank\" rel=\"noopener\"><span style=\"color: #0000ff;\">31 gennaio 2016 &#8211; IL TIRRENO PISA Cronaca<\/span><\/a><\/p>\n<p><img loading=\"lazy\" decoding=\"async\" class=\"alignleft\" src=\"http:\/\/iltirreno.gelocal.it\/polopoly_fs\/1.12916926.1454894434!\/httpImage\/image.jpg_gen\/derivatives\/detail_558\/image.jpg\" alt=\"\" width=\"376\" height=\"343\" \/><\/p>\n<p>PISA. Non \u00e8 una famiglia \u201ctradizionale\u201d, ma semplicemente una famiglia. Formata da due madri e una bambina. Chiara Centenari, 37enne pediatra originaria di Follonica ma pisana di adozione, e Arianna Raneri,<i>(in the picture) <\/i>35enne informatrice farmaceutica di San Giuliano Terme, si sono conosciute per caso tre anni fa durante una cena.<\/p>\n<p>Un colpo di fulmine le ha legate per la vita. E a rinsaldare ancora di pi\u00f9 il loro amore, sei mesi fa \u00e8 arrivata Livia, frutto di un percorso di genitorialit\u00e0 intrapreso circa un anno e mezzo fa.<\/p>\n<p>\u00abAbbiamo condiviso questo percorso e abbiamo deciso di dare vita a un figlio facendo ricorso alla procreazione assistita. Per farlo siamo andate in Spagna, dove \u00e8 possibile fare ci\u00f2 che in Italia \u00e8 diventato impossibile\u00bb, dice Chiara, madre biologica e unico genitore della bambina \u201criconosciuto\u201d dalla legge attuale. Per questo lo scorso 23 gennaio sono scese in piazza, a Livorno.<\/p>\n<p>\u00abVogliamo lottare per i diritti dei bambini e delle persone, anche al fianco delle famiglie tradizionali. Non diciamo di essere migliori o peggiori delle cosiddette famiglie tradizionali, dalle quali proveniamo, ma vogliamo essere uguali a loro e avere gli stessi diritti\u00bb. Ieri, invece, da Roma \u00e8 partito un messaggio completamente diverso.<\/p>\n<p>\u00abCi fa rabbia vedere una parte di italiani che scende in piazza per cercare di impedire l\u2019estensione a tutti degli stessi diritti. Vediamo in questa manifestazione (il Family <img decoding=\"async\" class=\"alignright\" src=\"http:\/\/www.pisainformaflash.it\/media\/img\/preview\/200\/71116_chiarariannalivia.jpg\" alt=\"\" \/>Day, ndr) una mancanza di rispetto\u00a0nei nostri confronti\u00bb.<\/p>\n<p>La loro storia sar\u00e0 raccontata dal programma \u201cDi fatto, famiglie\u201d, che andr\u00e0 in onda questa sera (a partire dalle 21) su Real Time. \u00abRacconteremo la storia di una famiglia felice e ben integrata nella realt\u00e0 che ci circonda\u00bb, conclude Chiara. <i>(d.r.)<\/i><\/p>","protected":false},"excerpt":{"rendered":"<p>Una pediatra dell\u2019ospedale Versilia e un\u2019informatrice farmaceutica residenti a Vecchiano hanno coronato il sogno grazie alla procreazione assistita.\u00a0La storia di Chiara e Arianna, famiglia arcobaleno, approda in televisione 31 gennaio 2016 &#8211; IL TIRRENO PISA Cronaca PISA. Non \u00e8 una famiglia \u201ctradizionale\u201d, ma semplicemente una famiglia. Formata da due madri e una bambina. Chiara Centenari, &hellip;<\/p>","protected":false},"author":4,"featured_media":24331,"comment_status":"closed","ping_status":"closed","sticky":false,"template":"","format":"standard","meta":{"footnotes":""},"categories":[1],"tags":[23],"class_list":["post-24328","post","type-post","status-publish","format-standard","has-post-thumbnail","hentry","category-notizie","tag-informatore"],"amp_enabled":true,"_links":{"self":[{"href":"https:\/\/www.fedaiisf.it\/en\/wp-json\/wp\/v2\/posts\/24328","targetHints":{"allow":["GET"]}}],"collection":[{"href":"https:\/\/www.fedaiisf.it\/en\/wp-json\/wp\/v2\/posts"}],"about":[{"href":"https:\/\/www.fedaiisf.it\/en\/wp-json\/wp\/v2\/types\/post"}],"author":[{"embeddable":true,"href":"https:\/\/www.fedaiisf.it\/en\/wp-json\/wp\/v2\/users\/4"}],"replies":[{"embeddable":true,"href":"https:\/\/www.fedaiisf.it\/en\/wp-json\/wp\/v2\/comments?post=24328"}],"version-history":[{"count":0,"href":"https:\/\/www.fedaiisf.it\/en\/wp-json\/wp\/v2\/posts\/24328\/revisions"}],"wp:featuredmedia":[{"embeddable":true,"href":"https:\/\/www.fedaiisf.it\/en\/wp-json\/wp\/v2\/media\/24331"}],"wp:attachment":[{"href":"https:\/\/www.fedaiisf.it\/en\/wp-json\/wp\/v2\/media?parent=24328"}],"wp:term":[{"taxonomy":"category","embeddable":true,"href":"https:\/\/www.fedaiisf.it\/en\/wp-json\/wp\/v2\/categories?post=24328"},{"taxonomy":"post_tag","embeddable":true,"href":"https:\/\/www.fedaiisf.it\/en\/wp-json\/wp\/v2\/tags?post=24328"}],"curies":[{"name":"wp","href":"https:\/\/api.w.org\/{rel}","templated":true}]}}