{"id":24539,"date":"2016-02-18T19:28:40","date_gmt":"2016-02-18T18:28:40","guid":{"rendered":"http:\/\/www.fedaiisf.it\/?p=24539"},"modified":"2016-02-18T20:23:37","modified_gmt":"2016-02-18T19:23:37","slug":"milillo-apprezziamo-aperture-lorenzin-ma-ora-il-governo-passi-dalle-parole-ai-fatti-snami-fumata-nera-con-qualche-nota-di-grigio","status":"publish","type":"post","link":"https:\/\/www.fedaiisf.it\/en\/milillo-apprezziamo-aperture-lorenzin-ma-ora-il-governo-passi-dalle-parole-ai-fatti-snami-fumata-nera-con-qualche-nota-di-grigio\/","title":{"rendered":"Milillo: &quot;We appreciate Lorenzin&#039;s openings but now the government is moving from words to deeds&quot;. SNAMI: black smoke with some gray notes"},"content":{"rendered":"<p><img loading=\"lazy\" decoding=\"async\" class=\"alignleft\" src=\"http:\/\/i.ytimg.com\/vi\/GH9vw1j20YY\/maxresdefault.jpg\" alt=\"\" width=\"366\" height=\"206\" \/>\u201cApprezziamo le aperture del Ministro Lorenzin ma spetta ora al Governo passare dalle parole ai fatti, altrimenti i medici non potranno che confermare le due giornate di sciopero fissate per il 17 e il 18 marzo\u201d. Il Segretario nazionale della Fimmg, <strong>Giacomo Milillo<\/strong>, conferma l\u2019adesione dei medici di famiglia alla protesta al termine dell\u2019incontro con il Ministro Beatrice Lorenzin.<\/p>\n<p>\u201cDiamo atto alla Titolare della salute di essersi fatta carico di trasmettere al Governo le nostre istanze, ma per ora siamo allo stadio delle\u00a0 parole, che da sole non bastano certo a invertire una tendenza che vede sempre pi\u00f9 la professione medica ostaggio dei tecnocrati e dei poteri forti delle Universit\u00e0\u201d. \u201cAbbiamo apprezzato \u2013afferma\u00a0Milillo- le aperture del Ministro sul decreto-bavaglio alla libert\u00e0 prescrittiva dei medici, ma non possiamo di certo ritenerci soddisfatti del rinvio a un ennesimo tavolo con le Regioni del punto nodale delle sanzioni a carico dei medici che, prescrivendo secondo i criteri di appropriatezza della propria pratica professionale, non si allineano ai vincoli prescrittivi del decreto\u201d.<\/p>\n<p>\u201cCos\u00ec come \u00e8 tutta da verificare con l\u2019Economia la disponibilit\u00e0 di quel miliardo e mezzo in\u00a0pi\u00f9 per il Fondo sanitario nazionale del 2017. Risorse \u2013aggiunge il segretario nazionale della Fimmg- che dovrebbero in larga misura essere vincolate al rinnovo di contratti e convenzioni scaduti oramai da oltre sei anni.\u201d \u201cAnche il Patto per la salute aveva promesso oltre tre miliardi in pi\u00f9 per la sanit\u00e0, dei quali si \u00e8 poi persa quasi del tutto traccia nella legge di Stabilit\u00e0. Se questa volta si fa sul serio \u2013conclude Milillo- il Governo trasformi in atti concreti quel che ad oggi sono solo parole\u201d.<\/p>\n<p><a href=\"http:\/\/www.fimmg.org\/index.php?action=pages&amp;m=view&amp;p=43&amp;art=1732\" target=\"_blank\" rel=\"noopener\"><span style=\"color: #0000ff;\">Comunicato Stampa FIMMG &#8211;\u00a0<span class=\"label label_news_dataPub\">Publication date : <\/span><span class=\"news_dataPub\">18\/02\/2016<\/span><\/span><\/a><\/p>\n<h1 class=\"art-postheader\"><span style=\"color: #ff0000;\">INCONTRO LORENZIN SINDACATI:FUMATA NERA CON QUALCHE NOTA DI GRIGIO<\/span><\/h1>\n<p><img loading=\"lazy\" decoding=\"async\" class=\"alignright\" src=\"http:\/\/activenet-wp-snami.s3-eu-west-1.amazonaws.com\/wp-content\/uploads\/20131201120731\/BRECCIA4.jpg\" alt=\"\" width=\"245\" height=\"265\" \/>Roma 18 febbraio 2016- Dopo che la settimana scorsa c\u2019era stato un incontro tra il ministro e la FnomCeo con il \u00abtentativo\u00bb, peraltro fallito, di far intervenire solo tre sindacati ed i medici, compatti, non erano caduti nel \u00abdivide et impera\u00bb di liceale memoria, si \u00e8 svolto oggi nella capitale l\u2019incontro tra il ministro della Salute Beatrice Lorenzin e i sindacati di categoria.<\/p>\n<p>Per lo Snami \u00e8 intervenuto il segretario nazionale, <strong>Gianfranco Breccia<\/strong>: &#8220;Ho chiesto come sindacato l\u2019abrogazione del decreto \u00abtaglia esami\u00bb o in subordine la sospensione, ma la risposta \u00e8 stata negativa. Il ministro, ed \u00e8 questa la \u00abtenue nota grigia nella fumata nera&#8221;, ha convocato da marzo prossimo un tavolo,a cadenza mensile, perch\u00e9 si possano approfondire anche altri aspetti problematici della categoria. Per adesso non ci saranno sanzioni anche se, ed \u00e8 stato da me rimarcato, per lo SNAMI il problema importante \u00e8 il decreto stesso che continuer\u00e0 a far danno a medici e pazienti.<\/p>\n<p>Questo \u00abdecreto appropriatezza\u00bb \u00e9 nato male\u00bb continua Domenico Salvago, vicepresidente nazionale dello Snami\u00a0ed \u00e8 per questo che il nostro sindacato ne chiede,senza se e senza ma, l\u2019abrogazione. &#8220;Leggo che la dott.ssa <strong>Chersevani<\/strong>, presidente della FnomCeo, in riferimento all\u2019incontro dell\u2019altra settimana, plaude alla grande disponibilit\u00e0 della parte pubblica ad individuare le criticit\u00e0 della norma per poter consentire protezione ai pazienti e il recupero della serenit\u00e0 del medico nell\u2019esecuzione del suo lavoro&#8221;.<\/p>\n<p><img decoding=\"async\" class=\"alignleft\" src=\"http:\/\/www.quotidianosanita.it\/img_prima\/front7624798.jpg\" alt=\"\" \/>Bene avrebbe fatto a ribadire\u00a0pubblicamente che \u00abnon si devono prendere a schiaffi i Medici\u00bb e non si deve gioire poi perch\u00e9 si \u00e8 disponibili, a parole, a rimodulare il gesto. Come nostra rappresentante avrebbe dovuto smentire il Ministro, che oggi utilizza una differente comunicazione, che ha ribadito in interviste e partecipazioni televisive:i medici prescrivono \u00ablenzuolate\u00bb di esami senza necessit\u00e0, mettono paura ai pazienti e che se un medico lo motiva pu\u00f2 prescrivere ci\u00f2 che serve ai propri malati.<\/p>\n<p>Siccome il decreto che \u00e8 attualmente in vigore recita ben altro, la Chersevani, a nome di tutti i Medici Italiani iscritti all\u2019albo, e a tutela della nostra dignit\u00e0, bene avrebbe fatto a sostenere pubblicamente che ci\u00f2 che il Ministro aveva ripetutamente \u00abesternato\u00bb ai quattro venti, era fuori luogo e non corrispondeva assolutamente alla realt\u00e0.<\/p>\n<p><a href=\"http:\/\/activenet-wp-snami.s3-eu-west-1.amazonaws.com\/wp-content\/uploads\/20160218151430\/18-febbraio-2016-COMUNICATO-STAMPA-NAZIONALE.pdf\" target=\"_blank\" rel=\"noopener\"><span style=\"color: #0000ff;\">Comunicato stampa SNAMI &#8211; 18\/02\/2016<\/span><\/a><\/p>\n<p>Notizie correlate: FNOMCeO.\u00a0<a href=\"https:\/\/portale.fnomceo.it\/fnomceo\/showArticolo.2puntOT?id=143161\" target=\"_blank\" rel=\"noopener\"><span style=\"color: #0000ff;\">D.M. Appropriatezza: Chersevani scrive ai Presidenti<\/span><\/a><\/p>\n<p><a href=\"http:\/\/www.quotidianosanita.it\/allegati\/allegato4493182.pdf\" target=\"_blank\" rel=\"noopener\"><span style=\"color: #0000ff;\">Sciopero del 17 e 18 marzo. Manifesto per la buona sanit\u00e0<\/span><\/a><\/p>\n<p><a href=\"http:\/\/www.fimmg.org\/index.php?action=pages&amp;m=view&amp;p=18&amp;art=1731\" target=\"_blank\" rel=\"noopener\"><span style=\"color: #0000ff;\">Milillo: oltre un milione di italiani senza medico di famiglia<\/span><\/a><\/p>\n<p>&nbsp;<\/p>","protected":false},"excerpt":{"rendered":"<p>\u201cApprezziamo le aperture del Ministro Lorenzin ma spetta ora al Governo passare dalle parole ai fatti, altrimenti i medici non potranno che confermare le due giornate di sciopero fissate per il 17 e il 18 marzo\u201d. Il Segretario nazionale della Fimmg, Giacomo Milillo, conferma l\u2019adesione dei medici di famiglia alla protesta al termine dell\u2019incontro con &hellip;<\/p>","protected":false},"author":4,"featured_media":19491,"comment_status":"closed","ping_status":"closed","sticky":false,"template":"","format":"standard","meta":{"footnotes":""},"categories":[1],"tags":[41,28],"class_list":["post-24539","post","type-post","status-publish","format-standard","has-post-thumbnail","hentry","category-notizie","tag-leggisentenze","tag-lorenzin"],"amp_enabled":true,"_links":{"self":[{"href":"https:\/\/www.fedaiisf.it\/en\/wp-json\/wp\/v2\/posts\/24539","targetHints":{"allow":["GET"]}}],"collection":[{"href":"https:\/\/www.fedaiisf.it\/en\/wp-json\/wp\/v2\/posts"}],"about":[{"href":"https:\/\/www.fedaiisf.it\/en\/wp-json\/wp\/v2\/types\/post"}],"author":[{"embeddable":true,"href":"https:\/\/www.fedaiisf.it\/en\/wp-json\/wp\/v2\/users\/4"}],"replies":[{"embeddable":true,"href":"https:\/\/www.fedaiisf.it\/en\/wp-json\/wp\/v2\/comments?post=24539"}],"version-history":[{"count":0,"href":"https:\/\/www.fedaiisf.it\/en\/wp-json\/wp\/v2\/posts\/24539\/revisions"}],"wp:featuredmedia":[{"embeddable":true,"href":"https:\/\/www.fedaiisf.it\/en\/wp-json\/wp\/v2\/media\/19491"}],"wp:attachment":[{"href":"https:\/\/www.fedaiisf.it\/en\/wp-json\/wp\/v2\/media?parent=24539"}],"wp:term":[{"taxonomy":"category","embeddable":true,"href":"https:\/\/www.fedaiisf.it\/en\/wp-json\/wp\/v2\/categories?post=24539"},{"taxonomy":"post_tag","embeddable":true,"href":"https:\/\/www.fedaiisf.it\/en\/wp-json\/wp\/v2\/tags?post=24539"}],"curies":[{"name":"wp","href":"https:\/\/api.w.org\/{rel}","templated":true}]}}