{"id":24689,"date":"2016-02-25T08:43:51","date_gmt":"2016-02-25T07:43:51","guid":{"rendered":"http:\/\/www.fedaiisf.it\/?p=24689"},"modified":"2016-02-26T09:02:58","modified_gmt":"2016-02-26T08:02:58","slug":"spending-review-flop-del-decreto-contro-gli-esami-non-necessari-il-ministro-lorenzin-studia-modifiche","status":"publish","type":"post","link":"https:\/\/www.fedaiisf.it\/en\/spending-review-flop-del-decreto-contro-gli-esami-non-necessari-il-ministro-lorenzin-studia-modifiche\/","title":{"rendered":"Spending review, flop of the decree against &quot;unnecessary&quot; exams. Minister Lorenzin is studying changes"},"content":{"rendered":"<p><em>Il provvedimento sull&#8217;appropriatezza delle prestazioni sanitarie doveva garantire, sulla carta, risparmi per 106 milioni l\u2019anno sulle visite specialistiche e altri 89 sulla riabilitazione. Ma il software dei medici non \u00e8 stato aggiornato e chi prescrive gli accertamenti non ha gli strumenti per condividere i dati con Asl e ministero. Tribunale diritti malato: &#8220;Sospenderlo&#8221;<\/em><\/p>\n<p>Of <a href=\"http:\/\/www.ilfattoquotidiano.it\/blog\/collaboratoregenerico\/ptype\/articoli\/\" target=\"_blank\" rel=\"author noopener\">FQ<\/a> | <a href=\"http:\/\/www.ilfattoquotidiano.it\/2016\/02\/25\/spending-review-flop-del-decreto-contro-gli-esami-non-necessari-il-ministro-lorenzin-studia-modifiche\/2490097\/\" target=\"_blank\" rel=\"noopener\"><span style=\"color: #0000ff;\">25 febbraio 2016 | Il Fatto Quotidiano<\/span><\/a><\/p>\n<p><img loading=\"lazy\" decoding=\"async\" class=\"alignleft\" src=\"http:\/\/st.ilfattoquotidiano.it\/wp-content\/uploads\/2015\/11\/sanit%C3%A0-675.jpg\" alt=\"Spending review, flop del decreto contro gli esami \u201cnon necessari\u201d. Il ministro Lorenzin studia modifiche\" width=\"535\" height=\"218\" \/>Mentre il premier<strong> Matthew Renzi<\/strong> rivendica \u201c25 miliardi di tagli\u201d, la <strong>spending reviews<\/strong> on the <strong>healthcare<\/strong> sta perdendo pezzi. A un mese dall\u2019entrata in vigore il <a href=\"http:\/\/www.ilfattoquotidiano.it\/2015\/09\/22\/sanita-ministero-tagliare-205-esami-se-non-necessarii-da-test-allergici-risonanze-e-tac\/2059505\/\" target=\"_blank\" rel=\"noopener\">discusso decreto sui<strong> tagli alle prestazioni<\/strong>\u201cinutili\u201d, che stringe le maglie sull\u2019erogabilit\u00e0 <\/a>a carico del <strong>National Health Service\u00a0<\/strong>Of\u00a0<strong>205<\/strong>\u00a0tra visite e accertamenti \u201ca elevato rischio di <strong>inappropriatezza<\/strong>\u201c, si \u00e8 infatti rivelato un flop. E ora, secondo anticipazioni de <em>Il Sole 24 Ore,\u00a0<\/em>the Minister of Health\u00a0<strong>Beatrice Lorenzin<\/strong> \u00e8 gi\u00e0 pronta a rivedere la norma. Che sta provocando il caos negli <strong>ambulatori<\/strong> e negli <strong>hospitals<\/strong>, disorienta i cittadini ed \u00e8 in gran parte inapplicabile perch\u00e9 il software dei medici non \u00e8 stato aggiornato e chi prescrive gli accertamenti non ha gli strumenti per\u00a0condividere in tempo reale i dati con Asl e ministero.<\/p>\n<p>Cos\u00ec quelle norme draconiane, con tanto di <strong>multe<\/strong> per il dottore che \u201cabusa\u201d delle prescrizioni e obbligo per il malato di <strong>pagare di tasca propria<\/strong> l\u2019esame ritenuto superfluo, restano in parte sulla carta, con buona pace della\u00a0relazione tecnica che prefigurava\u00a0<strong>risparmi<\/strong>\u00a0equal to <strong>106 milioni\u00a0l\u2019anno<\/strong> sulle prestazioni specialistiche\u00a0e altri 89 sulla <strong>riabilitazione<\/strong>. Quando invece i nuovi paletti vengono applicati, si verificano casi limite per cui, per esempio, il paziente che fa un <strong>esame<\/strong> di laboratorio in un centro accreditato\u00a0paga di tasca sua e non pu\u00f2 nemmeno\u00a0chiedere il rimborso perch\u00e9 il medico che prescrive l\u2019accertamento non ha modo di inserire nella ricetta le necessarie note.<\/p>\n<p><img loading=\"lazy\" decoding=\"async\" class=\"alignright\" src=\"http:\/\/www.videoandria.com\/wordpress\/wp-content\/uploads\/2010\/12\/cittadinanzaattiva-tribunale-per-i-diritti-del-malato.jpg\" alt=\"\" width=\"362\" height=\"174\" \/>Risultato: un boom di segnalazioni e richieste di aiuto al\u00a0<strong>Tribunale per i diritti del malato<\/strong>, che a met\u00e0 febbraio ha\u00a0annunciato la nascita del\u00a0servizio di tutela <strong>\u201cSOS appropriatezza\u201d<\/strong>, in collaborazione con<strong>\u00a0Active citizenship<\/strong>, e ha chiesto al ministro e al Parlamento di <strong>sospendere<\/strong> il decreto. \u201cI\u00a0cittadini stanno pagando sulla loro pelle e sulle loro tasche l\u2019effetto \u201crazionamento\u201d del Decreto\u201d, ha denunciato il coordinatore\u00a0<strong>Tonino Aceti<\/strong>. \u201cL\u2019ultimo caso viene da Campobasso, dove una giovane donna si \u00e8 vista rifiutare illegittimamente la prescrizione di una <strong>mammography<\/strong> di controllo su ricetta rossa, mentre invece l\u2019ha ricevuta su ricetta bianca con indicazione di rivolgersi al privato\u201d, ha concluso Aceti.<\/p>\n<p>Cos\u00ec,\u00a0stando al quotidiano della Confindustria, stretta tra le\u00a0pressioni dei sindacati dei medici e le lamentele delle\u00a0associazioni dei cittadini la Lorenzin \u00e8 pronta a metterci una pezza. Il veicolo potrebbe essere il\u00a0decreto sui nuovi <strong>Livelli essenziali di assistenza<\/strong>, atteso entro fine mese. In arrivo anche una circolare applicativa che il ministero sta mettendo a punto insieme alla\u00a0<strong>Federazione nazionale degli ordini dei medici chirurghi e degli odontoiatri <\/strong>(Fnomceo) e a <strong>Sergio Venturi<\/strong>, assessore alla Sanit\u00e0 dell\u2019Emilia Romagna che guida la commissione Salute delle Regioni.<\/p>","protected":false},"excerpt":{"rendered":"<p>Il provvedimento sull&#8217;appropriatezza delle prestazioni sanitarie doveva garantire, sulla carta, risparmi per 106 milioni l\u2019anno sulle visite specialistiche e altri 89 sulla riabilitazione. Ma il software dei medici non \u00e8 stato aggiornato e chi prescrive gli accertamenti non ha gli strumenti per condividere i dati con Asl e ministero. Tribunale diritti malato: &#8220;Sospenderlo&#8221; di F. &hellip;<\/p>","protected":false},"author":4,"featured_media":4692,"comment_status":"closed","ping_status":"closed","sticky":false,"template":"","format":"standard","meta":{"footnotes":""},"categories":[1],"tags":[41,28],"class_list":["post-24689","post","type-post","status-publish","format-standard","has-post-thumbnail","hentry","category-notizie","tag-leggisentenze","tag-lorenzin"],"amp_enabled":true,"_links":{"self":[{"href":"https:\/\/www.fedaiisf.it\/en\/wp-json\/wp\/v2\/posts\/24689","targetHints":{"allow":["GET"]}}],"collection":[{"href":"https:\/\/www.fedaiisf.it\/en\/wp-json\/wp\/v2\/posts"}],"about":[{"href":"https:\/\/www.fedaiisf.it\/en\/wp-json\/wp\/v2\/types\/post"}],"author":[{"embeddable":true,"href":"https:\/\/www.fedaiisf.it\/en\/wp-json\/wp\/v2\/users\/4"}],"replies":[{"embeddable":true,"href":"https:\/\/www.fedaiisf.it\/en\/wp-json\/wp\/v2\/comments?post=24689"}],"version-history":[{"count":0,"href":"https:\/\/www.fedaiisf.it\/en\/wp-json\/wp\/v2\/posts\/24689\/revisions"}],"wp:featuredmedia":[{"embeddable":true,"href":"https:\/\/www.fedaiisf.it\/en\/wp-json\/wp\/v2\/media\/4692"}],"wp:attachment":[{"href":"https:\/\/www.fedaiisf.it\/en\/wp-json\/wp\/v2\/media?parent=24689"}],"wp:term":[{"taxonomy":"category","embeddable":true,"href":"https:\/\/www.fedaiisf.it\/en\/wp-json\/wp\/v2\/categories?post=24689"},{"taxonomy":"post_tag","embeddable":true,"href":"https:\/\/www.fedaiisf.it\/en\/wp-json\/wp\/v2\/tags?post=24689"}],"curies":[{"name":"wp","href":"https:\/\/api.w.org\/{rel}","templated":true}]}}