{"id":24814,"date":"2016-03-05T11:43:09","date_gmt":"2016-03-05T10:43:09","guid":{"rendered":"http:\/\/www.fedaiisf.it\/?p=24814"},"modified":"2016-03-08T17:48:50","modified_gmt":"2016-03-08T16:48:50","slug":"dagli-anti-parkinson-ai-farmaci-per-il-cuore-introvabili-1-200-medicine","status":"publish","type":"post","link":"https:\/\/www.fedaiisf.it\/en\/dagli-anti-parkinson-ai-farmaci-per-il-cuore-introvabili-1-200-medicine\/","title":{"rendered":"From anti-Parkinsons to heart drugs, 1,200 medicines are unobtainable"},"content":{"rendered":"<p><img decoding=\"async\" class=\"alignleft\" src=\"http:\/\/www.adnkronos.com\/rf\/image_size_400x300\/Pub\/AdnKronos\/Assets\/Immagini\/Redazionale\/F\/farmaci_generici_Fg.jpg\" alt=\"Dagli anti-Parkinson ai farmaci per il cuore, introvabili 1.200 medicine \/Infografica\" \/>Dagli antivirali agli anti-Parkinson, dai farmaci per il cuore ai radiofarmaci per la diagnostica strumentale fino al collutorio per il mal di gola: la lista delle medicine &#8216;introvabili&#8217;, per cui ci sono carenze a livello nazionale o locale, \u00e8 lunga <a href=\"http:\/\/www.adnkronos.com\/r\/Pub\/AdnKronos\/Assets\/PDF\/elenco_medicinali_carenti_29022016.pdf\" target=\"_blank\" rel=\"noopener\">97 pagine, con oltre 1.200 confezioni (LEGGI)<\/a>. La buona notizia per i pazienti in cura \u00e8 che, per lo pi\u00f9, si tratta di carenze temporanee. &#8220;All&#8217;origine possono esserci problemi commerciali o di produzione, ma anche la sospensione o lo stop della commercializzazione&#8221;. O, in alcuni casi, non inclusi nella lista, &#8220;distorsioni come l&#8217;esportazione parallela e accaparramenti per usi illeciti, come capit\u00f2 qualche tempo fa per l&#8217;ormone della crescita.Solo per meno del 5% delle medicine in elenco non ci sono alternative disponibili&#8221;. A fare il punto \u00e8 Domenico Di Giorgio, direttore dell&#8217;Ufficio qualit\u00e0 dei prodotti e contraffazione dell&#8217;Agenzia italiana del farmaco (Aifa).<\/p>\n<p>Cosa fare, allora, se all&#8217;improvviso il medicinale che ci occorre non si trova nelle farmacie di zona? &#8220;E&#8217; importante fare una segnalazione ai Servizi farmaceutici regionali. Noi abbiamo messo a punto l&#8217;elenco delle carenze, aggiornato ogni due settimane, per dare riscontri tempestivi ai cittadini, segnalare la natura del problema e i tempi previsti per una eventuale soluzione. Nel frattempo ci si attiva per cercare di limitare il disagio, ma &#8211; sottolinea Di Giorgio all&#8217;AdnKronos Salute &#8211; non si pu\u00f2 imporre alle aziende di continuare una produzione&#8221; se hanno deciso di interromperla. &#8220;Su questo tipo di problema &#8211; evidenzia l&#8217;esperto &#8211; c&#8217;\u00e8 molta attenzione in Italia, e negli anni sono stati messi in campo interventi non standard&#8221;, cose che negli altri Paesi non si fanno ancora.<\/p>\n<p>&#8220;Ad esempio, si autorizza una importazione eccezionale o un approvvigionamento alternativo, oppure &#8211; dice l&#8217;esperto &#8211; se alcuni medicinali sono ritenuti &#8216;critici&#8217;, ma non sono pi\u00f9 di interesse per l&#8217;azienda che decide di interromperne la produzione, come \u00e8 accaduto per la tiopronina, si \u00e8 attivato il Farmaceutico militare di Firenze&#8221;, struttura che produce anche diversi farmaci orfani. Non solo, l&#8217;Aifa lavora anche &#8220;con Nas e ministero della Salute per capire se ci sono distorsioni sul mercato e se i medicinali &#8216;introvabili&#8217; sono tali per fenomeni come l&#8217;esportazione parallela o accaparramenti per usi illeciti. Aspetti fondamentali, perch\u00e9 aumentare la produzione di un <img loading=\"lazy\" decoding=\"async\" class=\"alignright\" src=\"http:\/\/www.aboutpharma.com\/wp-content\/uploads\/2014\/11\/l_1228_farmaci-mancanti-2012-300x185.png\" alt=\"\" width=\"379\" height=\"240\" \/>farmaco che poi viene fatto &#8216;sparire'&#8221; e finisce in canali non ufficiali &#8220;\u00e8 inutile: in questi casi occorrono soluzioni differenti&#8221;.<\/p>\n<p>E se in alcuni casi la criminalit\u00e0 pu\u00f2 essere all&#8217;origine del problema, &#8220;alle volte scopriamo intoppi distributivi, che fanno diventare dei farmaci indisponibili solo in una particolare zona&#8221;. L&#8217;attenzione \u00e8 elevata, e sul sito dell&#8217;Agenzia del farmaco i cittadini possono monitorare l&#8217;andamento della situazione e gli interventi di Aifa per risolvere carenze che possono diventare &#8220;un problema di salute pubblica. Le soluzioni in campo sono diverse, c&#8217;\u00e8 molta attenzione&#8221;, conclude Di Giorgio.<\/p>\n<p>24 associazioni consumatori Ue: accesso va migliorato &#8211; Difficolt\u00e0 nell&#8217;accesso ai farmaci, l&#8217;aumento dei costi delle medicine e una grave carenza nell&#8217;approvvigionamento. E&#8217; la fotografia scattata da 24 associazioni dei consumatori a livello europeo riuniti nell&#8217;European Consumer Organisation (Beuc) che hanno lanciato un appello affinch\u00e9 i cittadini &#8220;siano in grado di ottenere i farmaci di cui necessitano al prezzo e al momento giusto&#8221;.<\/p>\n<p>Le associazioni hanno firmato una dichiarazione congiunta per denunciare come &#8220;l&#8217;accesso alle medicine non \u00e8 pi\u00f9 solo un problema dei Paesi in via di sviluppo&#8221; e chiedere &#8220;la fine dei monopoli farmaceutici, una maggior competizione con i generici e pi\u00f9 trasparenza in ricerca e sviluppo per avere tutte le informazioni su come vengono decisi i prezzi delle pillole&#8221;.<\/p>\n<p>Posted on: <a href=\"http:\/\/www.adnkronos.com\/salute\/farmaceutica\/2016\/03\/04\/dagli-anti-parkinson-radiofarmaci-introvabili-medicine-leggi_QmkOQHo0akNpb9GusauZ5I.html?refresh_ce\" target=\"_blank\" rel=\"noopener\"><span style=\"color: #0000ff;\">04\/03\/2016 &#8211; <strong>adn<\/strong>kronos<\/span><\/a><\/p>\n<p>Related news:\u00a0<a href=\"http:\/\/www.repubblica.it\/salute\/2016\/03\/04\/news\/scomparsi-134727126\/\" target=\"_blank\" rel=\"noopener\"><span style=\"color: #0000ff;\">The drugs disappeared<\/span><\/a><\/p>\n<p><a href=\"http:\/\/www.repubblica.it\/cronaca\/2016\/03\/04\/news\/silvio_garattini_dai_generici_la_soluzione_all_emergenza_dei_farmaci_introvabili_-134761041\/?rss\" target=\"_blank\" rel=\"noopener\"><span style=\"color: #0000ff;\">Silvio Garattini: &#8220;Dai generici la soluzione all&#8217;emergenza dei farmaci introvabili&#8221;<\/span><\/a><\/p>\n<p><span style=\"color: #0000ff;\"><a style=\"color: #0000ff;\" href=\"http:\/\/www.fedaiisf.it\/en\/c-come-carenza-se-tutto-il-mondo-resta-a-secco-di-medicine\/\" target=\"_blank\">C for deficiency. If the whole world runs out of medicine<\/a><\/span><\/p>\n<p class=\"entry-title\"><a href=\"http:\/\/www.rifday.it\/2016\/03\/08\/assogenerici-carenze-farmaci-gli-equivalenti-non-mancano-mai\/\" target=\"_blank\" rel=\"noopener\"><span style=\"color: #0000ff;\">AssoGenerici: \u201cCarenze di farmaci? Gli equivalenti non mancano mai\u201d<\/span><\/a><\/p>\n<p><span style=\"color: #0000ff;\"><span style=\"color: #000000;\">AIFA, Carenze recenti:<\/span>\u00a0<a style=\"color: #0000ff;\" href=\"http:\/\/www.agenziafarmaco.gov.it\/it\/content\/carenza-propycil-propiltiouracile-modalit%C3%A0-di-richiesta-dimportazione-dallestero-03032016\" target=\"_blank\" rel=\"noopener\">Carenza Propycil (propiltiouracile) &#8211; modalit\u00e0 di richiesta d&#8217;importazione dall&#8217;estero (03\/03\/2016)<\/a><\/span><\/p>\n<p class=\"views-field-title\"><span class=\"field-content\"><a href=\"http:\/\/www.agenziafarmaco.gov.it\/it\/content\/carenza-haemoctin-sdh-1000-modalit%C3%A0-di-richiesta-dimportazione-dallestero-02032016\" target=\"_blank\" rel=\"noopener\">Carenza Haemoctin SDH 1000 &#8211; modalit\u00e0 di richiesta d&#8217;importazione dall&#8217;estero (02\/03\/2016)<\/a><\/span><\/p>\n<p class=\"views-field-title\"><span class=\"field-content\"><a href=\"http:\/\/www.agenziafarmaco.gov.it\/it\/content\/rettifica-carenza-varitect-cp-modalit%C3%A0-di-richiesta-dimportazione-dallestero-01032016\" target=\"_blank\" rel=\"noopener\">Rettifica Carenza Varitect CP &#8211; modalit\u00e0 di richiesta d&#8217;importazione dall&#8217;estero (01\/03\/2016)<\/a><\/span><\/p>\n<p class=\"views-field-title\"><span class=\"field-content\"><a href=\"http:\/\/www.agenziafarmaco.gov.it\/it\/content\/carenza-varitect-cp-modalit%C3%A0-di-richiesta-dimportazione-dallestero-29022016\" target=\"_blank\" rel=\"noopener\">Carenza Varitect CP &#8211; modalit\u00e0 di richiesta d&#8217;importazione dall&#8217;estero (29\/02\/2016)<\/a><\/span><\/p>\n<p class=\"views-field-title\"><span class=\"field-content\"><a href=\"http:\/\/www.agenziafarmaco.gov.it\/it\/content\/carenza-trajenta-linagliptin-modalit%C3%A0-di-richiesta-dimportazione-dallestero-24022015\" target=\"_blank\" rel=\"noopener\">Carenza Trajenta (linagliptin) &#8211; modalit\u00e0 di richiesta d&#8217;importazione dall&#8217;estero (24\/02\/2015)<\/a><\/span><\/p>","protected":false},"excerpt":{"rendered":"<p>Dagli antivirali agli anti-Parkinson, dai farmaci per il cuore ai radiofarmaci per la diagnostica strumentale fino al collutorio per il mal di gola: la lista delle medicine &#8216;introvabili&#8217;, per cui ci sono carenze a livello nazionale o locale, \u00e8 lunga 97 pagine, con oltre 1.200 confezioni (LEGGI). La buona notizia per i pazienti in cura &hellip;<\/p>","protected":false},"author":4,"featured_media":3572,"comment_status":"closed","ping_status":"closed","sticky":false,"template":"","format":"standard","meta":{"footnotes":""},"categories":[1],"tags":[49],"class_list":["post-24814","post","type-post","status-publish","format-standard","has-post-thumbnail","hentry","category-notizie","tag-aifa"],"amp_enabled":true,"_links":{"self":[{"href":"https:\/\/www.fedaiisf.it\/en\/wp-json\/wp\/v2\/posts\/24814","targetHints":{"allow":["GET"]}}],"collection":[{"href":"https:\/\/www.fedaiisf.it\/en\/wp-json\/wp\/v2\/posts"}],"about":[{"href":"https:\/\/www.fedaiisf.it\/en\/wp-json\/wp\/v2\/types\/post"}],"author":[{"embeddable":true,"href":"https:\/\/www.fedaiisf.it\/en\/wp-json\/wp\/v2\/users\/4"}],"replies":[{"embeddable":true,"href":"https:\/\/www.fedaiisf.it\/en\/wp-json\/wp\/v2\/comments?post=24814"}],"version-history":[{"count":0,"href":"https:\/\/www.fedaiisf.it\/en\/wp-json\/wp\/v2\/posts\/24814\/revisions"}],"wp:featuredmedia":[{"embeddable":true,"href":"https:\/\/www.fedaiisf.it\/en\/wp-json\/wp\/v2\/media\/3572"}],"wp:attachment":[{"href":"https:\/\/www.fedaiisf.it\/en\/wp-json\/wp\/v2\/media?parent=24814"}],"wp:term":[{"taxonomy":"category","embeddable":true,"href":"https:\/\/www.fedaiisf.it\/en\/wp-json\/wp\/v2\/categories?post=24814"},{"taxonomy":"post_tag","embeddable":true,"href":"https:\/\/www.fedaiisf.it\/en\/wp-json\/wp\/v2\/tags?post=24814"}],"curies":[{"name":"wp","href":"https:\/\/api.w.org\/{rel}","templated":true}]}}