{"id":24992,"date":"2016-03-14T19:23:14","date_gmt":"2016-03-14T18:23:14","guid":{"rendered":"http:\/\/www.fedaiisf.it\/?p=24992"},"modified":"2016-03-14T19:23:14","modified_gmt":"2016-03-14T18:23:14","slug":"appropriatezza-snami-subito-abrogazione-o-modifica","status":"publish","type":"post","link":"https:\/\/www.fedaiisf.it\/en\/appropriatezza-snami-subito-abrogazione-o-modifica\/","title":{"rendered":"Appropriateness. SNAMI: Immediately repealed or modified"},"content":{"rendered":"<p><em>Posizione ufficiale dello SNAMI sul decreto Lorenzin \u201cTaglia Esami\u201d<\/em><\/p>\n<p><img loading=\"lazy\" decoding=\"async\" class=\"alignleft\" src=\"http:\/\/img.tgcom24.mediaset.it\/binary\/ansa\/55.$plit\/C_4_articolo_2159958_upiImagepp.jpg\" alt=\"\" width=\"449\" height=\"253\" \/>Angelo Testa \u201cBasta con le barzellette delle \u201csospensioni di fatto\u201d e le parole volatili rassicurative. Ad atto formale deve seguire atto formale.<\/p>\n<p>Le nostre posizioni ufficiali sono queste e nessuno pu\u00f2 parlare per noi su questa vicenda, grave per Medici e pazienti. Ancor pi\u00f9 pesante per come la si vorrebbe continuare a gestire!\u201d<\/p>\n<p>Roma 14 Marzo 2016-Non piace al sindacato autonomo la gestione post decreto taglia esami e tutte le parole rassicurative ed indiscrezioni che continuano a girargli intorno.<\/p>\n<p>\u00abQuesto buonismo dominante\u00bb sostiene Angelo Testa, presidente nazionale dello Snami \u00abche ad arte viene fatto girare intorno al cosiddetto decreto appropriatezza, non ci appartiene. Il \u201cvogliamoci bene\u201d e le \u201cgrande aperture\u201d del Ministro a rivisitare la norma, il far circolare insistentemente la voce che non ci saranno sanzioni per i Medici e, come ciliegina sulla torta, sostenere che \u201cdi fatto il decreto \u00e8 sospeso, sono a nostro giudizio percorsi pericolosi\u201d.<\/p>\n<p><img loading=\"lazy\" decoding=\"async\" class=\"alignright\" src=\"http:\/\/www.sossanita.it\/images\/no_decreto_taglia_esami.png\" alt=\"\" width=\"466\" height=\"262\" \/>Prendiamo decisamente le distanze cos\u00ec come abbiamo fatto per la precedente puntata della telenovela in cui si sosteneva pubblicamente e ripetutamente in tv che \u201cse necessario e motivato\u201d il Medico poteva prescrivere il colesterolo anche una volta al mese. E\u2019 ovvio che non \u00e8 assolutamente possibile secondo la attuale norma vigente.<\/p>\n<p>Sosteniamo ufficialmente\u00bb conclude Angelo Testa \u00abche non ci rappresentano posizioni dell\u2019intersindacale che differiscano anche di una virgola dal fatto che il decreto taglia esami venga subito abrogato o modificato attraverso un atto formale.<\/p>\n<p>Di concreto c\u2019\u00e8 che i nostri gestionali di studio sono stati modificati per prescrivere secondo le novit\u00e0 Lorenzin, che le sanzioni sono previste nella legge, che i pazienti devono, per chi pu\u00f2 ancora permetterselo, pagare di tasca anche gli esami di routine, che quotidianamente c\u2019\u00e8 una lotta per far <img loading=\"lazy\" decoding=\"async\" class=\"alignleft\" src=\"http:\/\/www.quotidianosanita.it\/img_prima\/front3619912.jpg\" alt=\"\" width=\"121\" height=\"121\" \/>capire che le limitazioni delle prescrizioni non dipendono da noi.<\/p>\n<p>Ancora pi\u00f9 concreto \u00e8 che diagnosi e prevenzione stanno prendendo il volo alla stessa stregua delle parole disperse al vento sulle presunte correzioni del decreto taglia esami!\u00bb.<\/p>\n<p><span style=\"color: #0000ff;\"><a style=\"color: #0000ff;\" href=\"http:\/\/activenet-wp-snami.s3-eu-west-1.amazonaws.com\/wp-content\/uploads\/20160314110631\/clicca-qui-per-leggere-14-3-2016-COMUNICATO-STAMPA-NAZIONALE-SNAMI-pdf.pdf\" target=\"_blank\" rel=\"noopener\">Ufficio Stampa Snami \u2013 14 marzo 2016<\/a><\/span><\/p>\n<p>Related news: <span style=\"color: #0000ff;\"><a style=\"color: #0000ff;\" href=\"http:\/\/activenet-wp-snami.s3-eu-west-1.amazonaws.com\/wp-content\/uploads\/20160307141859\/clicca-qui-per-leggere-7-Marzo-2016-COMUNICATO-STAMPA-NAZIONALE-SNAMI.pdf\" target=\"_blank\" rel=\"noopener\">Allarme rosso potersi curare<\/a><\/span><\/p>\n<p><span style=\"color: #0000ff;\"><a style=\"color: #0000ff;\" href=\"http:\/\/www.sanita24.ilsole24ore.com\/art\/dal-governo\/2016-03-11\/lorenzin-e-l-elogio-condivisione-094153.php?uuid=AClqDImC&amp;refresh_ce=1\" target=\"_blank\" rel=\"noopener\">Lorenzin: \u00abCondivisione e cammino insieme con i medici\u00bb. Altri tagli? \u00abLa sanit\u00e0 ha gi\u00e0 dato. Anzi servono risorse per i dipendenti e per la farmaceutica ospedaliera\u00bb<\/a><\/span><\/p>\n<p><span style=\"color: #0000ff;\"><a style=\"color: #0000ff;\" href=\"http:\/\/www.fimmg.org\/index.php?action=pages&amp;m=view&amp;p=43&amp;art=1758\" target=\"_blank\" rel=\"noopener\">Comunicato Stampa congiunto Governo-sindacati medici<\/a><\/span><\/p>\n<p>&nbsp;<\/p>","protected":false},"excerpt":{"rendered":"<p>Posizione ufficiale dello SNAMI sul decreto Lorenzin \u201cTaglia Esami\u201d Angelo Testa \u201cBasta con le barzellette delle \u201csospensioni di fatto\u201d e le parole volatili rassicurative. Ad atto formale deve seguire atto formale. Le nostre posizioni ufficiali sono queste e nessuno pu\u00f2 parlare per noi su questa vicenda, grave per Medici e pazienti. Ancor pi\u00f9 pesante per &hellip;<\/p>","protected":false},"author":4,"featured_media":24996,"comment_status":"closed","ping_status":"closed","sticky":false,"template":"","format":"standard","meta":{"footnotes":""},"categories":[1],"tags":[26,79],"class_list":["post-24992","post","type-post","status-publish","format-standard","has-post-thumbnail","hentry","category-notizie","tag-spesa-farmaceutica","tag-ssn"],"amp_enabled":true,"_links":{"self":[{"href":"https:\/\/www.fedaiisf.it\/en\/wp-json\/wp\/v2\/posts\/24992","targetHints":{"allow":["GET"]}}],"collection":[{"href":"https:\/\/www.fedaiisf.it\/en\/wp-json\/wp\/v2\/posts"}],"about":[{"href":"https:\/\/www.fedaiisf.it\/en\/wp-json\/wp\/v2\/types\/post"}],"author":[{"embeddable":true,"href":"https:\/\/www.fedaiisf.it\/en\/wp-json\/wp\/v2\/users\/4"}],"replies":[{"embeddable":true,"href":"https:\/\/www.fedaiisf.it\/en\/wp-json\/wp\/v2\/comments?post=24992"}],"version-history":[{"count":0,"href":"https:\/\/www.fedaiisf.it\/en\/wp-json\/wp\/v2\/posts\/24992\/revisions"}],"wp:featuredmedia":[{"embeddable":true,"href":"https:\/\/www.fedaiisf.it\/en\/wp-json\/wp\/v2\/media\/24996"}],"wp:attachment":[{"href":"https:\/\/www.fedaiisf.it\/en\/wp-json\/wp\/v2\/media?parent=24992"}],"wp:term":[{"taxonomy":"category","embeddable":true,"href":"https:\/\/www.fedaiisf.it\/en\/wp-json\/wp\/v2\/categories?post=24992"},{"taxonomy":"post_tag","embeddable":true,"href":"https:\/\/www.fedaiisf.it\/en\/wp-json\/wp\/v2\/tags?post=24992"}],"curies":[{"name":"wp","href":"https:\/\/api.w.org\/{rel}","templated":true}]}}