{"id":25031,"date":"2016-03-16T11:43:53","date_gmt":"2016-03-16T10:43:53","guid":{"rendered":"http:\/\/www.fedaiisf.it\/?p=25031"},"modified":"2016-03-16T13:02:06","modified_gmt":"2016-03-16T12:02:06","slug":"almirall-vende-in-messico-la-sua-filiale-e-le-sue-licenze-di-farmaci-per-50-milioni-di-euro","status":"publish","type":"post","link":"https:\/\/www.fedaiisf.it\/en\/almirall-vende-in-messico-la-sua-filiale-e-le-sue-licenze-di-farmaci-per-50-milioni-di-euro\/","title":{"rendered":"Almirall sells its subsidiary and licensed drugs in Mexico for 50 million euros"},"content":{"rendered":"<p class=\"textoarticulo\"><span class=\"goog-text-highlight\"><img loading=\"lazy\" decoding=\"async\" class=\"alignleft\" src=\"http:\/\/imagenes.lainformacion.com\/2016\/03\/15\/economia-negocios-y-finanzas\/mercados-y-bolsas\/valores\/Almirall-Mexico-licencias-productos-millones_898721648_97557901_667x375.jpg\" alt=\"\" width=\"281\" height=\"158\" \/>Almirall ha concordato di trasferire al Gruppo Gr\u00fcnenthal tutte le azioni della sua filiale Messicana per circa 30 milioni di euro, con la licenza perpetua di un portafoglio di prodotti dell&#8217;azienda farmaceutica catalana per la distribuzione in quel paese per altri 20 milioni.<\/span><\/p>\n<p class=\"textoarticulo\">Del totale, l&#8217;80 per cento sar\u00e0 incassato nel 2016 e il 20 per cento nel 2017, ed entrambe le societ\u00e0 cercheranno di garantire che il trasferimento avvenga &#8220;nel miglior modo possibile per i dipendenti&#8221;, ha riferito marted\u00ec scorso la societ\u00e0 con sede a Barcellona alla Comisi\u00f3n Nacional del Mercado de Valores (CNMV).<\/p>\n<p class=\"textoarticulo\">Nel 2000, Almirall ha aperto diverse filiali, tra cui quella del Messico, per incrementare la sua crescita internazionale, ma ora ha comunicato che &#8220;nonostante i buoni r<img loading=\"lazy\" decoding=\"async\" class=\"alignright\" src=\"http:\/\/www.worldbil.com\/PharmaPack2015\/images\/del11.png\" alt=\"\" width=\"247\" height=\"124\" \/>isultati ottenuti negli ultimi anni, le priorit\u00e0 strategiche sono cambiate.&#8221;<\/p>\n<p class=\"textoarticulo\">La nuova strategia aziendale \u00e8 quella di dare impulso alla crescita in dermatologia, in particolare nei mercati Europei e\u00a0Statunitensi, e per questo sta lavorando a progetti di sviluppo e\u00a0opportunit\u00e0 di business in dermatologia che possano generare\u00a0in futuro valore sostenibile per gli azionisti . Almirall ha sottolineato che l&#8217;accordo annunciato non influisce sulle stime aziendali per il 2016 pubblicato dalla societ\u00e0 in data 22 febbraio.<\/p>\n<p class=\"textoarticulo\"><a href=\"http:\/\/www.elglobal.net\/noticias-medicamento\/2016-03-16\/industria-farmaceutica\/almirall-vende-su-filial-y-sus-licencias-de-productos-en-mexico-por-50-millones-de-euros\/pagina.aspx?idart=973126\" target=\"_blank\" rel=\"noopener\"><span style=\"color: #0000ff;\">mi\u00e9rcoles, 16 de marzo de 2016 &#8211; El Global<\/span><\/a><\/p>","protected":false},"excerpt":{"rendered":"<p>Almirall ha concordato di trasferire al Gruppo Gr\u00fcnenthal tutte le azioni della sua filiale Messicana per circa 30 milioni di euro, con la licenza perpetua di un portafoglio di prodotti dell&#8217;azienda farmaceutica catalana per la distribuzione in quel paese per altri 20 milioni. Del totale, l&#8217;80 per cento sar\u00e0 incassato nel 2016 e il 20 &hellip;<\/p>","protected":false},"author":4,"featured_media":25037,"comment_status":"closed","ping_status":"closed","sticky":false,"template":"","format":"standard","meta":{"footnotes":""},"categories":[1],"tags":[53],"class_list":["post-25031","post","type-post","status-publish","format-standard","has-post-thumbnail","hentry","category-notizie","tag-fusioniacquisizioni"],"amp_enabled":true,"_links":{"self":[{"href":"https:\/\/www.fedaiisf.it\/en\/wp-json\/wp\/v2\/posts\/25031","targetHints":{"allow":["GET"]}}],"collection":[{"href":"https:\/\/www.fedaiisf.it\/en\/wp-json\/wp\/v2\/posts"}],"about":[{"href":"https:\/\/www.fedaiisf.it\/en\/wp-json\/wp\/v2\/types\/post"}],"author":[{"embeddable":true,"href":"https:\/\/www.fedaiisf.it\/en\/wp-json\/wp\/v2\/users\/4"}],"replies":[{"embeddable":true,"href":"https:\/\/www.fedaiisf.it\/en\/wp-json\/wp\/v2\/comments?post=25031"}],"version-history":[{"count":0,"href":"https:\/\/www.fedaiisf.it\/en\/wp-json\/wp\/v2\/posts\/25031\/revisions"}],"wp:featuredmedia":[{"embeddable":true,"href":"https:\/\/www.fedaiisf.it\/en\/wp-json\/wp\/v2\/media\/25037"}],"wp:attachment":[{"href":"https:\/\/www.fedaiisf.it\/en\/wp-json\/wp\/v2\/media?parent=25031"}],"wp:term":[{"taxonomy":"category","embeddable":true,"href":"https:\/\/www.fedaiisf.it\/en\/wp-json\/wp\/v2\/categories?post=25031"},{"taxonomy":"post_tag","embeddable":true,"href":"https:\/\/www.fedaiisf.it\/en\/wp-json\/wp\/v2\/tags?post=25031"}],"curies":[{"name":"wp","href":"https:\/\/api.w.org\/{rel}","templated":true}]}}