{"id":25323,"date":"2016-04-03T13:01:51","date_gmt":"2016-04-03T11:01:51","guid":{"rendered":"http:\/\/www.fedaiisf.it\/?p=25323"},"modified":"2016-04-04T13:52:38","modified_gmt":"2016-04-04T11:52:38","slug":"dimissioni-telematiche-uno-spot-di-cui-non-si-sentiva-proprio-lesigenza","status":"publish","type":"post","link":"https:\/\/www.fedaiisf.it\/en\/dimissioni-telematiche-uno-spot-di-cui-non-si-sentiva-proprio-lesigenza\/","title":{"rendered":"Dimissioni telematiche: uno spot di cui non si sentiva proprio l\u2019esigenza"},"content":{"rendered":"<p><img decoding=\"async\" class=\"alignleft\" src=\"http:\/\/www.valorelavoro.com\/wp-content\/uploads\/2016\/03\/img_0858.jpg\" alt=\"\" \/>In queste settimane sulle principali reti nazionali viene diffuso <a href=\"http:\/\/www.lavoro.gov.it\/priorita\/Pagine\/Al-via-la-campagna-Dimissioni-telematiche-rapide-semplici-sicure.aspx\" target=\"_blank\" rel=\"noopener\">lo spot della Presidenza del Consiglio sulle dimissioni in bianco<\/a>.<br \/>\nSi tratta di<strong> un breve cartone animato<\/strong> che nel suo linguaggio spiega la notizia: dopo otto anni \u2013 da quando era gi\u00e0 stata abrogata durante il governo Prodi e rimessa da quello a guida Berlusconi\u00a0\u2013 le aziende non potranno avvalersi della possibilit\u00e0 di far firmare, al momento dell\u2019assunzione, <strong>un foglio in bianco<\/strong> che verr\u00e0 compilato con la data delle dimissioni quando il lavoratore o molto pi\u00f9 spesso la lavoratrice che<strong> sta per diventare mamma<\/strong> non servono pi\u00f9.<\/p>\n<p>L\u2019idea dunque \u00e8 <strong>buona<\/strong> se l\u2019obiettivo era pubblicizzare <strong>una pseudo \u2018ri-conquista\u2019 in ambito lavorativo<\/strong>. Quello che mi sfugge per\u00f2 \u00e8 perch\u00e9 lo spot poi prosegua glorificando e presentando come conquista le dimissioni telematiche <a href=\"http:\/\/www.governo.it\/media\/campagna-di-comunicazione-dimissioni-telematiche-rapide-semplici-sicure\/4356\" target=\"_blank\" rel=\"noopener\">\u201crapide, sicure e semplici\u201d<\/a>.<\/p>\n<p>Ora: ben venga<strong> un sistema informatico\u00a0<\/strong>che velocizzi e semplifichi la procedura da seguire per le dimissioni volontarie o in casi di risoluzione consensuale del <strong>employment relationship <\/strong>ma chiedo se il problema dell\u2019Italia sia proprio come formalizzare<strong> una interruzione condivisa di rapporto di lavoro<\/strong>.<\/p>\n<p><img decoding=\"async\" class=\"alignright\" src=\"http:\/\/www.unita.tv\/wp-content\/uploads\/2016\/03\/Dimissioni-300x260-home-sito-lavoro.jpg\" alt=\"\" \/>Nei giorni scorsi un\u2019amica \u2013 madre di due figli -, lavoratrice di una grande multinazionale che ha sede in Italia mi ha raccontato di essere arrivata in ufficio e aver trovato sulla sua scrivania una scatola vuota. Dopo un breve colloquio con il responsabile le \u00e8 stato comunicato che le verr\u00e0 riconosciuta una cifra di \u201cscivolo\u201d equivalente ai prossimi sui due anni in azienda. \u201cDue anni le basteranno per trovarsi un altro lavoro\u201d \u00e8 stata la frase che si \u00e8 sentita dire. Ecco: arrivederci e grazie.\u00a0In quel caso<strong> la stretta di mano<\/strong> con relativi sorrisi smaglianti tra i due personaggetti che chiude lo spot della Presidenza del Consiglio credo proprio non ci sia stata.<\/p>\n<p>Giusto per stare sull\u2019attualit\u00e0 poi sono di queste ore <a href=\"http:\/\/www.ilfattoquotidiano.it\/2016\/04\/01\/istat-a-febbraio-torna-a-salire-la-disoccupazione-tasso-all117-per-cento\/2599006\/\" target=\"_blank\" rel=\"noopener\">i dati diffusi dall\u2019Istat secondo cui\u00a0a febbraio i disoccupati sono aumentati di circa 7mila unit\u00e0, con un incremento dello 0,3%<\/a> (mentre gli occupati sono 97mila in meno) con un\u2019incidenza maggiore sugli uomini rispetto alle donne. Aggiungo: le lavoratrici non \u00e8 che lavorano meno degli uomini, di solito lavorano in nero o in grigio per arrotondare lo stipendio del marito palleggiandosi tra l\u2019impegno familiare e lavoretti a chiamata.<\/p>\n<p>Ora per\u00f2 tutti ci sentiamo pi\u00f9 tanquillizzati grazie allo spottone della Presidenza del Consiglio <strong>con i pupazzetti<\/strong> che sono felici di dirsi addio in modo consensuale: per la cronaca, secondo le statistiche questo tipo di interruzione di lavoro nel nostro paese riguarda annualmente 70mila persone.\u00a0I disoccupati in modo non consensuale si diano pace ed attendano la prossima campagna pubblicit\u00e0-progresso.<\/p>\n<p>Of <a href=\"http:\/\/www.ilfattoquotidiano.it\/blog\/ereguitti\/\" target=\"_blank\" rel=\"author noopener\">Elisabetta Reguitti<\/a> | <a href=\"http:\/\/www.ilfattoquotidiano.it\/2016\/04\/02\/dimissioni-telematiche-uno-spot-di-cui-si-sentiva-proprio-lesigenza\/2600890\/\" target=\"_blank\" rel=\"noopener\"><span style=\"color: #0000ff;\">2 aprile 2016 | Il Fatto Quotidiano<\/span><\/a><\/p>\n<p>Related news:<\/p>\n<p>Ministero del Lavoro e delle Politiche Sociali.\u00a0<a href=\"http:\/\/www.lavoro.gov.it\/strumenti-e-servizi\/Dimissioni-volontarie\/Pagine\/default.aspx\" target=\"_blank\" rel=\"noopener\"><span style=\"color: #0000ff;\">Dimissioni volontarie<\/span><\/a><\/p>\n<div id=\"middleBar\" class=\"toolbar-tools\">\n<p id=\"aligner\" class=\"middle\"><a href=\"http:\/\/www.lavoro.gov.it\/documenti-e-norme\/normative\/Documents\/2016\/Nota_direttoriale_24_marzo_2016_protn33_0001765.pdf\" target=\"_blank\" rel=\"noopener\"><span id=\"title\" style=\"color: #0000ff;\" title=\"Nota_direttoriale_24_marzo_2016_protn33_0001765.pdf\">Nota direttoriale 24 marzo 2016<\/span><\/a><\/p>\n<p class=\"title\"><a href=\"http:\/\/www.lavoro.gov.it\/stampa-e-media\/multimedia\/pagine\/dimissioni-telematiche.aspx\" target=\"_blank\" rel=\"noopener\"><span style=\"color: #0000ff;\">spot video<\/span><\/a><\/p>\n<\/div>\n<div id=\"bottomBar\" class=\"toolbar-tools\"><\/div>","protected":false},"excerpt":{"rendered":"<p>In queste settimane sulle principali reti nazionali viene diffuso lo spot della Presidenza del Consiglio sulle dimissioni in bianco. Si tratta di un breve cartone animato che nel suo linguaggio spiega la notizia: dopo otto anni \u2013 da quando era gi\u00e0 stata abrogata durante il governo Prodi e rimessa da quello a guida Berlusconi\u00a0\u2013 le &hellip;<\/p>","protected":false},"author":4,"featured_media":25327,"comment_status":"closed","ping_status":"closed","sticky":false,"template":"","format":"standard","meta":{"footnotes":""},"categories":[1],"tags":[41,27],"class_list":["post-25323","post","type-post","status-publish","format-standard","has-post-thumbnail","hentry","category-notizie","tag-leggisentenze","tag-licenziati"],"amp_enabled":true,"_links":{"self":[{"href":"https:\/\/www.fedaiisf.it\/en\/wp-json\/wp\/v2\/posts\/25323","targetHints":{"allow":["GET"]}}],"collection":[{"href":"https:\/\/www.fedaiisf.it\/en\/wp-json\/wp\/v2\/posts"}],"about":[{"href":"https:\/\/www.fedaiisf.it\/en\/wp-json\/wp\/v2\/types\/post"}],"author":[{"embeddable":true,"href":"https:\/\/www.fedaiisf.it\/en\/wp-json\/wp\/v2\/users\/4"}],"replies":[{"embeddable":true,"href":"https:\/\/www.fedaiisf.it\/en\/wp-json\/wp\/v2\/comments?post=25323"}],"version-history":[{"count":0,"href":"https:\/\/www.fedaiisf.it\/en\/wp-json\/wp\/v2\/posts\/25323\/revisions"}],"wp:featuredmedia":[{"embeddable":true,"href":"https:\/\/www.fedaiisf.it\/en\/wp-json\/wp\/v2\/media\/25327"}],"wp:attachment":[{"href":"https:\/\/www.fedaiisf.it\/en\/wp-json\/wp\/v2\/media?parent=25323"}],"wp:term":[{"taxonomy":"category","embeddable":true,"href":"https:\/\/www.fedaiisf.it\/en\/wp-json\/wp\/v2\/categories?post=25323"},{"taxonomy":"post_tag","embeddable":true,"href":"https:\/\/www.fedaiisf.it\/en\/wp-json\/wp\/v2\/tags?post=25323"}],"curies":[{"name":"wp","href":"https:\/\/api.w.org\/{rel}","templated":true}]}}