{"id":25404,"date":"2016-04-07T19:25:11","date_gmt":"2016-04-07T17:25:11","guid":{"rendered":"http:\/\/www.fedaiisf.it\/?p=25404"},"modified":"2016-04-14T11:01:56","modified_gmt":"2016-04-14T09:01:56","slug":"il-12-aprile-a-roma-lassemblea-nazionale-degli-informatori-scientifici-del-farmaco-promossa-dalla-filctem-cgil","status":"publish","type":"post","link":"https:\/\/www.fedaiisf.it\/en\/il-12-aprile-a-roma-lassemblea-nazionale-degli-informatori-scientifici-del-farmaco-promossa-dalla-filctem-cgil\/","title":{"rendered":"On 12 April in Rome, the national assembly of SCIENTIFIC DISPUTES OF DRUGS promoted by Filctem-Cgil"},"content":{"rendered":"<p><span style=\"color: #0000ff;\"><a style=\"color: #0000ff;\" href=\"http:\/\/www.filctemcgil.it\/index.php?option=com_flexicontent&amp;view=items&amp;cid=10&amp;id=6100&amp;Itemid=3\" target=\"_blank\" rel=\"noopener\">Gioved\u00ec 07 Aprile 2016 \u2013 Comunicato Filctem<\/a><\/span><\/p>\n<p><img loading=\"lazy\" decoding=\"async\" class=\"alignleft\" src=\"https:\/\/salvomoschetto.files.wordpress.com\/2010\/03\/miceli2.jpg\" alt=\"\" width=\"271\" height=\"264\" \/>Promossa dalla Filctem-Cgil, marted\u00ec 12 aprile a Roma si svolger\u00e0 l&#8217;Assemblea nazionale degli informatori scientifici del farmaco (ad oggi circa 10.000 addetti sui 67.000 occupati nel settore farmaceutico, n.d.r.) alla quale parteciper\u00e0 il segretario generale <strong>Emilio Micelli<\/strong>.<\/p>\n<p>L&#8217;esigenza nasce dalla necessit\u00e0 di fare il punto sulle condizioni dell&#8217;attivit\u00e0 e l&#8217;obiettivo di fare una fotografia della situazione esistente nel panorama nazionale, dopo che durante gli ultimi anni si \u00e8 assistito ad una rivoluzione dal punto di vista organizzativo e occupazionale.<\/p>\n<p>&#8220;Nello spirito della legge istitutiva del Servizio sanitario nazionale &#8211; commenta Sergio Cardinali, del Dipartimento chimico-farmaceutico della Filctem nazionale &#8211; il &#8220;farmaco&#8221; dovrebbe assolvere ad una funzione sociale e, alla sua produzione, una prevalente finalit\u00e0 pubblica.<\/p>\n<p>Questo anche attraverso il contributo determinante di una informazione scientifica corretta, capillare, etica.<\/p>\n<p>Proviamo dunque &#8211; conclude &#8211; a far rispettare le leggi tutelando il lavoro e i diritti di tutti, visto che dal 2006 sono stati espulsi circa 10.000 informatori, dimezzando l&#8217;attuale consistenza&#8221;.<\/p>\n<p><span style=\"color: #0000ff;\"><a style=\"color: #0000ff;\" href=\"http:\/\/www.filctemcgil.it\/images\/stories\/flexicontent\/news\/chimico_farmaceutico\/20160407122206912.pdf\" target=\"_blank\" rel=\"noopener\">Filctem-Cgil information<\/a> <\/span>&gt; <span style=\"color: #0000ff;\"><a style=\"color: #0000ff;\" href=\"http:\/\/www.filctemcgil.it\/images\/stories\/flexicontent\/news\/chimico_farmaceutico\/locandina.jpg\" target=\"_blank\" rel=\"noopener\">poster<\/a><\/span> &gt; <span style=\"color: #0000ff;\"><a style=\"color: #0000ff;\" href=\"http:\/\/www.filctemcgil.it\/images\/stories\/flexicontent\/news\/chimico_farmaceutico\/banner_assemblea.png\" target=\"_blank\" rel=\"noopener\">Banners<\/a><\/span> &gt;<\/p>\n<p><img loading=\"lazy\" decoding=\"async\" class=\"\" src=\"http:\/\/www.filctemcgil.it\/images\/stories\/flexicontent\/news\/chimico_farmaceutico\/locandina.jpg\" alt=\"\" width=\"853\" height=\"1038\" \/><\/p>","protected":false},"excerpt":{"rendered":"<p>Gioved\u00ec 07 Aprile 2016 \u2013 Comunicato Filctem Promossa dalla Filctem-Cgil, marted\u00ec 12 aprile a Roma si svolger\u00e0 l&#8217;Assemblea nazionale degli informatori scientifici del farmaco (ad oggi circa 10.000 addetti sui 67.000 occupati nel settore farmaceutico, n.d.r.) alla quale parteciper\u00e0 il segretario generale Emilio Miceli. L&#8217;esigenza nasce dalla necessit\u00e0 di fare il punto sulle condizioni dell&#8217;attivit\u00e0 &hellip;<\/p>","protected":false},"author":4,"featured_media":25408,"comment_status":"closed","ping_status":"closed","sticky":false,"template":"","format":"standard","meta":{"footnotes":""},"categories":[16],"tags":[21,44],"class_list":["post-25404","post","type-post","status-publish","format-standard","has-post-thumbnail","hentry","category-primo-piano","tag-informatori-scientifici","tag-sindacati"],"amp_enabled":true,"_links":{"self":[{"href":"https:\/\/www.fedaiisf.it\/en\/wp-json\/wp\/v2\/posts\/25404","targetHints":{"allow":["GET"]}}],"collection":[{"href":"https:\/\/www.fedaiisf.it\/en\/wp-json\/wp\/v2\/posts"}],"about":[{"href":"https:\/\/www.fedaiisf.it\/en\/wp-json\/wp\/v2\/types\/post"}],"author":[{"embeddable":true,"href":"https:\/\/www.fedaiisf.it\/en\/wp-json\/wp\/v2\/users\/4"}],"replies":[{"embeddable":true,"href":"https:\/\/www.fedaiisf.it\/en\/wp-json\/wp\/v2\/comments?post=25404"}],"version-history":[{"count":0,"href":"https:\/\/www.fedaiisf.it\/en\/wp-json\/wp\/v2\/posts\/25404\/revisions"}],"wp:featuredmedia":[{"embeddable":true,"href":"https:\/\/www.fedaiisf.it\/en\/wp-json\/wp\/v2\/media\/25408"}],"wp:attachment":[{"href":"https:\/\/www.fedaiisf.it\/en\/wp-json\/wp\/v2\/media?parent=25404"}],"wp:term":[{"taxonomy":"category","embeddable":true,"href":"https:\/\/www.fedaiisf.it\/en\/wp-json\/wp\/v2\/categories?post=25404"},{"taxonomy":"post_tag","embeddable":true,"href":"https:\/\/www.fedaiisf.it\/en\/wp-json\/wp\/v2\/tags?post=25404"}],"curies":[{"name":"wp","href":"https:\/\/api.w.org\/{rel}","templated":true}]}}