{"id":25489,"date":"2016-04-17T17:22:56","date_gmt":"2016-04-17T15:22:56","guid":{"rendered":"http:\/\/www.fedaiisf.it\/?p=25489"},"modified":"2016-04-18T11:16:23","modified_gmt":"2016-04-18T09:16:23","slug":"comunicato-sulle-ali-della-salute","status":"publish","type":"post","link":"https:\/\/www.fedaiisf.it\/en\/comunicato-sulle-ali-della-salute\/","title":{"rendered":"Comunicato &#8220;Sulle Ali della Salute&#8221;"},"content":{"rendered":"<p><em>We receive and publish.<\/em><\/p>\n<h1><span style=\"color: #000080;\">Epidemiologia e prevenzione delle malattie cerebro e cardiovascolari aspettando lo Speciale Cosmofarma<\/span><\/h1>\n<div id=\"post-3161\" class=\"post-caption post-3161 post type-post status-publish format-standard has-post-thumbnail hentry category-news2\">\n<p class=\"post-meta\"><span class=\"post-date\">12 aprile 2016<\/span>, Posted in\u00a0<a href=\"http:\/\/www.sullealidellasalute.it\/category\/news2\/\" target=\"_blank\" rel=\"category tag noopener\">News SADS<\/a><\/p>\n<\/div>\n<p><img decoding=\"async\" class=\"alignleft\" src=\"http:\/\/www.sullealidellasalute.it\/wp-content\/uploads\/2015\/11\/banner-sads-178-178.jpg\" alt=\"banner sads 178 178\" \/>Le malattie cardiovascolari riconoscono un\u2019eziologia multifattoriale, cio\u00e8 pi\u00f9 fattori di rischio quali l\u2019et\u00e0, il sesso, la pressione arteriosa, l\u2019abitudine al fumo di sigaretta, il diabete, la colesterolemia, contribuiscono contemporaneamente al loro sviluppo. I fattori di rischio sono stati identificati e ne \u00e8 stata dimostrata la reversibilit\u00e0, pertanto la malattia cardiovascolare \u00e8 oggi prevenibile.<\/p>\n<p>I medici puntualizzeranno i\u00a0fattori di rischio cardiovascolare modificabili, il fumo, la pressione arteriosa, \u00a0e non modificabili, et\u00e0, sesso, fattori ereditari.<\/p>\n<p>In questo contesto discuteremo anche del colesterolo e delle sue diverse composizioni e in particolare dell\u2019 HDL-colesterolemia e del diabete uno dei principali fattori di rischio.<\/p>\n<p>Saranno presenti in studio il Dr. Giandomenico BARONI, Cardiologo che si occupa di riabilitazione \u2013 Villa Garda Verona,\u00a0il Dr. Pierluigi TOSONI, Cardiologo\u00a0\u2013 Villa Berica Vicenza e il Dr. Angelo\u00a0Bianco Dietologo direttore Hotel President Terme Abano Terme.<\/p>\n<p>Il programma sar\u00e0 visibile in Diretta, Mercoled\u00ec\u00a013\u00a0Aprile dalle ore 20 su CANALE ITALIA 83 e su SKY CANALE 913<\/p>\n<p><img loading=\"lazy\" decoding=\"async\" class=\"alignright\" src=\"http:\/\/www.eventiesagre.it\/images\/upload\/image\/2016\/fiere\/emilia_romagna\/aprile\/cosmofarma_600x326.jpg\" alt=\"\" width=\"322\" height=\"175\" \/><\/p>\n<p>In replica Gioved\u00ec 14 Aprile dalle 23 su Canale Italia 4, Sabato 16 Aprile su ITALIA 135 e Domenica 27 Marzo dalle 24 ancora su CANALE ITALIA 4<\/p>\n<p>Segnaliamo inoltre che Sulle Ali della Salute parteciper\u00e0 al Cosmofarma Exhibition, l\u2019evento di BolognaFiere in programma a Bologna dal 15 al 17 Aprile 2016 per realizzare lo Speciale Cosmofarma che andr\u00e0 in onda sui canali web\u00a0di Sulle Ali della Salute e sul digitale terrestre Nazionale il Sabato 23 Aprile dalle 9 alle 10 su Canale Italia 135.<\/p>\n<p>Per ogni informazione e per l\u2019organizzazione delle interviste, potete contattarci tramite il sito web ufficiale della trasmissione <a href=\"\/en\/www.sullealidellasalute.it\/\" target=\"_blank\">www.sullealidellasalute.it<\/a> e le app per Android e iOS scaricabili gratuitamente dagli store.<\/p>\n<p><a href=\"http:\/\/www.sullealidellasalute.it\/2016\/04\/12\/epidemiologia-e-prevenzione-delle-malattie-cerebro-e-cardiovascolari-aspettando-lo-speciale-cosmofarma\/\" target=\"_blank\" rel=\"noopener\"><span style=\"color: #0000ff;\">Comunicato stampa SADS 12\/04\/16<\/span><\/a><\/p>\n<p><img decoding=\"async\" class=\"aligncenter\" src=\"http:\/\/www.sullealidellasalute.it\/wp-content\/uploads\/2014\/07\/logo-sulle-ali-new-trasparente21.png\" alt=\"Sulle Ali della Salute\" \/><\/p>\n<p>Related news:\u00a0<a href=\"http:\/\/www.rifday.it\/2016\/04\/18\/cosmofarma-visitatori-aumento-quasi-32-mila-la-20a-edizione\/\" target=\"_blank\" rel=\"noopener\"><span style=\"color: #0000ff;\">Cosmofarma, visitatori in aumento, quasi 32 mila per la XX edizione<\/span><\/a><\/p>","protected":false},"excerpt":{"rendered":"<p>Riceviamo e pubblichiamo. Epidemiologia e prevenzione delle malattie cerebro e cardiovascolari aspettando lo Speciale Cosmofarma 12 aprile 2016, Posted in\u00a0News SADS Le malattie cardiovascolari riconoscono un\u2019eziologia multifattoriale, cio\u00e8 pi\u00f9 fattori di rischio quali l\u2019et\u00e0, il sesso, la pressione arteriosa, l\u2019abitudine al fumo di sigaretta, il diabete, la colesterolemia, contribuiscono contemporaneamente al loro sviluppo. I fattori &hellip;<\/p>","protected":false},"author":4,"featured_media":25495,"comment_status":"closed","ping_status":"closed","sticky":false,"template":"","format":"standard","meta":{"footnotes":""},"categories":[1],"tags":[],"class_list":["post-25489","post","type-post","status-publish","format-standard","has-post-thumbnail","hentry","category-notizie"],"amp_enabled":true,"_links":{"self":[{"href":"https:\/\/www.fedaiisf.it\/en\/wp-json\/wp\/v2\/posts\/25489","targetHints":{"allow":["GET"]}}],"collection":[{"href":"https:\/\/www.fedaiisf.it\/en\/wp-json\/wp\/v2\/posts"}],"about":[{"href":"https:\/\/www.fedaiisf.it\/en\/wp-json\/wp\/v2\/types\/post"}],"author":[{"embeddable":true,"href":"https:\/\/www.fedaiisf.it\/en\/wp-json\/wp\/v2\/users\/4"}],"replies":[{"embeddable":true,"href":"https:\/\/www.fedaiisf.it\/en\/wp-json\/wp\/v2\/comments?post=25489"}],"version-history":[{"count":0,"href":"https:\/\/www.fedaiisf.it\/en\/wp-json\/wp\/v2\/posts\/25489\/revisions"}],"wp:featuredmedia":[{"embeddable":true,"href":"https:\/\/www.fedaiisf.it\/en\/wp-json\/wp\/v2\/media\/25495"}],"wp:attachment":[{"href":"https:\/\/www.fedaiisf.it\/en\/wp-json\/wp\/v2\/media?parent=25489"}],"wp:term":[{"taxonomy":"category","embeddable":true,"href":"https:\/\/www.fedaiisf.it\/en\/wp-json\/wp\/v2\/categories?post=25489"},{"taxonomy":"post_tag","embeddable":true,"href":"https:\/\/www.fedaiisf.it\/en\/wp-json\/wp\/v2\/tags?post=25489"}],"curies":[{"name":"wp","href":"https:\/\/api.w.org\/{rel}","templated":true}]}}