{"id":25800,"date":"2016-04-29T09:36:38","date_gmt":"2016-04-29T07:36:38","guid":{"rendered":"http:\/\/www.fedaiisf.it\/?p=25800"},"modified":"2016-04-29T18:42:25","modified_gmt":"2016-04-29T16:42:25","slug":"medici-di-famiglia-h16-no-grazie-cgil-cisl-uil-e-simet-con-lo-smi-l11-maggio-a-montecitorio","status":"publish","type":"post","link":"https:\/\/www.fedaiisf.it\/en\/medici-di-famiglia-h16-no-grazie-cgil-cisl-uil-e-simet-con-lo-smi-l11-maggio-a-montecitorio\/","title":{"rendered":"Family doctors 4pm? No thank you. Cgil, Cisl, Uil and Simet with the Smi on 11 May in Montecitorio"},"content":{"rendered":"<p>THE<img loading=\"lazy\" decoding=\"async\" class=\"alignleft\" src=\"http:\/\/d22r54gnmuhwmk.cloudfront.net\/photos\/4\/nz\/cq\/dhnzCqnApENWJIg-1600x900-noPad.jpg?1458910186\" alt=\"\" width=\"413\" height=\"232\" \/> sindacati Fp Cgil Medici, Cisl Medici, Fpl Uil Medici e Simet aderiscono alla manifestazione nazionale indetta dallo Smi (Sindacato dei medici italiani) che si terr\u00e0 l\u201911 maggio 2016 a Roma a Montecitorio per dire no ai medici di famiglia h16. In una nota i sindacati di categoria spiegano: \u00abIl nuovo atto di indirizzo per il rinnovo della Convenzione di Medicina generale, approvato il 13 aprile dal Comitato di Settore per il Comparto Regioni-Sanit\u00e0, il cosiddetto H16, riduce di fatto l&#8217;assistenza della medicina generale da 24 ore su 24 a 16 ore su 24 nei giorni feriali e a 12 ore il sabato e i festivi, delegando tutti gli interventi sanitari, dai codici bianchi ai codici rossi, al sistema di emergenza urgenza 118, dalla mezzanotte alle 8 nei giorni feriali e dalle 20 alle 8 nei giorni di sabato e festivi\u00bb.<\/p>\n<p>Secondo i sindacati \u00abse tale progetto dovesse essere attuato, i medici del 118 dovrebbero occuparsi anche di febbre, mal di pancia, mal di schiena, con il rischio di lasciare scoperto quel paziente a cui il 118 pu\u00f2 salvare la vita. Inoltre per qualunque malore notturno il cittadino rischia di andare al pronto soccorso. Con l&#8217;ipotesi di attuazione del modello H16, le aggregazioni funzionali t<img loading=\"lazy\" decoding=\"async\" class=\"alignright\" src=\"http:\/\/images.slideplayer.it\/2\/582356\/slides\/slide_6.jpg\" alt=\"\" width=\"441\" height=\"330\" \/>erritoriali (AFT) ed il ruolo unico, piuttosto che un&#8217;importante opportunit\u00e0 di crescita, rischiano &#8211; proseguono &#8211; di diventare uno strumento per circoscrivere, in un ambito sempre pi\u00f9 ristretto, il potere decisionale, l&#8217;autonomia gestionale e le aspettative di una parte dei medici di Medicina generale (gli attuali Medici della Continuit\u00e0 Assistenziale, ex-Guardia Medica)\u00bb.<\/p>\n<p>Ruolo unico per noi significa che si pu\u00f2 fare tutti lo stesso lavoro, che tutti i medici, con un processo graduale che salvaguardi quanto gi\u00e0 acquisito, possono fare le notti e che tutti i medici possono essere scelti dai cittadini senza pi\u00f9 distinzioni. Con il nuovo atto di indirizzo si va invece verso una riduzione dell&#8217;assistenza notturna e si sbatte la porta in faccia ai giovani medici ai quali rimarrebbe una prospettiva di subalternit\u00e0 e di ridotti guadagni, pur avendo gli stessi titoli dei meno giovani. Per queste ragioni, concludono Fp Cgil Medici, Cisl Medici, Fpl Uil Medici e Simet, \u00abaderiamo alla manifestazione nazionale indetta dallo Smi che si terr\u00e0 l&#8217;11 maggio 2016 a Roma a Montecitorio per dire no ai medici di famiglia h16\u00bb.<\/p>\n<p><a href=\"https:\/\/www.federfarma.it\/Edicola\/Sole-24Ore-News\/VisualizzaNews.aspx?type=Sole24Ore&amp;key=AC7maSID\" target=\"_blank\" rel=\"noopener\"><span style=\"color: #0000ff;\">Federfarna &#8211; 29\/04\/2016 &#8211;\u00a0Le News del Sole 24Ore<\/span><\/a><\/p>\n<p>Related news:\u00a0<a href=\"http:\/\/www.sindacatomedicitaliani.it\/VNews\/NewsItem\/24403?Sezione=1\" target=\"_blank\" rel=\"noopener\"><span style=\"color: #0000ff;\">SMI: \u201cNo a medici famiglia h16, 11 maggio manifestazione a Roma\u201d. Il servizio do <strong>adn<\/strong>krnos salute<\/span><\/a><\/p>\n<p><span style=\"color: #0000ff;\"><a style=\"color: #0000ff;\" href=\"http:\/\/www.fedaiisf.it\/en\/sanita-il-medico-di-famiglia-attivo-tutti-i-giorni-differenze-fra-grandi-e-piccoli-centri\/\" target=\"_blank\">Healthcare, the family doctor active every day: differences between large and small centres<\/a><\/span><\/p>\n<div class=\"logoSole24Ore\"><\/div>","protected":false},"excerpt":{"rendered":"<p>I sindacati Fp Cgil Medici, Cisl Medici, Fpl Uil Medici e Simet aderiscono alla manifestazione nazionale indetta dallo Smi (Sindacato dei medici italiani) che si terr\u00e0 l\u201911 maggio 2016 a Roma a Montecitorio per dire no ai medici di famiglia h16. In una nota i sindacati di categoria spiegano: \u00abIl nuovo atto di indirizzo per &hellip;<\/p>","protected":false},"author":4,"featured_media":7076,"comment_status":"closed","ping_status":"closed","sticky":false,"template":"","format":"standard","meta":{"footnotes":""},"categories":[1],"tags":[79],"class_list":["post-25800","post","type-post","status-publish","format-standard","has-post-thumbnail","hentry","category-notizie","tag-ssn"],"amp_enabled":true,"_links":{"self":[{"href":"https:\/\/www.fedaiisf.it\/en\/wp-json\/wp\/v2\/posts\/25800","targetHints":{"allow":["GET"]}}],"collection":[{"href":"https:\/\/www.fedaiisf.it\/en\/wp-json\/wp\/v2\/posts"}],"about":[{"href":"https:\/\/www.fedaiisf.it\/en\/wp-json\/wp\/v2\/types\/post"}],"author":[{"embeddable":true,"href":"https:\/\/www.fedaiisf.it\/en\/wp-json\/wp\/v2\/users\/4"}],"replies":[{"embeddable":true,"href":"https:\/\/www.fedaiisf.it\/en\/wp-json\/wp\/v2\/comments?post=25800"}],"version-history":[{"count":0,"href":"https:\/\/www.fedaiisf.it\/en\/wp-json\/wp\/v2\/posts\/25800\/revisions"}],"wp:featuredmedia":[{"embeddable":true,"href":"https:\/\/www.fedaiisf.it\/en\/wp-json\/wp\/v2\/media\/7076"}],"wp:attachment":[{"href":"https:\/\/www.fedaiisf.it\/en\/wp-json\/wp\/v2\/media?parent=25800"}],"wp:term":[{"taxonomy":"category","embeddable":true,"href":"https:\/\/www.fedaiisf.it\/en\/wp-json\/wp\/v2\/categories?post=25800"},{"taxonomy":"post_tag","embeddable":true,"href":"https:\/\/www.fedaiisf.it\/en\/wp-json\/wp\/v2\/tags?post=25800"}],"curies":[{"name":"wp","href":"https:\/\/api.w.org\/{rel}","templated":true}]}}