{"id":26029,"date":"2016-05-11T11:58:29","date_gmt":"2016-05-11T09:58:29","guid":{"rendered":"http:\/\/www.fedaiisf.it\/?p=26029"},"modified":"2016-05-11T19:08:33","modified_gmt":"2016-05-11T17:08:33","slug":"le-associazioni-di-migliaia-di-pazienti-affetti-da-epatite-c-scrivono-a-matteo-renzi","status":"publish","type":"post","link":"https:\/\/www.fedaiisf.it\/en\/le-associazioni-di-migliaia-di-pazienti-affetti-da-epatite-c-scrivono-a-matteo-renzi\/","title":{"rendered":"The Associations of thousands of patients affected by Hepatitis C write to Matteo Renzi"},"content":{"rendered":"<p><em>\u201cCome \u00e8 possibile che 100mila persone non abbiano accesso ai nuovi farmaci salva vita?\u00a0Il Governo garantisca nuovi fondi alle regioni e assicuri un futuro a tutti!\u201d<\/em><\/p>\n<p><em>Le Associazioni AITF, ANED, ARRAN, EPAC, LILA, NADIR, PLUS, e le Federazioni FEDEMO, LIVER POOL, THALASSEMIA, forum TRAPIANTATI, <a href=\"http:\/\/www.sosfegato.it\/camo\/onlus\/all\/Lettera_renzi_ALL_Farmaci_antiHCV.pdf\" target=\"_blank\" data-saferedirecturl=\"https:\/\/www.google.com\/url?hl=it&amp;q=http:\/\/www.sosfegato.it\/camo\/onlus\/all\/Lettera_renzi_ALL_Farmaci_antiHCV.pdf&amp;source=gmail&amp;ust=1462957443718000&amp;usg=AFQjCNGWZO02oOgE-N0hyMLsDNOxOIreMw\" rel=\"noopener\">contestano il nuovo paradigma<\/a> \u201ccuriamo solo i pazienti gravi\u201d che rischia di smantellare l\u2019universalismo sanitario.<\/em><\/p>\n<figure class=\"cmsms_img_wrap\"><a class=\"cmsms_img_link preloader\" title=\"Le Associazioni di migliaia di pazienti affetti da Epatite C scrivono a Matteo Renzi\" href=\"http:\/\/fedemo.it\/le-associazioni-migliaia-pazienti-affetti-epatite-c\/\" target=\"_blank\" rel=\"noopener\"><img loading=\"lazy\" decoding=\"async\" class=\"full-width wp-post-image alignleft\" title=\"Le Associazioni di migliaia di pazienti affetti da Epatite C scrivono a Matteo Renzi\" src=\"http:\/\/fedemo.it\/wp-content\/uploads\/2016\/05\/epac.jpg\" srcset=\"http:\/\/fedemo.it\/wp-content\/uploads\/2016\/05\/epac.jpg 540w, http:\/\/fedemo.it\/wp-content\/uploads\/2016\/05\/epac-150x150.jpg 150w, http:\/\/fedemo.it\/wp-content\/uploads\/2016\/05\/epac-450x450.jpg 450w, http:\/\/fedemo.it\/wp-content\/uploads\/2016\/05\/epac-55x55.jpg 55w, http:\/\/fedemo.it\/wp-content\/uploads\/2016\/05\/epac-300x300.jpg 300w, http:\/\/fedemo.it\/wp-content\/uploads\/2016\/05\/epac-180x180.jpg 180w\" alt=\"Le Associazioni di migliaia di pazienti affetti da Epatite C scrivono a Matteo Renzi\" width=\"397\" height=\"397\" \/><\/a><\/figure>\n<div class=\"puzzle_post_content_wrapper\"><\/div>\n<p>Alla C.A. del Presidente del Consiglio <strong>Matteo Renzi<\/strong><\/p>\n<p>Oggetto:\u00a0<strong>interventi urgenti per garantire cure salva vita per epatite C a oltre 100.000 pazienti\u00a0<\/strong><\/p>\n<p>Gentile Presidente del Consiglio<\/p>\n<p>In nome e per conto di migliaia di pazienti affetti da Epatite C, con La presente vogliamo esprimere profonda preoccupazione per la grave situazione in cui versano almeno 100.000 pazienti che<strong>tuttora non posso accedere ai nuovi e potenti farmaci salva vita <\/strong>che curano l\u2019epatite C nel 95-100% dei casi.<\/p>\n<p>Il primo dei farmaci innovativi in oggetto \u00e8 stato autorizzato nel Dicembre 2014, ma reso rimborsabile <strong>solo ed esclusivamente per i pazienti con malattia grave o gravissima, attraverso limitazioni di accesso decise dall\u2019Agenzia del Farmaco<\/strong>.<\/p>\n<p>Tali limitazioni furono elaborate sulla scorta di un presunto impatto economico \u201cdevastante\u201d, calcolato sul costo medio per terapia, ma soprattutto su un numero di pazienti da curare ancora indefinito.<\/p>\n<p>Il solo fatto che nessuna Istituzione pubblica abbia provveduto a stimare con precisione il numero di pazienti con epatite C da curare rappresenta un primo fatto sorprendentemente negativo e che impedisce la elaborazione di qualunque stima di investimento necessario nel breve e medio periodo per garantire la cura per tutti i pazienti.<\/p>\n<p>A una tale mancanza, ha cercato di provvedere l\u2019associazione EpaC onlus, che attraverso la raccolta delle esenzioni per patologia di tutte le regioni Italiane, ha tentato di stimare il numero totale di pazienti diagnosticati ed eleggibili a un trattamento antivirale, in circa 160\/180.000.<\/p>\n<p>Se le nostre stime sono veritiere, e in virt\u00f9 di imminenti rinegoziazioni dei prezzi dei farmaci con le aziende farmaceutiche, \u00e8 assolutamente fattibile un piano di intervento pluriennale sostenibile per garantire la cura a tutti, da subito.<\/p>\n<p>Vogliamo sottolineare che altri Paesi al mondo hanno gi\u00e0 deciso di non porre alcun limite di accesso alle cure per l\u2019epatite C, come l\u2019Australia, il Portogallo, Olanda, Croazia ed altri Paesi.<\/p>\n<p>Le limitazioni di accesso stanno generando una serie di storture e anomalie incredibili a cui stiamo assistendo da diversi mesi.<\/p>\n<p><strong><img loading=\"lazy\" decoding=\"async\" class=\" alignright\" src=\"http:\/\/www.aloeverasalutebenessere.com\/wp-content\/uploads\/2015\/02\/epatite-c-810x323.jpg\" alt=\"\" width=\"454\" height=\"181\" \/>Parliamo del fenomeno del turismo farmaceutico<\/strong>, ovvero cittadini italiani che si recano nelle\u00a0<strong>farmacie di Paesi come India, Marocco, Egitto<\/strong> per <strong>acquistare di tasca propria la formula generica di tali farmaci,<\/strong> disponibili per qualche migliaio di euro e altrettanto efficaci.<\/p>\n<p><strong>Nei fatti, per quello che ci riguarda siamo in presenza della fine dell\u2019universalismo sanitario, da pi\u00f9 parti sbandierato, poich\u00e8 lo Stato non \u00e8 pi\u00f9 in grado di garantire l\u2019assistenza farmaceutica necessaria a un esercito di pazienti.<\/strong><\/p>\n<p>Eppure, Signor Primo Ministro,<\/p>\n<p><strong><span style=\"text-decoration: underline;\">Ci viene detto che per curarci dobbiamo attendere che la malattia si aggravi<\/span><\/strong><strong>, nonostante la letteratura scientifica e ogni elementare assunto sulla prevenzione, affermi chiaramente che le malattie infettive trasmissibili e cronico degenerative debbano essere bloccate e curate il prima possibile;<\/strong><\/p>\n<p><strong><span style=\"text-decoration: underline;\">ma, soprattutto, ci viene detto che non ci sono le risorse per curare tutti<\/span><\/strong><strong>.<\/strong><\/p>\n<p><strong>Tuttavia nessuno sa quanti sono questi \u201ctutti\u201d.<\/strong><\/p>\n<p>Vogliamo e pretendiamo che questa follia cessi.<\/p>\n<p><strong>Noi, in rappresentanza di migliaia di pazienti affetti da epatite C, le chiediamo un intervento immediato per garantire la cura a tutti i pazienti attraverso uno stanziamento pluriennale ragionevole e che consenta all\u2019Agenzia del Farmaco di eliminare immediatamente le restrizioni di accesso tuttora vigenti.<\/strong><\/p>\n<p>&nbsp;<\/p>\n<p><strong>Scarica la\u00a0<a href=\"http:\/\/fedemo.it\/wp-content\/uploads\/2016\/05\/lettera-renzi_ALL_Farmaci-antiHCV-1.pdf\" target=\"_blank\" rel=\"noopener\">Lettera al Presidente del Consiglio Matteo Renzi<\/a>\u00a0[PDF: 543 Kb]\u00a0<\/strong><\/p>\n<p><a href=\"http:\/\/fedemo.it\/le-associazioni-migliaia-pazienti-affetti-epatite-c\/\" target=\"_blank\" rel=\"noopener\"><span style=\"color: #0000ff;\">10 maggio 2016 &#8211; FedEmo<\/span><\/a><\/p>\n<p>Notizie correlate:\u00a0<a href=\"http:\/\/www.adnkronos.com\/salute\/farmaceutica\/2016\/05\/11\/farmaci-india-concede-brevetto-anti-epatite_9xFWGQkFy5H00lsfWVnTiN.html?refresh_ce\" target=\"_blank\" rel=\"noopener\"><span style=\"color: #0000ff;\">Farmaci, India concede brevetto anti-epatite C<\/span><\/a><\/p>\n<p><a href=\"http:\/\/www.beppegrillo.it\/movimento\/parlamento\/2016\/05\/epatite-c-giusto-prezzo-farmaci-e-necessario-chiamiamo-a-raccolta-istituzioni-esperti-e-cittadini.html\" target=\"_blank\" rel=\"noopener\"><span style=\"color: #0000ff;\">M5S.\u00a0Epatite C: giusto prezzo farmaci \u00e8 necessario, chiamiamo a raccolta istituzioni, esperti e cittadini<\/span><\/a><\/p>\n<p id=\"page-title\"><a href=\"http:\/\/www.agenziafarmaco.gov.it\/it\/content\/registri-aifa-l%E2%80%99agenzia-fornisce-informazioni-sui-dati-dei-trattamenti-con-i-nuovi-farmac-35\" target=\"_blank\" rel=\"noopener\"><span style=\"color: #0000ff;\">Registri AIFA: l\u2019Agenzia fornisce informazioni sui dati dei trattamenti con i nuovi farmaci per la cura dell\u2019epatite C<\/span><\/a><\/p>\n","protected":false},"excerpt":{"rendered":"<p>\u201cCome \u00e8 possibile che 100mila persone non abbiano accesso ai nuovi farmaci salva vita?\u00a0Il Governo garantisca nuovi fondi alle regioni e assicuri un futuro a tutti!\u201d Le Associazioni AITF, ANED, ARRAN, EPAC, LILA, NADIR, PLUS, e le Federazioni FEDEMO, LIVER POOL, THALASSEMIA, forum TRAPIANTATI, contestano il nuovo paradigma \u201ccuriamo solo i pazienti gravi\u201d che rischia &hellip;<\/p>","protected":false},"author":4,"featured_media":24160,"comment_status":"closed","ping_status":"closed","sticky":false,"template":"","format":"standard","meta":{"footnotes":""},"categories":[1],"tags":[29,79],"class_list":["post-26029","post","type-post","status-publish","format-standard","has-post-thumbnail","hentry","category-notizie","tag-prezzo-farmaci","tag-ssn"],"amp_enabled":true,"_links":{"self":[{"href":"https:\/\/www.fedaiisf.it\/en\/wp-json\/wp\/v2\/posts\/26029","targetHints":{"allow":["GET"]}}],"collection":[{"href":"https:\/\/www.fedaiisf.it\/en\/wp-json\/wp\/v2\/posts"}],"about":[{"href":"https:\/\/www.fedaiisf.it\/en\/wp-json\/wp\/v2\/types\/post"}],"author":[{"embeddable":true,"href":"https:\/\/www.fedaiisf.it\/en\/wp-json\/wp\/v2\/users\/4"}],"replies":[{"embeddable":true,"href":"https:\/\/www.fedaiisf.it\/en\/wp-json\/wp\/v2\/comments?post=26029"}],"version-history":[{"count":0,"href":"https:\/\/www.fedaiisf.it\/en\/wp-json\/wp\/v2\/posts\/26029\/revisions"}],"wp:featuredmedia":[{"embeddable":true,"href":"https:\/\/www.fedaiisf.it\/en\/wp-json\/wp\/v2\/media\/24160"}],"wp:attachment":[{"href":"https:\/\/www.fedaiisf.it\/en\/wp-json\/wp\/v2\/media?parent=26029"}],"wp:term":[{"taxonomy":"category","embeddable":true,"href":"https:\/\/www.fedaiisf.it\/en\/wp-json\/wp\/v2\/categories?post=26029"},{"taxonomy":"post_tag","embeddable":true,"href":"https:\/\/www.fedaiisf.it\/en\/wp-json\/wp\/v2\/tags?post=26029"}],"curies":[{"name":"wp","href":"https:\/\/api.w.org\/{rel}","templated":true}]}}