{"id":26103,"date":"2016-05-14T17:53:49","date_gmt":"2016-05-14T15:53:49","guid":{"rendered":"http:\/\/www.fedaiisf.it\/?p=26103"},"modified":"2016-05-15T18:40:36","modified_gmt":"2016-05-15T16:40:36","slug":"pena-di-morte-la-pfizer-ferma-la-produzione-dei-farmaci-per-liniezione-letale","status":"publish","type":"post","link":"https:\/\/www.fedaiisf.it\/en\/pena-di-morte-la-pfizer-ferma-la-produzione-dei-farmaci-per-liniezione-letale\/","title":{"rendered":"Death penalty, Pfizer stops production of lethal injection drugs"},"content":{"rendered":"<p>St<img decoding=\"async\" class=\"alignleft\" src=\"http:\/\/www.ilsecoloxix.it\/rw\/IlSecoloXIXWEB\/mondo\/foto_trattate\/2016\/05\/14\/444-ki6b--390x180@ilsecoloxixweb_265x122.jpg\" alt=\"\" \/>ccording to what the <em>New York Times<\/em> this morning the pharmaceutical company\u00a0<strong>Pfizer would have decided to stop selling the drugs if they are used for lethal injections<\/strong> in American prisons where this practice is foreseen as a capital punishment for convicts.<\/p>\n<p>In reality there are already 20 European and American pharmaceutical companies that have already announced similar initiatives but Pfizer&#039;s decision is considered a true milestone: the global pharmaceutical giant in fact has the size and influence on the market capable of dictating the way for the sector. The pharmaceutical company has in fact imposed strict controls on its products to ensure that they are not used for lethal injections for capital punishment.<\/p>\n<p>According to the Reprieve association, which fights the use of capital punishment in justice, from now on, states that intend to continue the execution of capital sentences will thus only be able to resort to the black market to procure substances:<\/p>\n<p>With this move, all manufacturers authorized by the federal authorities of the FDA have now blocked the sale of any potential execution drug, commented Maya Foa of Reprieve.<\/p>\n<p>From <a class=\"color-channel\" href=\"http:\/\/cronacaeattualita.blogosfere.it\/author\/3935\/a-s\" target=\"_blank\" rel=\"author noopener\">AS<\/a> <a href=\"http:\/\/cronacaeattualita.blogosfere.it\/post\/571549\/pena-di-morte-la-pfizer-ferma-la-produzione-dei-farmaci-per-liniezione-letale\" target=\"_blank\" rel=\"noopener\"><span style=\"color: #0000ff;\"><time datetime=\"2016-05-14T09:15:48+02:00\">Saturday 14 May 2016 \u2013 Chronicle and Current Affairs<\/time><\/span><\/a><\/p>\n<p>Related news:\u00a0<a href=\"http:\/\/www.nytimes.com\/2016\/05\/14\/us\/pfizer-execution-drugs-lethal-injection.html?_r=0\" target=\"_blank\" rel=\"noopener\"><span style=\"color: #0000ff;\">Pfizer Blocks the Use of Its Drugs in Executions<\/span><\/a><\/p>\n<p><a href=\"http:\/\/it.blastingnews.com\/cronaca\/2016\/05\/papa-francesco-unione-chiesa-e-pfizer-farmaceutica-vincente-contro-la-pena-capitale-00920579.html\" target=\"_blank\" rel=\"noopener\"><span style=\"color: #0000ff;\">Pope Francis: union church and Pfizer pharmaceutical winner against capital punishment<\/span><\/a><\/p>\n<p><img decoding=\"async\" class=\"aligncenter\" src=\"http:\/\/th.blogosfere.it\/pAKB5PHGyOPC0H5gJKtzlVpxyXk=\/fit-in\/655xorig\/http:\/\/media-s3.blogosfere.it\/cronacaeattualita\/6\/667\/56579745.jpg\" alt=\"56579745.jpg\" \/><\/p>","protected":false},"excerpt":{"rendered":"<p>Secondo quanto riferisce il New York Times questa mattina l&#8217;azienda farmaceutica\u00a0Pfizer avrebbe deciso di interrompere la vendita dei farmaci se questi saranno utilizzati per le iniezioni letali nelle carceri americane in cui \u00e8 prevista questa pratica come pena capitale ai condannati. In realt\u00e0 sono gi\u00e0 20 le case farmaceutiche europee e americane che hanno gi\u00e0 &hellip;<\/p>","protected":false},"author":4,"featured_media":26109,"comment_status":"closed","ping_status":"closed","sticky":false,"template":"","format":"standard","meta":{"footnotes":""},"categories":[1],"tags":[46],"class_list":["post-26103","post","type-post","status-publish","format-standard","has-post-thumbnail","hentry","category-notizie","tag-pfizer"],"amp_enabled":true,"_links":{"self":[{"href":"https:\/\/www.fedaiisf.it\/en\/wp-json\/wp\/v2\/posts\/26103","targetHints":{"allow":["GET"]}}],"collection":[{"href":"https:\/\/www.fedaiisf.it\/en\/wp-json\/wp\/v2\/posts"}],"about":[{"href":"https:\/\/www.fedaiisf.it\/en\/wp-json\/wp\/v2\/types\/post"}],"author":[{"embeddable":true,"href":"https:\/\/www.fedaiisf.it\/en\/wp-json\/wp\/v2\/users\/4"}],"replies":[{"embeddable":true,"href":"https:\/\/www.fedaiisf.it\/en\/wp-json\/wp\/v2\/comments?post=26103"}],"version-history":[{"count":0,"href":"https:\/\/www.fedaiisf.it\/en\/wp-json\/wp\/v2\/posts\/26103\/revisions"}],"wp:featuredmedia":[{"embeddable":true,"href":"https:\/\/www.fedaiisf.it\/en\/wp-json\/wp\/v2\/media\/26109"}],"wp:attachment":[{"href":"https:\/\/www.fedaiisf.it\/en\/wp-json\/wp\/v2\/media?parent=26103"}],"wp:term":[{"taxonomy":"category","embeddable":true,"href":"https:\/\/www.fedaiisf.it\/en\/wp-json\/wp\/v2\/categories?post=26103"},{"taxonomy":"post_tag","embeddable":true,"href":"https:\/\/www.fedaiisf.it\/en\/wp-json\/wp\/v2\/tags?post=26103"}],"curies":[{"name":"wp","href":"https:\/\/api.w.org\/{rel}","templated":true}]}}