{"id":26175,"date":"2016-05-18T12:35:33","date_gmt":"2016-05-18T10:35:33","guid":{"rendered":"http:\/\/www.fedaiisf.it\/?p=26175"},"modified":"2016-05-19T14:02:49","modified_gmt":"2016-05-19T12:02:49","slug":"la-rai-fa-cattiva-informazione-sui-vaccini-le-societa-medico-scientifiche-scrivono-a-lorenzin","status":"publish","type":"post","link":"https:\/\/www.fedaiisf.it\/en\/la-rai-fa-cattiva-informazione-sui-vaccini-le-societa-medico-scientifiche-scrivono-a-lorenzin\/","title":{"rendered":"Rai makes bad information on vaccines: medical-scientific societies write to Lorenzin"},"content":{"rendered":"<p><em>\u00abIl discredito gettato sui vaccini da parte di interlocutori non competenti &#8211; si legge nella lettera &#8211; ma solo portatori di proprie indimostrate visioni e ideologie personali sul tema, si configura come un procurato allarme a genitori sempre pi\u00f9 disorientati di fronte a affermazioni sconcertanti come \u201cI vaccini sono pericolosi e danneggiano la salute dei bambini\u201d\u00bb.<\/em><\/p>\n<p><a href=\"http:\/\/www.healthdesk.it\/cronache\/rai-fa-cattiva-informazione-vaccini-societ-medico-scientifiche-scrivono-lorenzin\" target=\"_blank\" rel=\"noopener\"><span style=\"color: #0000ff;\">HealthDesk redazione, <em><time datetime=\"2016-05-17T12:26:34+0200\">17 Maggio 2016<\/time><\/em><\/span><\/a><\/p>\n<p><img loading=\"lazy\" decoding=\"async\" class=\"alignleft\" src=\"http:\/\/www.giornalettismo.com\/wp-content\/uploads\/2016\/05\/red-ronnie.jpg\" alt=\"\" width=\"394\" height=\"260\" \/>\u00abLa televisione di Stato non dovrebbe, a nostro avviso, contribuire a diffondere teorie e comportamenti scientificamente non provati\u00bb. Cos\u00ec, in una lettera al ministro della Salute Beatrice Lorenzin, i rappresentanti di quattro societ\u00e0 e associazioni mediche\u00a0 condannano il modo in cui la trasmissione Vulnus su Rai 2 dello scorso 12 maggio ha trattato il tema delle vaccinazioni. In nome della libert\u00e0 di opinione, sostengono i firmatari della lettera, si \u00e8 assistito a \u00abuna palese violazione del dovere di informare correttamente\u00bb. Perch\u00e9 si \u00e8 dato molto pi\u00f9 spazio a opinioni infondate piuttosto che alle testimonianze degli scienziati. Con il rischio di alimentare le paure dei genitori.<\/p>\n<p>La lettera \u00e8 firmata dalla Societ\u00e0 Italiana di Igiene (SItI), la Federazione Italiana Medici Pediatri (Fimp), la Societ\u00e0 Italiana di Pediatria (Sip) e la Federazione Italiana Medici di Medicina Generale (Fimmg).<\/p>\n<p>\u00abIl discredito gettato sui vaccini da parte di interlocutori non competenti &#8211; si legge nella lettera &#8211; ma solo portatori di proprie indimostrate visioni e ideologie personali sul tema, si configura come un procurato allarme a genitori sempre pi\u00f9 disorientati di fronte a affermazioni sconcertanti come \u201cI vaccini sono pericolosi e danneggiano la salute dei bambini\u201d. Si sente spesso dire \u201cio credo, io non credo ai vaccini\u201d. Ma i vaccini, cos\u00ec come i farmaci contro gravi malattie, trovano le motivazioni del loro utilizzo in studi scientifici rigorosi non in fedi religiose, politiche o filosofiche\u00bb.<\/p>\n<p><img loading=\"lazy\" decoding=\"async\" class=\"alignright\" src=\"https:\/\/i.ytimg.com\/vi\/bNDAav4nRtk\/maxresdefault.jpg\" alt=\"\" width=\"482\" height=\"271\" \/>\u00c8 ben altro quello che i medici si sarebbero aspettati di sentire da una trasmissione in onda sulle reti del servizio pubblico.<\/p>\n<p>\u00abL\u2019unica verit\u00e0 \u00e8 che le vaccinazioni sono uno degli strumenti pi\u00f9 efficaci messo a disposizione dalla scienza con esempi fin troppo evidenti: il vaiolo provocava ogni anno 5 milioni di morti ed \u00e8 scomparso; oggi abbiamo 2,5 milioni di morti in meno ogni anno per malattie prevenute dai vaccini; non vediamo pi\u00f9 persone morte o paralizzate a causa della poliomielite; tutto questo (e molto altro) \u00e8 dovuto alle elevate coperture vaccinali che abbiamo ottenuto storicamente a livello internazionale e nazionale con molto impegno, ma che ora sono messe a repentaglio anche da una sistematica disinformazione\u00bb.<\/p>\n<p>Cos\u00ec si rischia di riaprire la strada a malattie come difterite, meningite da Haemophilus influenzae, panencefalite da morbillo e altre ancora.<\/p>\n<p><img loading=\"lazy\" decoding=\"async\" class=\"alignleft\" src=\"http:\/\/i2.wp.com\/www.cattivamaestra.it\/wp-content\/uploads\/2016\/05\/rd-tw-02.jpg?resize=483%2C278\" alt=\"\" width=\"278\" height=\"160\" \/>In conclusione i medici rivolgono un appello a Lrenzin per porre un freno alla cattiva e pericolosa informazione: \u00abConoscendo il suo impegno a favore della salute di tutti e il suo sostegno costante delle vaccinazioni come strumento irrinunciabile per la salute di individui e comunit\u00e0 Le chiediamo coralmente un Suo interessamento per portare questo grave problema, pregiudizievole per la salute della popolazione italiana, all\u2019attenzione della Commissione di Vigilanza Rai<\/p>\n<p>&nbsp;<\/p>\n<p>&nbsp;<\/p>\n<p>Related news: <a href=\"http:\/\/www.fimmg.org\/index.php?action=pages&amp;m=view&amp;p=42&amp;art=1847\" target=\"_blank\" rel=\"noopener\"><span style=\"color: #0000ff;\">Fimmg.\u00a0Trasmissione di Rai 2 \u2018Virus\u2019 del 12 maggio 2016<\/span><\/a><\/p>\n<p><a href=\"http:\/\/www.fimmg.org\/index.php?action=pages&amp;m=view&amp;p=18&amp;art=1849\" target=\"_blank\" rel=\"noopener\"><span style=\"color: #0000ff;\">Fimmg.\u00a0Vaccini: chi ne parla deve essere competente<\/span><\/a><\/p>\n<p><span style=\"color: #0000ff;\"><a style=\"color: #0000ff;\" href=\"http:\/\/www.fedaiisf.it\/en\/mi-sento-l%CA%BCassassina-di-mia-figlia-perche-non-l%CA%BCho-vaccinata-la-tragica-storia-di-una-giovane-mamma\/\" target=\"_blank\">\u201cMi sento l\u2019assassina di mia figlia perch\u00e9 non l\u2019ho vaccinata\u201d: la tragica storia di una giovane mamma<\/a><\/span><\/p>\n<p><span style=\"color: #0000ff;\"><a style=\"color: #0000ff;\" href=\"http:\/\/www.fedaiisf.it\/en\/linesistente-teoria-del-complotto-a-favore-dei-vaccini\/\" target=\"_blank\">L\u2019inesistente teoria del complotto a favore dei vaccini. In Toscana, \u00e8 fuga dalla vaccinazione anti-meningite<\/a><\/span><\/p>\n<p class=\"Title\"><a href=\"https:\/\/www.federfarma.it\/Edicola\/Sole-24Ore-News\/VisualizzaNews.aspx?type=Sole24Ore&amp;key=ADhDDLL\" target=\"_blank\" rel=\"noopener\"><span style=\"color: #0000ff;\">I tragici effetti del calo vaccinale, muore una bambina di pertosse:?\u00abMa allora la pertosse ancora esiste?\u00bb<\/span><\/a><\/p>","protected":false},"excerpt":{"rendered":"<p>\u00abIl discredito gettato sui vaccini da parte di interlocutori non competenti &#8211; si legge nella lettera &#8211; ma solo portatori di proprie indimostrate visioni e ideologie personali sul tema, si configura come un procurato allarme a genitori sempre pi\u00f9 disorientati di fronte a affermazioni sconcertanti come \u201cI vaccini sono pericolosi e danneggiano la salute dei &hellip;<\/p>","protected":false},"author":4,"featured_media":26179,"comment_status":"closed","ping_status":"closed","sticky":false,"template":"","format":"standard","meta":{"footnotes":""},"categories":[1],"tags":[39],"class_list":["post-26175","post","type-post","status-publish","format-standard","has-post-thumbnail","hentry","category-notizie","tag-vaccini"],"amp_enabled":true,"_links":{"self":[{"href":"https:\/\/www.fedaiisf.it\/en\/wp-json\/wp\/v2\/posts\/26175","targetHints":{"allow":["GET"]}}],"collection":[{"href":"https:\/\/www.fedaiisf.it\/en\/wp-json\/wp\/v2\/posts"}],"about":[{"href":"https:\/\/www.fedaiisf.it\/en\/wp-json\/wp\/v2\/types\/post"}],"author":[{"embeddable":true,"href":"https:\/\/www.fedaiisf.it\/en\/wp-json\/wp\/v2\/users\/4"}],"replies":[{"embeddable":true,"href":"https:\/\/www.fedaiisf.it\/en\/wp-json\/wp\/v2\/comments?post=26175"}],"version-history":[{"count":0,"href":"https:\/\/www.fedaiisf.it\/en\/wp-json\/wp\/v2\/posts\/26175\/revisions"}],"wp:featuredmedia":[{"embeddable":true,"href":"https:\/\/www.fedaiisf.it\/en\/wp-json\/wp\/v2\/media\/26179"}],"wp:attachment":[{"href":"https:\/\/www.fedaiisf.it\/en\/wp-json\/wp\/v2\/media?parent=26175"}],"wp:term":[{"taxonomy":"category","embeddable":true,"href":"https:\/\/www.fedaiisf.it\/en\/wp-json\/wp\/v2\/categories?post=26175"},{"taxonomy":"post_tag","embeddable":true,"href":"https:\/\/www.fedaiisf.it\/en\/wp-json\/wp\/v2\/tags?post=26175"}],"curies":[{"name":"wp","href":"https:\/\/api.w.org\/{rel}","templated":true}]}}