{"id":26205,"date":"2016-05-19T13:53:54","date_gmt":"2016-05-19T11:53:54","guid":{"rendered":"http:\/\/www.fedaiisf.it\/?p=26205"},"modified":"2016-05-19T13:53:54","modified_gmt":"2016-05-19T11:53:54","slug":"agrigento-scontro-tra-auto-e-moto-grave-informatore-scientifico","status":"publish","type":"post","link":"https:\/\/www.fedaiisf.it\/en\/agrigento-scontro-tra-auto-e-moto-grave-informatore-scientifico\/","title":{"rendered":"Agrigento, collision between cars and motorcycles: serious scientific whistleblower"},"content":{"rendered":"<p>Maurizio Vullo, ISF, 53 anni, \u00e8 conosciuto anche per la sua attivit\u00e0 di dirigente di societ\u00e0 calcistiche. E&#8217; ricoverato in Rianimazione a Caltanissetta.<\/p>\n<p><a href=\"http:\/\/palermo.repubblica.it\/cronaca\/2016\/05\/19\/news\/agrigento_scontro_tra_auto_e_moto_grave_informatore_scientifico-140135207\/\" target=\"_blank\" rel=\"noopener\"><span style=\"color: #0000ff;\">19\/05\/206 &#8211; R.it Palermo<\/span><\/a><\/p>\n<p><img decoding=\"async\" class=\" alignleft\" src=\"http:\/\/www.repstatic.it\/content\/localirep\/img\/rep-palermo\/2016\/05\/19\/123759906-abd6e7c5-38fb-434d-b78e-927b3e20a18b.jpg\" alt=\"Agrigento, scontro tra auto e moto: grave informatore scientifico\" \/>Un uomo di 53 anni di Favara, \u00e8 rimasto gravemente ferito in un incidente stradale. Maurizio Vullo, informatore medico-scientifico\u00a0molto noto anche per la sua attivit\u00e0 di dirigente di societ\u00e0 calcistiche, si trovava a bordo della sua moto Bmw che si \u00e8 scontrata contro una Bmw serie 1 il cui conducente [n.d.r.:\u00a0<em>un operatore sanitario palmese di 29 anni<\/em>] \u00a0\u00e8 rimasto ferito seppure in maniera meno grave del motociclista.<\/p>\n<p>L&#8217;incidente \u00e8 avvenuto sulla\u00a0statale 115, nei pressi di Marina di Palma. Vullo \u00e8 stato trasportato in elicottero all&#8217;ospedale Sant&#8217;Elia di Caltanissetta e adesso \u00e8 ricoverato in Rianimazione.<\/p>\n","protected":false},"excerpt":{"rendered":"<p>Maurizio Vullo, ISF, 53 anni, \u00e8 conosciuto anche per la sua attivit\u00e0 di dirigente di societ\u00e0 calcistiche. E&#8217; ricoverato in Rianimazione a Caltanissetta. 19\/05\/206 &#8211; R.it Palermo Un uomo di 53 anni di Favara, \u00e8 rimasto gravemente ferito in un incidente stradale. Maurizio Vullo, informatore medico-scientifico\u00a0molto noto anche per la sua attivit\u00e0 di dirigente di &hellip;<\/p>","protected":false},"author":4,"featured_media":26209,"comment_status":"closed","ping_status":"closed","sticky":false,"template":"","format":"standard","meta":{"footnotes":""},"categories":[1],"tags":[23],"class_list":["post-26205","post","type-post","status-publish","format-standard","has-post-thumbnail","hentry","category-notizie","tag-informatore"],"amp_enabled":true,"_links":{"self":[{"href":"https:\/\/www.fedaiisf.it\/en\/wp-json\/wp\/v2\/posts\/26205","targetHints":{"allow":["GET"]}}],"collection":[{"href":"https:\/\/www.fedaiisf.it\/en\/wp-json\/wp\/v2\/posts"}],"about":[{"href":"https:\/\/www.fedaiisf.it\/en\/wp-json\/wp\/v2\/types\/post"}],"author":[{"embeddable":true,"href":"https:\/\/www.fedaiisf.it\/en\/wp-json\/wp\/v2\/users\/4"}],"replies":[{"embeddable":true,"href":"https:\/\/www.fedaiisf.it\/en\/wp-json\/wp\/v2\/comments?post=26205"}],"version-history":[{"count":0,"href":"https:\/\/www.fedaiisf.it\/en\/wp-json\/wp\/v2\/posts\/26205\/revisions"}],"wp:featuredmedia":[{"embeddable":true,"href":"https:\/\/www.fedaiisf.it\/en\/wp-json\/wp\/v2\/media\/26209"}],"wp:attachment":[{"href":"https:\/\/www.fedaiisf.it\/en\/wp-json\/wp\/v2\/media?parent=26205"}],"wp:term":[{"taxonomy":"category","embeddable":true,"href":"https:\/\/www.fedaiisf.it\/en\/wp-json\/wp\/v2\/categories?post=26205"},{"taxonomy":"post_tag","embeddable":true,"href":"https:\/\/www.fedaiisf.it\/en\/wp-json\/wp\/v2\/tags?post=26205"}],"curies":[{"name":"wp","href":"https:\/\/api.w.org\/{rel}","templated":true}]}}