{"id":26238,"date":"2016-04-21T11:48:45","date_gmt":"2016-04-21T09:48:45","guid":{"rendered":"http:\/\/www.fedaiisf.it\/?p=26238"},"modified":"2016-05-21T11:50:59","modified_gmt":"2016-05-21T09:50:59","slug":"snami-non-piu-leggi-e-norme-scritte-fa-fede-quanto-detto-in-tv","status":"publish","type":"post","link":"https:\/\/www.fedaiisf.it\/en\/snami-non-piu-leggi-e-norme-scritte-fa-fede-quanto-detto-in-tv\/","title":{"rendered":"SNAMI. No more laws and written rules. What was said on TV is true"},"content":{"rendered":"<p><em>Ancora una volta quanto pronunciato con stizzita insistenza dalla Ministra della Repubblica non corrisponda a quanto \u00e8 normato nel decreto appropriatezza, che in realt\u00e0 \u00e8 un decreto taglia esami.\u00a0L\u2019aggravante \u00e8 che il decreto \u00e8 il suo.\u00a0Beatrice Lorenzin dica ai Medici qual \u00e8 la versione corretta: quella della gazzetta ufficiale oppure la sua esternata nei\u00a0programmi televisivi?\u00a0<\/em><\/p>\n<p><a href=\"http:\/\/activenet-wp-snami.s3-eu-west-1.amazonaws.com\/wp-content\/uploads\/20160421053309\/CLICCA-QUI-PER-LEGGERE-21-aprile-2016-COMUNICATO-STAMPA-NAZIONALE-SNAMI1.pdf\" target=\"_blank\" rel=\"noopener\"><span style=\"color: #0000ff;\">SNAMI &#8211; Comunicato\u00a021 Aprile 2016<\/span><\/a><\/p>\n<p><img loading=\"lazy\" decoding=\"async\" class=\"aligncenter\" src=\"http:\/\/www.snami.org\/wp-content\/uploads\/download.jpg\" alt=\"\" width=\"190\" height=\"108\" \/><\/p>\n<h3 style=\"text-align: center;\"><span style=\"color: #000000;\">\u00abDECRETO TAGLIA ESAMI\u00bb NUOVAMENTE DECLINATO SULLO SCHERMO <\/span><\/h3>\n<h1 style=\"text-align: center;\"><span style=\"color: #800000;\">NON PIU\u2019 LEGGI E NORME SCRITTE. FA FEDE QUANTO DETTO IN TV<\/span><\/h1>\n<p><span style=\"color: #800000;\"><strong>Angel Head<\/strong><\/span>: <strong>&#8220;Invito seriamente i Colleghi a dimenticare le norme vigenti e ringrazio pubblicamente la signora Lorenzin delle indicazioni, corrette, puntuali e pertinenti che ci comunica tramite la televisione. Chiediamo alla FNOMCeO di intervenire tempestivamente&#8221;<\/strong><\/p>\n<p><img loading=\"lazy\" decoding=\"async\" class=\"alignleft\" src=\"http:\/\/media.polisblog.it\/e\/e30\/ballaro-puntata-29-settembre-2015-diretta-lorenzin-sondaggi.png\" alt=\"\" width=\"444\" height=\"280\" \/>Roma 21 Aprile 2016. Alle \u00abvolte ritornano\u00bb e puntualmente Beatrice Lorenzin \u00e8 intervenuta alla trasmissione Ballar\u00f2 dell\u2019altro ieri condotta da Massimo Giannini e altrettanto puntualmente ha dettato le norme \u00abcerte\u00bb da scolpire sulle tavole della prescrivibilit\u00e0.<\/p>\n<p>&#8220;Peccato&#8221; \u00a0denuncia Angelo Testa, presidente nazionale dello Snami &#8220;che ancora una volta quanto pronunciato con stizzita insistenza dalla Ministra della Repubblica non corrisponda a quanto \u00e8 normato nel decreto appropriatezza, che in realt\u00e0 \u00e8 un decreto taglia esami. L\u2019aggravante \u00e8 che il decreto \u00e8 il suo e che ormai le sue \u00abinesattezze insistenti\u00bb narrate in interviste televisive non sono un\u2019eccezione ma fanno parte di una lunga serie.<\/p>\n<p>Beatrice Lorenzin dica ai Medici qual \u00e8 la versione corretta: quella della gazzetta ufficiale oppure la sua esternata a Ballar\u00f2, sky tg 24 e in altri programmi televisivi? Che intervenga la dott.ssa Chersevani, presidente della FNOMCeO, perch\u00e9 si \u00e8 superato ogni limite: il ministro vuole sapere il nome del Medico che ha prescritto, fuori dal SSN, una colesterolemia in gravidanza.<\/p>\n<p>Dai toni inquisitori usati magari lo vorrebbe punire per aver rispettato una norma limitativa statale ancora vigente? Per non parlare poi delle informazioni fuorvianti che i cittadini\u00a0recepiscono per cui diventa naturale l\u2019equazione: quegli esami si possono prescrivere, lo ha detto con convinzione in Tv il Ministro, allora \u00e8 il mio Medico di fiducia che mi vuole penalizzare!<\/p>\n<p>Snami Press Office<\/p>\n<p>Related news: <a href=\"http:\/\/www.fimmgroma.org\/servizi-agli-iscritti\/per-la-professione\/smartletter\/10340-ballaro-altro-spot-del-ministero-sul-decreto-lorenzin-ma-gli-italiani-non-ci-cascano-il-68-di-ce-no\" target=\"_blank\" rel=\"noopener\"><span style=\"color: #0000ff;\">Fimmg.\u00a0BALLARO&#8217; : Altro &#8221;Spot&#8221; del Ministero sul decreto Lorenzin ma gli italiani non ci cascano il 68% dice no<\/span><\/a><\/p>\n<p><a href=\"http:\/\/www.rai.tv\/dl\/RaiTV\/programmi\/media\/ContentItem-39056e09-0435-413b-afaf-f4f25f57e0a6.html#p=0\" target=\"_blank\" rel=\"noopener\">IL VIDEO DELLA TRASMISSIONE<\/a><\/p>","protected":false},"excerpt":{"rendered":"<p>Ancora una volta quanto pronunciato con stizzita insistenza dalla Ministra della Repubblica non corrisponda a quanto \u00e8 normato nel decreto appropriatezza, che in realt\u00e0 \u00e8 un decreto taglia esami.\u00a0L\u2019aggravante \u00e8 che il decreto \u00e8 il suo.\u00a0Beatrice Lorenzin dica ai Medici qual \u00e8 la versione corretta: quella della gazzetta ufficiale oppure la sua esternata nei\u00a0programmi televisivi?\u00a0 &hellip;<\/p>","protected":false},"author":4,"featured_media":26243,"comment_status":"closed","ping_status":"closed","sticky":false,"template":"","format":"standard","meta":{"footnotes":""},"categories":[1],"tags":[41,28,79],"class_list":["post-26238","post","type-post","status-publish","format-standard","has-post-thumbnail","hentry","category-notizie","tag-leggisentenze","tag-lorenzin","tag-ssn"],"amp_enabled":true,"_links":{"self":[{"href":"https:\/\/www.fedaiisf.it\/en\/wp-json\/wp\/v2\/posts\/26238","targetHints":{"allow":["GET"]}}],"collection":[{"href":"https:\/\/www.fedaiisf.it\/en\/wp-json\/wp\/v2\/posts"}],"about":[{"href":"https:\/\/www.fedaiisf.it\/en\/wp-json\/wp\/v2\/types\/post"}],"author":[{"embeddable":true,"href":"https:\/\/www.fedaiisf.it\/en\/wp-json\/wp\/v2\/users\/4"}],"replies":[{"embeddable":true,"href":"https:\/\/www.fedaiisf.it\/en\/wp-json\/wp\/v2\/comments?post=26238"}],"version-history":[{"count":0,"href":"https:\/\/www.fedaiisf.it\/en\/wp-json\/wp\/v2\/posts\/26238\/revisions"}],"wp:featuredmedia":[{"embeddable":true,"href":"https:\/\/www.fedaiisf.it\/en\/wp-json\/wp\/v2\/media\/26243"}],"wp:attachment":[{"href":"https:\/\/www.fedaiisf.it\/en\/wp-json\/wp\/v2\/media?parent=26238"}],"wp:term":[{"taxonomy":"category","embeddable":true,"href":"https:\/\/www.fedaiisf.it\/en\/wp-json\/wp\/v2\/categories?post=26238"},{"taxonomy":"post_tag","embeddable":true,"href":"https:\/\/www.fedaiisf.it\/en\/wp-json\/wp\/v2\/tags?post=26238"}],"curies":[{"name":"wp","href":"https:\/\/api.w.org\/{rel}","templated":true}]}}