{"id":26372,"date":"2016-05-26T18:09:10","date_gmt":"2016-05-26T16:09:10","guid":{"rendered":"http:\/\/www.fedaiisf.it\/?p=26372"},"modified":"2016-05-29T17:58:16","modified_gmt":"2016-05-29T15:58:16","slug":"astrazeneca-ha-annunciato-il-licenziamento-di-100-dipendenti-degli-850-che-ha-in-spagna","status":"publish","type":"post","link":"https:\/\/www.fedaiisf.it\/en\/astrazeneca-ha-annunciato-il-licenziamento-di-100-dipendenti-degli-850-che-ha-in-spagna\/","title":{"rendered":"AstraZeneca has announced the layoff of 100 of the 850 employees it has in Spain"},"content":{"rendered":"<p><span class=\"goog-text-highlight\"><img loading=\"lazy\" decoding=\"async\" class=\"alignleft\" src=\"https:\/\/pbs.twimg.com\/media\/Cd0VYblUkAAL-1E.jpg\" alt=\"\" width=\"324\" height=\"162\" \/>Spain. AstraZeneca has announced it will start a collective redundancy process in the coming weeks that will affect around 100 employees in its marketing, assistance and communications division.<\/span><\/p>\n<p>AstraZeneca said it &quot;made this decision with responsibility and commitment, after an analysis on the need to adapt to market challenges and become more competitive, and to be more efficient and effective to further develop and deliver innovative treatments for patients.&quot; .<\/p>\n<p>Meetings will begin as early as today &quot;with the workers&#039; representatives so that together we can reach agreements that minimize the effects of this decision&quot;.<\/p>\n<p><img loading=\"lazy\" decoding=\"async\" class=\"alignright\" src=\"https:\/\/pbs.twimg.com\/media\/CZj6_3BWAAAjKHr.jpg\" alt=\"\" width=\"124\" height=\"186\" \/>Although this news represents an 11.7 per cent reduction in AstraZeneca&#039;s workforce in Spain, the company &quot;wants to reaffirm its strong long-term commitment and scientific potential in the country&quot;.<\/p>\n<p><span class=\"goog-text-highlight\">The press reported that the company headed by <strong>Eduardo Recorder<\/strong>, he said that \u201cthis is a market with great development potential and AstraZeneca will have a lot to say in the future development of innovative treatments for patients\u201d.<\/span><\/p>\n<p><a href=\"http:\/\/www.elglobal.net\/noticias-medicamento\/2016-05-26\/industria-farmaceutica\/astrazeneca-anuncia-el-despido-de-100-empleados-de-los-850-trabajadores-que-tiene-en-espana\/pagina.aspx?idart=984612\" target=\"_blank\" rel=\"noopener\"><span style=\"color: #0000ff;\">Thursday, May 26, 2016 \/ El Global<\/span><\/a><\/p>\n<p>Related news:\u00a0<a href=\"http:\/\/www.aboutpharma.com\/blog\/2016\/05\/27\/dermatologia-accordo-collaborazione-almirall-la-start-bicosome\/\" target=\"_blank\" rel=\"noopener\"><span style=\"color: #0000ff;\">Dermatology, collaboration agreement between Almirall and the start-up Bicosome<\/span><\/a><\/p>\n<p class=\"_3vVzO5jnzYMmXCrLkmLWfS\" data-reactid=\".2bswd3j7gu8.0.2.2.0.1.0.$O7UE6P6S972801.0.0.0.0.0.0.0\"><span style=\"color: #0000ff;\"><a style=\"color: #0000ff;\" href=\"http:\/\/www.bloomberg.com\/gadfly\/articles\/2016-05-27\/astrazeneca-s-zs-9-deal-turns-bad\" target=\"_blank\" rel=\"noopener\"><span class=\"goog-text-highlight\">AstraZeneca&#039;s Good Deal Turns Bad<\/span><\/a><\/span><\/p>\n<p>&nbsp;<\/p>","protected":false},"excerpt":{"rendered":"<p>Spagna. AstraZeneca ha annunciato di avviare un processo di licenziamento collettivo nelle prossime settimane che interesser\u00e0 circa 100 dipendenti della divisione marketing, assistenza e comunicazione. AstraZeneca ha dichiarato che &#8220;ha preso questa decisione con responsabilit\u00e0 e impegno, dopo un&#8217;analisi sulla necessit\u00e0 di adattarsi alle sfide del mercato e diventare pi\u00f9 competitiva, e per essere pi\u00f9 &hellip;<\/p>","protected":false},"author":4,"featured_media":704,"comment_status":"closed","ping_status":"closed","sticky":false,"template":"","format":"standard","meta":{"footnotes":""},"categories":[1],"tags":[27],"class_list":["post-26372","post","type-post","status-publish","format-standard","has-post-thumbnail","hentry","category-notizie","tag-licenziati"],"amp_enabled":true,"_links":{"self":[{"href":"https:\/\/www.fedaiisf.it\/en\/wp-json\/wp\/v2\/posts\/26372","targetHints":{"allow":["GET"]}}],"collection":[{"href":"https:\/\/www.fedaiisf.it\/en\/wp-json\/wp\/v2\/posts"}],"about":[{"href":"https:\/\/www.fedaiisf.it\/en\/wp-json\/wp\/v2\/types\/post"}],"author":[{"embeddable":true,"href":"https:\/\/www.fedaiisf.it\/en\/wp-json\/wp\/v2\/users\/4"}],"replies":[{"embeddable":true,"href":"https:\/\/www.fedaiisf.it\/en\/wp-json\/wp\/v2\/comments?post=26372"}],"version-history":[{"count":0,"href":"https:\/\/www.fedaiisf.it\/en\/wp-json\/wp\/v2\/posts\/26372\/revisions"}],"wp:featuredmedia":[{"embeddable":true,"href":"https:\/\/www.fedaiisf.it\/en\/wp-json\/wp\/v2\/media\/704"}],"wp:attachment":[{"href":"https:\/\/www.fedaiisf.it\/en\/wp-json\/wp\/v2\/media?parent=26372"}],"wp:term":[{"taxonomy":"category","embeddable":true,"href":"https:\/\/www.fedaiisf.it\/en\/wp-json\/wp\/v2\/categories?post=26372"},{"taxonomy":"post_tag","embeddable":true,"href":"https:\/\/www.fedaiisf.it\/en\/wp-json\/wp\/v2\/tags?post=26372"}],"curies":[{"name":"wp","href":"https:\/\/api.w.org\/{rel}","templated":true}]}}