{"id":26641,"date":"2016-06-12T08:12:37","date_gmt":"2016-06-12T06:12:37","guid":{"rendered":"http:\/\/www.fedaiisf.it\/?p=26641"},"modified":"2016-06-13T13:00:48","modified_gmt":"2016-06-13T11:00:48","slug":"storie-di-isf-cerri-e-la-bellezza-di-montecatini","status":"publish","type":"post","link":"https:\/\/www.fedaiisf.it\/en\/storie-di-isf-cerri-e-la-bellezza-di-montecatini\/","title":{"rendered":"Stories of ISF. Cerri and the beauty of Montecatini"},"content":{"rendered":"<p><em>Gianluca Giusti nasce a Montecatini\u00a0nel 1964, dopo gli studi diventa informatore scientifico del farmaco nel gruppo Johnson &amp; Johnson, ruolo che svolge tutt\u2019ora nel campo dell\u2019oncoematologia.\u00a0\u00c8 una storia nella storia l\u2019ultima fatica letteraria di Gianluca Giusti. \u201cSono fermo, mi muovo. Montecatini Terme, una storia nella storia\u201d \u00e8 il titolo del romanzo che lo scrittore ha presentato in Comune.<\/em><\/p>\n<p>Oggi la presentazione ufficiale del libro \u201cSono fermo, mi muovo\u201d<\/p>\n<p><a href=\"http:\/\/iltirreno.gelocal.it\/montecatini\/cronaca\/2016\/06\/11\/news\/cerri-e-la-bellezza-di-montecatini-1.13645949\" target=\"_blank\" rel=\"noopener\"><span style=\"color: #0000ff;\">11 giugno 2016 &#8211; IL TIRRENO edizione di Montecatini Terme<\/span><\/a><\/p>\n<p><img loading=\"lazy\" decoding=\"async\" class=\"alignleft\" src=\"http:\/\/ilmondodelloscrittore.altervista.org\/wp-content\/uploads\/2014\/11\/GianlucaGiusti.jpg\" alt=\"\" width=\"188\" height=\"283\" \/>MONTECATINI. \u00c8 una storia nella storia l\u2019ultima fatica letteraria di Gianluca Giusti. \u201cSono fermo, mi muovo. Montecatini Terme, una storia nella storia\u201d \u00e8 il titolo del romanzo che lo scrittore ha presentato in Comune, ospitato dall\u2019assessore Helga Bracali e dall&#8217;addetto stampa Matteo Baccellini.<\/p>\n<p>Il libro, stimolato da Silvia Motroni (Lista Ora) racconta con escamotage e strategie narrative la bella Montecatini, quella della quale ormai si parla sempre meno. Alla conferenza stampa era presente Cinzia Silvestri, in rappresentanza degli Angeli del Bello, che ha raccolto l\u2019eredit\u00e0 del grande Marcello Cerri. Scomparso di recente, aveva lavorato alacremente per procurarsi bozzetti e illustrazioni d\u2019epoca e particolari da inserire i<img loading=\"lazy\" decoding=\"async\" class=\"alignright\" src=\"http:\/\/www.lacaravellaeditrice.it\/268-thickbox_default\/sono-fermo-mi-muovo.jpg\" alt=\"\" width=\"420\" height=\"420\" \/>n questo viaggio alla ricerca di un passato glorioso che pu\u00f2 e deve tornare a essere presente.<\/p>\n<p>Soddisfatta Silvia Motroni, che ha raccomandato questa lettura: \u00abUn pezzo di positivit\u00e0, finalmente\u00bb. Con lei, Luca Baroncini (Mi piace Montecatini) e Massimo Morini (MontecatineSI). In un clima bipartisan, hanno invitato la citt\u00e0 a partecipare alla presentazione del romanzo, in programma oggi alle 17 al Tettuccio. Lo spirito comune \u00e8 proprio quello di trascinare la citt\u00e0 in un&#8217;atmosfera di grande bellezza.<\/p>\n<p>\u00abHo fatto ricerca &#8211; chiarisce Giusti &#8211; e scritto per nove mesi, un tempo di gestazione\u00bb. Gianluca Giusti nasce a Montecatini\u00a0nel 1964, dopo gli studi diventa informatore scientifico del farmaco, ruolo che svolge tutt\u2019ora. Nel 1995 conosce Cuba per la prima volta e nel 1997 si sposa con Julia, sua moglie. Oltre che di \u201cCuba istruzioni per l\u2019uso\u201d Gianluca \u00e8 autore di \u201cOscuraMente\u201d.<\/p>\n<p>Giovanna La Porta<\/p>\n<p>Related news: <span style=\"color: #0000ff;\"><a style=\"color: #0000ff;\" href=\"http:\/\/www.fedaiisf.it\/en\/libro-qualcosa-non-torna-giornata-dellanti-superstizione\/\" target=\"_blank\">Book. \u201cSomething doesn&#039;t add up\u201d on Anti-Superstition Day<\/a><\/span><\/p>\n<p><a href=\"http:\/\/lanuovasardegna.gelocal.it\/nuoro\/cronaca\/2016\/06\/10\/news\/cosso-presenta-il-suo-romanzo-a-bolotana-1.13640640\" target=\"_blank\" rel=\"noopener\"><span style=\"color: #0000ff;\">Cosso presenta il suo romanzo a Bolotana<\/span><\/a><\/p>","protected":false},"excerpt":{"rendered":"<p>Gianluca Giusti nasce a Montecatini\u00a0nel 1964, dopo gli studi diventa informatore scientifico del farmaco nel gruppo Johnson &amp; Johnson, ruolo che svolge tutt\u2019ora nel campo dell\u2019oncoematologia.\u00a0\u00c8 una storia nella storia l\u2019ultima fatica letteraria di Gianluca Giusti. \u201cSono fermo, mi muovo. Montecatini Terme, una storia nella storia\u201d \u00e8 il titolo del romanzo che lo scrittore ha &hellip;<\/p>","protected":false},"author":4,"featured_media":26646,"comment_status":"closed","ping_status":"closed","sticky":false,"template":"","format":"standard","meta":{"footnotes":""},"categories":[1],"tags":[23,35],"class_list":["post-26641","post","type-post","status-publish","format-standard","has-post-thumbnail","hentry","category-notizie","tag-informatore","tag-libri"],"amp_enabled":true,"_links":{"self":[{"href":"https:\/\/www.fedaiisf.it\/en\/wp-json\/wp\/v2\/posts\/26641","targetHints":{"allow":["GET"]}}],"collection":[{"href":"https:\/\/www.fedaiisf.it\/en\/wp-json\/wp\/v2\/posts"}],"about":[{"href":"https:\/\/www.fedaiisf.it\/en\/wp-json\/wp\/v2\/types\/post"}],"author":[{"embeddable":true,"href":"https:\/\/www.fedaiisf.it\/en\/wp-json\/wp\/v2\/users\/4"}],"replies":[{"embeddable":true,"href":"https:\/\/www.fedaiisf.it\/en\/wp-json\/wp\/v2\/comments?post=26641"}],"version-history":[{"count":0,"href":"https:\/\/www.fedaiisf.it\/en\/wp-json\/wp\/v2\/posts\/26641\/revisions"}],"wp:featuredmedia":[{"embeddable":true,"href":"https:\/\/www.fedaiisf.it\/en\/wp-json\/wp\/v2\/media\/26646"}],"wp:attachment":[{"href":"https:\/\/www.fedaiisf.it\/en\/wp-json\/wp\/v2\/media?parent=26641"}],"wp:term":[{"taxonomy":"category","embeddable":true,"href":"https:\/\/www.fedaiisf.it\/en\/wp-json\/wp\/v2\/categories?post=26641"},{"taxonomy":"post_tag","embeddable":true,"href":"https:\/\/www.fedaiisf.it\/en\/wp-json\/wp\/v2\/tags?post=26641"}],"curies":[{"name":"wp","href":"https:\/\/api.w.org\/{rel}","templated":true}]}}