{"id":26670,"date":"2016-06-02T17:24:19","date_gmt":"2016-06-02T15:24:19","guid":{"rendered":"http:\/\/www.fedaiisf.it\/?p=26670"},"modified":"2016-06-13T17:31:00","modified_gmt":"2016-06-13T15:31:00","slug":"per-sanofi-aventis-uscite-ridotte-ed-esodi-incentivati","status":"publish","type":"post","link":"https:\/\/www.fedaiisf.it\/en\/per-sanofi-aventis-uscite-ridotte-ed-esodi-incentivati\/","title":{"rendered":"Per Sanofi Aventis uscite ridotte ed esodi incentivati"},"content":{"rendered":"<p><img loading=\"lazy\" decoding=\"async\" class=\"alignleft\" src=\"https:\/\/www.federfarma.it\/Immagini\/Banner_Home\/Il_Sole_24_Ore_Sanita-(1).aspx\" alt=\"\" width=\"324\" height=\"103\" \/>Gli esuberi scendono da 185 a 145 e la mobilit\u00e0 lascia il posto a un piano di prepesionamenti ed esodi volontari e incentivati. Questa la soluzione condivisa cui da un lato Sanofi Aventis, big pharma francese con una presenza storica nel nostro Paese, dall&#8217;altro le rappresentanze di Femca Cisl, Filctem Cgil e Uiltec Uil sono arrivati nella notte tra luned\u00ec e ieri in Assolombarda, a conclusione di quaranta giorni di trattativa sulle eccedenze.<\/p>\n<p>Un punto d&#8217;arrivo messo nero su bianco in un&#8217;ipotesi di accordo che adesso dovr\u00e0 passare per le assemblee dei lavoratori, in programma la prossima settimana per la definitiva ratifica attraverso referendum. L&#8217;intesa, a quanto il Sole 24 Ore apprende da fonti sindacali, utilizza principalmente due strumenti per la gestione degli esuberi: prepensionamenti ed esodi volontari.<\/p>\n<p>Sul primo versante, l&#8217;azienda ha riconosciuto uno \u201cscivolo\u201d di cinque anni per accedere alla pensione in anticipo. In pratica, i dipendenti a cinque anni dalla pensione potranno lasciare prima il posto e sar\u00e0 il datore di lavoro a provvedere a integrare, accollandosi la differenza tra l&#8217;assegno di mobilit\u00e0 e la retribuzione. Pi\u00f9 complesso e ricco il pacchetto di incentivi che riguarda le uscite volontarie: qui si andranno a premiare l&#8217;anzianit\u00e0 anagrafica e quella aziendale del lavoratore. Per ogni anno d&#8217;et\u00e0 del <img loading=\"lazy\" decoding=\"async\" class=\"alignright\" src=\"http:\/\/www.accordex.com\/wp-content\/uploads\/2008\/03\/Sanofi-Aventis-2008-6.jpg\" alt=\"\" width=\"306\" height=\"229\" \/>dipendente sar\u00e0 corrisposta una mensilit\u00e0, cui si sommer\u00e0 un bonus speciale che potr\u00e0 variare a seconda del tempo di permanenza al servizio di Sanofi Aventis (pi\u00f9 ricco, insomma, l&#8217;assegno di chi lavora per il gruppo da oltre 30 anni).<\/p>\n<p>L&#8217;accordo, in caso di vittoria del referendum, consentir\u00e0 il superamento della procedura di mobilit\u00e0 per 185 esuberi aperta dall&#8217;azienda una quarantina di giorni fa, andando a impattare la platea degli informatori farmaceutici ma anche quella del personale di sede. Questa procedura si era resa necessaria perch\u00e9 gli ammortizzatori sociali utilizzati da Sanofi Aventis erano in scadenza. I contratti di solidariet\u00e0 in vigore da due anni, infatti, si esauriscono il 30 giugno prossimo e il mutato scenario legislativo determinato dal Jobs Act impedisce un ulteriore ricorso a misure analoghe.<\/p>\n<p>Da qui la scelta di attivare un percorso di uscite volontarie, condivisa dai sindacati al termine di un negoziato tutto sommato rapido. In caso di passaggio al referendum del testo ci sar\u00e0 tempo fino al 31 dicembre di quest&#8217;anno per aderire alle uscite volontarie. Dopo quella data, in caso di mancate adesioni al programma di esodo incentivato, si proceder\u00e0 con i termini di legge per le eccedenze residue. \u00abIl giudizio sull&#8217;ipotesi d&#8217;accordo sottoscritta \u2013 spiega Giancarlo Lombardo della segreteria Filctem di Milano \u2013 \u00e8 positivo. Si va a rispondere alle esigenze di riorganizzazione dell&#8217;impresa tutelando al tempo stesso gli interessi dei lavoratori\u00bb.<\/p>\n<p><span id=\"p_lt_zoneContent_PagePlaceholder_p_lt_zoneCenter_pageplaceholder_p_lt_zoneText_FF_VisualizzaNotizieAgenzie_lblTitlePage\">Le News del Sole 24Ore &#8211;\u00a001\/06\/2016<\/span><\/p>\n<p><a href=\"https:\/\/www.federfarma.it\/Edicola\/Sole-24Ore-News\/VisualizzaNews.aspx?type=Sole24Ore&amp;key=ADhF4tT\" target=\"_blank\" rel=\"noopener\"><span style=\"color: #0000ff;\">fonte Federfarma<\/span><\/a><\/p>\n<p>Related news:\u00a0<a href=\"http:\/\/www.fedaiisf.it\/en\/sanofi-sopprimera-600-posti-di-lavoro-in-francia-senza-licenziamenti\/\" target=\"_blank\"><span style=\"color: #0000ff;\">Sanofi to cut 600 jobs in France without layoffs<\/span><\/a><\/p>\n<p><a href=\"http:\/\/www.fedaiisf.it\/en\/ceo-sanofi-licenziato-dopo-tensioni-nel-consiglio-amministrazione\/\" target=\"_blank\">Sanofi CEO fired after board tensions<\/a><\/p>\n<p><a href=\"http:\/\/www.fedaiisf.it\/en\/francia-sanofi-non-rinuncia-cedere-i-suoi-vecchi-farmaci-licenziamento-per-2600\/\" target=\"_blank\">France. Sanofi does not give up on selling its old drugs. Dismissal for 2600<\/a><\/p>","protected":false},"excerpt":{"rendered":"<p>Gli esuberi scendono da 185 a 145 e la mobilit\u00e0 lascia il posto a un piano di prepesionamenti ed esodi volontari e incentivati. Questa la soluzione condivisa cui da un lato Sanofi Aventis, big pharma francese con una presenza storica nel nostro Paese, dall&#8217;altro le rappresentanze di Femca Cisl, Filctem Cgil e Uiltec Uil sono &hellip;<\/p>","protected":false},"author":4,"featured_media":1501,"comment_status":"closed","ping_status":"closed","sticky":false,"template":"","format":"standard","meta":{"footnotes":""},"categories":[1],"tags":[21,27],"class_list":["post-26670","post","type-post","status-publish","format-standard","has-post-thumbnail","hentry","category-notizie","tag-informatori-scientifici","tag-licenziati"],"amp_enabled":true,"_links":{"self":[{"href":"https:\/\/www.fedaiisf.it\/en\/wp-json\/wp\/v2\/posts\/26670","targetHints":{"allow":["GET"]}}],"collection":[{"href":"https:\/\/www.fedaiisf.it\/en\/wp-json\/wp\/v2\/posts"}],"about":[{"href":"https:\/\/www.fedaiisf.it\/en\/wp-json\/wp\/v2\/types\/post"}],"author":[{"embeddable":true,"href":"https:\/\/www.fedaiisf.it\/en\/wp-json\/wp\/v2\/users\/4"}],"replies":[{"embeddable":true,"href":"https:\/\/www.fedaiisf.it\/en\/wp-json\/wp\/v2\/comments?post=26670"}],"version-history":[{"count":0,"href":"https:\/\/www.fedaiisf.it\/en\/wp-json\/wp\/v2\/posts\/26670\/revisions"}],"wp:featuredmedia":[{"embeddable":true,"href":"https:\/\/www.fedaiisf.it\/en\/wp-json\/wp\/v2\/media\/1501"}],"wp:attachment":[{"href":"https:\/\/www.fedaiisf.it\/en\/wp-json\/wp\/v2\/media?parent=26670"}],"wp:term":[{"taxonomy":"category","embeddable":true,"href":"https:\/\/www.fedaiisf.it\/en\/wp-json\/wp\/v2\/categories?post=26670"},{"taxonomy":"post_tag","embeddable":true,"href":"https:\/\/www.fedaiisf.it\/en\/wp-json\/wp\/v2\/tags?post=26670"}],"curies":[{"name":"wp","href":"https:\/\/api.w.org\/{rel}","templated":true}]}}