{"id":26779,"date":"2016-06-18T18:23:53","date_gmt":"2016-06-18T16:23:53","guid":{"rendered":"http:\/\/www.fedaiisf.it\/?p=26779"},"modified":"2016-06-18T18:27:52","modified_gmt":"2016-06-18T16:27:52","slug":"gsk-rivoluzione-al-vertice-dopo-il-ceo-lascia-anche-il-vaccines-chairman","status":"publish","type":"post","link":"https:\/\/www.fedaiisf.it\/en\/gsk-rivoluzione-al-vertice-dopo-il-ceo-lascia-anche-il-vaccines-chairman\/","title":{"rendered":"GSK, revolution at the top: after the CEO, the Vaccines Chairman also leaves"},"content":{"rendered":"<p>Andrew Witty, CEO of GlaxoSmithKline, isn&#039;t the only member of the company&#039;s leadership team preparing to pack his bags.<\/p>\n<p>On Tuesday 14 June, the British pharmaceutical giant announced that Moncef Slaoui, Vaccines Chairman, will retire on 30 June, marking the end of a journey that lasted almost 30 years. Slaoui, who joined GSK in 1988, has been a member of the company&#039;s board since 2006. He will remain in the company as a consultant until March 31, 2017.<\/p>\n<p><a href=\"http:\/\/www.dailyhealthindustry.it\/gsk-rivoluzione-al-vertice-dopo-il-ceo-lascia-anche-il-vaccines-chairman-ID1797.html\" target=\"_blank\" rel=\"noopener\"><span style=\"color: #0000ff;\">June 17, 2016 \u2013 Daily Health Industry<\/span><\/a><\/p>\n<p><img loading=\"lazy\" decoding=\"async\" class=\"alignleft\" src=\"https:\/\/i.ytimg.com\/vi\/ZfHqS1PifDU\/maxresdefault.jpg\" alt=\"\" width=\"430\" height=\"242\" \/>Personally involved in the discovery and development of some of the giant&#039;s most innovative vaccines, he also led the review of GSK&#039;s pharmaceutical R&amp;D. \u201cGSK has been fortunate to benefit from substantial scientific and technical expertise over many years and I am pleased that through the end of his term he will continue to provide this invaluable experience to the company,\u201d Chairman Philip Hampton said in a statement.<\/p>\n<p><strong>The scenario that emerges<\/strong><br \/>\nSlaoui&#039;s exit from the scene will come immediately after that of Witty, in March 2017. The CEO announced three months ago to investors that the division of the company was the reason that prompted him to dissolve the collaboration that began in 2008.<\/p>\n<p>Like Witty, Slaoui is also not a big fan of the idea: \u201cI think that dividing the vaccine area from the pharmaceutical area will lead to a great loss of opportunity, as well as higher structural costs,\u201d he said in a recent interview.<\/p>\n<p><a href=\"http:\/\/www.fedaiisf.it\/wp-content\/uploads\/2014\/08\/Andrew.Philip.Witty_.GSK_.jpg\"><img loading=\"lazy\" decoding=\"async\" class=\"size-medium wp-image-2200 alignright\" src=\"http:\/\/www.fedaiisf.it\/wp-content\/uploads\/2014\/08\/Andrew.Philip.Witty_.GSK_-300x154.jpg\" alt=\"Andrew.Philip.Witty.GSK\" width=\"300\" height=\"154\" srcset=\"https:\/\/www.fedaiisf.it\/wp-content\/uploads\/2014\/08\/Andrew.Philip.Witty_.GSK_-300x154.jpg 300w, https:\/\/www.fedaiisf.it\/wp-content\/uploads\/2014\/08\/Andrew.Philip.Witty_.GSK_.jpg 614w\" sizes=\"auto, (max-width: 300px) 100vw, 300px\" \/><\/a>And while <strong>Witty<\/strong> he made it known that the board is united around the strategy to be adopted - i.e. increasing the volumes of low-margin products in the vaccine sector instead of high-cost pharmaceutical products that can trigger taxpayer pushback - the question regarding the break will be an aspect that his successor will have to deal with.<\/p>\n<p>Between now and March 2017 both Witty and Slaoui will be looking to leave the company with heads held high as they try to boost Q1 2016 results. The possibility looks real as GSK&#039;s \u00a36.23bn turnover exceeded analysts&#039; expectations by more than 200 million, thanks in part to the good performance of the vaccines unit, which recorded sales of 882 million pounds.<\/p>\n<p>NB:\u00a0<a href=\"http:\/\/www.bloomberg.com\/research\/stocks\/people\/person.asp?personId=3027345&amp;privcapId=275442\" target=\"_blank\" rel=\"noopener\"><span style=\"color: #0000ff;\"><strong>Andrew Philip Witty<\/strong><\/span><\/a>, aged 50, Chief Executive Officer, Executive Director, Member of Corporate Administration &amp; Transactions Committee and Member of Finance Committee,\u00a0<a href=\"http:\/\/www.bloomberg.com\/research\/stocks\/snapshot\/snapshot.asp?capId=275442\" target=\"_blank\" rel=\"noopener\">GlaxoSmithKline plc<\/a>received a total compensation of GBP 6,661,000 in the 2015 tax year (<strong>\u20ac 8.480.560<\/strong>)<\/p>\n<p class=\"name\"><a href=\"http:\/\/www.bloomberg.com\/research\/stocks\/people\/person.asp?personId=26319338&amp;privcapId=275442\" target=\"_blank\" rel=\"noopener\"><span style=\"color: #0000ff;\"><strong>Moncef M. Slaoui<\/strong><\/span><\/a> Ph.D., age 55, Chairman of Global Vaccines, Executive Director, Member of Corporate Administration &amp; Transactions Committee and Member of Finance Committee,\u00a0<a href=\"http:\/\/www.bloomberg.com\/research\/stocks\/snapshot\/snapshot.asp?capId=275442\" target=\"_blank\" rel=\"noopener\">GlaxoSmithKline plc<\/a>, during the 2015 fiscal year he received a global fee of $ 7,324,000 (<strong>\u20ac 6.494.640<\/strong> at the current exchange rate)<\/p>\n<p>Related news:\u00a0<span style=\"color: #0000ff;\"><a style=\"color: #0000ff;\" href=\"http:\/\/www.bloomberg.com\/news\/articles\/2016-06-14\/glaxo-s-vaccines-unit-chairman-moncef-slaoui-to-retire-next-year\" target=\"_blank\" rel=\"noopener\">Glaxo&#039;s Vaccines Chairman Moncef Slaoui to Retire Next Year<\/a><\/span><\/p>\n<div class=\"container\">\n<p class=\"lede-headline\"><a href=\"http:\/\/www.bloomberg.com\/news\/articles\/2016-04-20\/glaxo-may-need-to-boost-pay-to-lure-u-s-candidates-for-ceo-role\" target=\"_blank\" rel=\"noopener\"><span class=\"lede-headline__highlighted\" style=\"color: #0000ff;\">Glaxo May Need to Boost Pay to Lure US CEO Candidates<\/span><\/a><\/p>\n<\/div>\n<div data-view-uid=\"0_4\">\n<div class=\"inline-slideshow hide-show-info-toggle at-the-end\">\n<div class=\"inline-slideshow__slides\">\n<div class=\"inline-slideshow-slide-view\" data-view-uid=\"0_4_2\">\n<figure class=\"inline-slideshow-slide missing-info current\">\n<div class=\"inline-slideshow-slide__image\"><img loading=\"lazy\" decoding=\"async\" class=\"\" src=\"https:\/\/assets.bwbx.io\/images\/users\/iqjWHBFdfxIU\/iRGEJcRNyTKQ\/v2\/488x-1.png\" srcset=\"https:\/\/assets.bwbx.io\/images\/users\/iqjWHBFdfxIU\/iRGEJcRNyTKQ\/v2\/488x-1.png 488w, https:\/\/assets.bwbx.io\/images\/users\/iqjWHBFdfxIU\/iRGEJcRNyTKQ\/v2\/628x-1.png 628w, https:\/\/assets.bwbx.io\/images\/users\/iqjWHBFdfxIU\/iRGEJcRNyTKQ\/v2\/750x-1.png 750w, https:\/\/assets.bwbx.io\/images\/users\/iqjWHBFdfxIU\/iRGEJcRNyTKQ\/v2\/-1x-1.png 1200w\" alt=\"\" width=\"1072\" height=\"574\" data-attachment-key=\"257868744\" \/><\/div>\n<div class=\"bb-social-links\" data-view-uid=\"0_4_2_1\"><\/div>\n<\/figure>\n<\/div>\n<\/div>\n<\/div>\n<\/div>","protected":false},"excerpt":{"rendered":"<p>Andrew Witty, CEO di GlaxoSmithKline, non \u00e8 l\u2019unico membro dei vertici dell\u2019azienda che si sta preparando a fare i bagagli. Marted\u00ec 14 giugno il gigante farmaceutico britannico ha annunciato che Moncef Slaoui, Vaccines Chairman, andr\u00e0 in pensione il prossimo 30 giugno segnando la fine di un percorso che \u00e8 durato quasi 30 anni. Slaoui, entrato &hellip;<\/p>","protected":false},"author":4,"featured_media":5902,"comment_status":"closed","ping_status":"closed","sticky":false,"template":"","format":"standard","meta":{"footnotes":""},"categories":[1],"tags":[51,34],"class_list":["post-26779","post","type-post","status-publish","format-standard","has-post-thumbnail","hentry","category-notizie","tag-compenso-top-manager","tag-gsk"],"amp_enabled":true,"_links":{"self":[{"href":"https:\/\/www.fedaiisf.it\/en\/wp-json\/wp\/v2\/posts\/26779","targetHints":{"allow":["GET"]}}],"collection":[{"href":"https:\/\/www.fedaiisf.it\/en\/wp-json\/wp\/v2\/posts"}],"about":[{"href":"https:\/\/www.fedaiisf.it\/en\/wp-json\/wp\/v2\/types\/post"}],"author":[{"embeddable":true,"href":"https:\/\/www.fedaiisf.it\/en\/wp-json\/wp\/v2\/users\/4"}],"replies":[{"embeddable":true,"href":"https:\/\/www.fedaiisf.it\/en\/wp-json\/wp\/v2\/comments?post=26779"}],"version-history":[{"count":0,"href":"https:\/\/www.fedaiisf.it\/en\/wp-json\/wp\/v2\/posts\/26779\/revisions"}],"wp:featuredmedia":[{"embeddable":true,"href":"https:\/\/www.fedaiisf.it\/en\/wp-json\/wp\/v2\/media\/5902"}],"wp:attachment":[{"href":"https:\/\/www.fedaiisf.it\/en\/wp-json\/wp\/v2\/media?parent=26779"}],"wp:term":[{"taxonomy":"category","embeddable":true,"href":"https:\/\/www.fedaiisf.it\/en\/wp-json\/wp\/v2\/categories?post=26779"},{"taxonomy":"post_tag","embeddable":true,"href":"https:\/\/www.fedaiisf.it\/en\/wp-json\/wp\/v2\/tags?post=26779"}],"curies":[{"name":"wp","href":"https:\/\/api.w.org\/{rel}","templated":true}]}}