{"id":26897,"date":"2016-06-28T19:51:06","date_gmt":"2016-06-28T17:51:06","guid":{"rendered":"http:\/\/www.fedaiisf.it\/?p=26897"},"modified":"2016-06-28T19:51:06","modified_gmt":"2016-06-28T17:51:06","slug":"vostro-onore-mi-scriva-la-ricetta","status":"publish","type":"post","link":"https:\/\/www.fedaiisf.it\/en\/vostro-onore-mi-scriva-la-ricetta\/","title":{"rendered":"Your Honor, write me the recipe"},"content":{"rendered":"<p><img decoding=\"async\" class=\"alignleft\" src=\"https:\/\/encrypted-tbn0.gstatic.com\/images?q=tbn:ANd9GcSNLJHkT2Oc_a7ELNxLdk-t-srDuvYKn5ddJj4Wrh6yVPxYQVtr\" alt=\"\" \/>Una sentenza del <strong>Tar Sicilia<\/strong> impone al ministero della Salute di risarcire un ragazzo autistico, dando seguito a una sentenza del Tribunale Civile di Palermo che collegava la malattia al vaccino tetravalente.<\/p>\n<p>La verit\u00e0 ricostruita dal giudice contrasta con la verit\u00e0 asserita dalla scienza, che ha pi\u00f9 volte negato l\u2019esistenza di un legame tra vaccini e autismo. Il presidente dell&#8217;Istituto Superiore di Sanit\u00e0, Walter Ricciardi, lancia una proposta: \u201cII problema sono i consulenti scelti dai giudici, per questo proponiamo alla magistratura di collaborare.<\/p>\n<p>Siamo pronti a mettere le nostre competenze al servizio dei giudici; do gi\u00e0 adesso al ministero della Giustizia la disponibilit\u00e0 a lavorare insieme, perch\u00e9 si affermi la realt\u00e0 scientifica, che per noi \u00e8 la cosa pi\u00f9 importante\u201d.<\/p>\n<p class=\"SubTitle\">Riassunto da <a href=\"http:\/\/media.mimesi.com\/cacheServer\/servlet\/CropServer?date=20160628&amp;idArticle=257360659&amp;authCookie=-274855406\" target=\"_blank\" rel=\"noopener\"><span style=\"color: #0000ff;\">La Repubblica, 28\/06\/2016 di\u00a0Michele Bocci<\/span><\/a><\/p>\n<p class=\"SubTitle\"><a href=\"https:\/\/www.federfarma.it\/Edicola\/Rassegna-stampa.aspx\" target=\"_blank\" rel=\"noopener\"><span style=\"color: #0000ff;\">fonte Federfarma<\/span><\/a><\/p>\n<p class=\"SubTitle\">Related news:\u00a0<a href=\"https:\/\/autismovaccini.org\/2014\/10\/21\/autismo-da-vaccino-importante-sentenza-del-tribunale-di-palermo-ribadisce-che-esistono-alcuni-paletti-ai-limiti-del-potere-censorio\/\" target=\"_blank\" rel=\"noopener\"><span style=\"color: #0000ff;\">Autismo da vaccino: importante Sentenza del Tribunale di Palermo ribadisce che esistono alcuni paletti ai limiti del potere\u00a0censorio<\/span><\/a><\/p>\n<p><a href=\"http:\/\/palermo.repubblica.it\/cronaca\/2016\/06\/26\/news\/il_tar_sicilia_danno_da_vaccino_risarcite_il_ragazzo_autistico_-142901713\/\" target=\"_blank\" rel=\"noopener\"><span style=\"color: #0000ff;\">Il Tar Sicilia: \u201cDanno da vaccino, risarcite il ragazzo autistico\u201d<\/span><\/a><\/p>\n<p class=\"post-title\"><a href=\"http:\/\/palermo.blogsicilia.it\/sentenza-shock-bimbo-autistico-per-colpa-del-vaccino-ministero-dovra-risarcire-una-famiglia-agrigentina-e-bufera\/345252\/\" target=\"_blank\" rel=\"noopener\"><span style=\"color: #0000ff;\">\u2018Vaccino provoca l\u2019autismo\u2019, sentenza shock ad Agrigento: \u00e8 bufera<\/span><\/a><\/p>","protected":false},"excerpt":{"rendered":"<p>Una sentenza del Tar Sicilia impone al ministero della Salute di risarcire un ragazzo autistico, dando seguito a una sentenza del Tribunale Civile di Palermo che collegava la malattia al vaccino tetravalente. La verit\u00e0 ricostruita dal giudice contrasta con la verit\u00e0 asserita dalla scienza, che ha pi\u00f9 volte negato l\u2019esistenza di un legame tra vaccini &hellip;<\/p>","protected":false},"author":4,"featured_media":21300,"comment_status":"closed","ping_status":"closed","sticky":false,"template":"","format":"standard","meta":{"footnotes":""},"categories":[1],"tags":[41,39],"class_list":["post-26897","post","type-post","status-publish","format-standard","has-post-thumbnail","hentry","category-notizie","tag-leggisentenze","tag-vaccini"],"amp_enabled":true,"_links":{"self":[{"href":"https:\/\/www.fedaiisf.it\/en\/wp-json\/wp\/v2\/posts\/26897","targetHints":{"allow":["GET"]}}],"collection":[{"href":"https:\/\/www.fedaiisf.it\/en\/wp-json\/wp\/v2\/posts"}],"about":[{"href":"https:\/\/www.fedaiisf.it\/en\/wp-json\/wp\/v2\/types\/post"}],"author":[{"embeddable":true,"href":"https:\/\/www.fedaiisf.it\/en\/wp-json\/wp\/v2\/users\/4"}],"replies":[{"embeddable":true,"href":"https:\/\/www.fedaiisf.it\/en\/wp-json\/wp\/v2\/comments?post=26897"}],"version-history":[{"count":0,"href":"https:\/\/www.fedaiisf.it\/en\/wp-json\/wp\/v2\/posts\/26897\/revisions"}],"wp:featuredmedia":[{"embeddable":true,"href":"https:\/\/www.fedaiisf.it\/en\/wp-json\/wp\/v2\/media\/21300"}],"wp:attachment":[{"href":"https:\/\/www.fedaiisf.it\/en\/wp-json\/wp\/v2\/media?parent=26897"}],"wp:term":[{"taxonomy":"category","embeddable":true,"href":"https:\/\/www.fedaiisf.it\/en\/wp-json\/wp\/v2\/categories?post=26897"},{"taxonomy":"post_tag","embeddable":true,"href":"https:\/\/www.fedaiisf.it\/en\/wp-json\/wp\/v2\/tags?post=26897"}],"curies":[{"name":"wp","href":"https:\/\/api.w.org\/{rel}","templated":true}]}}