{"id":27173,"date":"2016-07-14T17:56:31","date_gmt":"2016-07-14T15:56:31","guid":{"rendered":"http:\/\/www.fedaiisf.it\/?p=27173"},"modified":"2016-07-14T17:56:31","modified_gmt":"2016-07-14T15:56:31","slug":"recordati-acquisisce-lazienda-farmaceutica-svizzera-pro-farma-fara-altri-danni","status":"publish","type":"post","link":"https:\/\/www.fedaiisf.it\/en\/recordati-acquisisce-lazienda-farmaceutica-svizzera-pro-farma-fara-altri-danni\/","title":{"rendered":"Recordati acquires the Swiss pharmaceutical company Pro Farma. Will it do more damage?"},"content":{"rendered":"<p><img loading=\"lazy\" decoding=\"async\" class=\"alignleft\" src=\"http:\/\/www.jeto.al\/wp-content\/uploads\/2014\/05\/profarma4.png\" alt=\"\" width=\"372\" height=\"372\" \/>Milan, 14 July 2016 \u2013 Recordati announces that it has acquired 100% of the share capital of Pro Farma AG, a Swiss pharmaceutical company based in the canton of Zug. The transaction, the enterprise value of which is CHF 16 million, will be financed entirely with available liquidity. The signing and closing of the transaction took place simultaneously.<\/p>\n<p>Pro Farma, with an expected turnover of approximately CHF 10 million for 2016, markets proprietary or licensed medicinal products in selected therapeutic areas, both ethical and self-medication. The main brands are Lacdigest (tilactase), Tretinac (isotretinoin), and Urocit (potassium citrate). In addition, the company has a distribution business and promotion services on behalf of other pharmaceutical companies.<\/p>\n<p>\u201cThe acquisition of Pro Farma represents an excellent basis on which to establish our operational activity in Switzerland where Recordati has recently started to directly market its product Livazo (pitavastatin)\u201d declared Giovanni Recordati, Chairman and Chief Executive Officer. \u201cFurthermore, the flagship product Lacdigest further helps to strengthen our presence in the area of gastroenterology.\u201d<\/p>\n<p>&nbsp;<\/p>\n<p><b><i><span class=\"x_hs3\"><img loading=\"lazy\" decoding=\"async\" class=\"alignright\" src=\"http:\/\/www.ilgiorno.it\/milano\/cronaca\/2014\/02\/12\/1024777\/images\/2662055-giovanni_recordati_2013.jpg\" alt=\"\" width=\"251\" height=\"140\" \/>Register<\/span><\/i><\/b><i><span class=\"x_hs3\"> (Reuters RECI.MI, Bloomberg REC IM), founded in 1926, is an international pharmaceutical group, listed on the Italian Stock Exchange (ISIN IT 0003828271), with approximately 4,000 employees, dedicated to research, development, production and marketing of pharmaceutical products. It is headquartered in Milan, and has operational activities in the main European countries, in Russia and in the other countries of Central and Eastern Europe, in Turkey, in North Africa and in the United States of America. An efficient network of drug sales representatives promotes a wide range of innovative drugs, both original and licensed, belonging to different therapeutic areas including an activity specialized in rare diseases. Recordati offers itself as a reference partner for the acquisition of new licenses for its markets. Recordati is engaged in the research and development of innovative drugs for the genitourinary area and also of therapies for rare diseases. Consolidated revenues in 2015 amounted to EUR 1,047.7 million, operating income amounted to EUR 278.5 million and net income amounted to EUR 198.8 million.<\/span><\/i><\/p>\n<p><a href=\"http:\/\/www.informazione.it\/c\/41027C9E-7A3F-4EF2-8D17-BB843B42A858\/RECORDATI-ACQUISISCE-L-AZIENDA-FARMACEUTICA-SVIZZERA-PRO-FARMA\" target=\"_blank\" rel=\"noopener\"><span style=\"color: #0000ff;\">14\/07\/2016 \u2013 information.it<\/span><\/a><\/p>\n<p>Related news: <span style=\"color: #0000ff;\"><a href=\"http:\/\/www.repubblica.it\/economia\/affari-e-finanza\/2016\/07\/11\/news\/recordati_analisti_positivi_mentre_il_titolo_continua_a_salire-143880419\/%20\" target=\"_blank\" rel=\"noopener\">Recordati, positive analysts while the title continues to rise<\/a><\/span><\/p>\n<p><span style=\"color: #0000ff;\"><a style=\"color: #0000ff;\" href=\"http:\/\/www.fedaiisf.it\/en\/recordati-acquisisce-lazienda-farmaceutica-italiana-italchimici\/\" target=\"_blank\">Recordati acquires the Italian pharmaceutical company Italchimici<\/a><\/span><\/p>\n<p><a href=\"http:\/\/www.fedaiisf.it\/wp-content\/uploads\/2014\/07\/isf.licenziato.jpg\"><img loading=\"lazy\" decoding=\"async\" class=\"wp-image-1138 aligncenter\" src=\"http:\/\/www.fedaiisf.it\/wp-content\/uploads\/2014\/07\/isf.licenziato.jpg\" alt=\"isf.licenziato\" width=\"226\" height=\"189\" \/><\/a><\/p>","protected":false},"excerpt":{"rendered":"<p>Milano, 14 luglio 2016 &#8211; Recordati annuncia di aver acquisito il 100% del capitale sociale di Pro Farma AG, societ\u00e0 farmaceutica svizzera con sede nel cantone di Zug. La transazione, il cui valore (enterprise value) \u00e8 di CHF 16 milioni, sar\u00e0 interamente finanziata con la liquidit\u00e0 disponibile. La firma e il closing della transazione sono &hellip;<\/p>","protected":false},"author":4,"featured_media":26463,"comment_status":"closed","ping_status":"closed","sticky":false,"template":"","format":"standard","meta":{"footnotes":""},"categories":[1],"tags":[53,21,27],"class_list":["post-27173","post","type-post","status-publish","format-standard","has-post-thumbnail","hentry","category-notizie","tag-fusioniacquisizioni","tag-informatori-scientifici","tag-licenziati"],"amp_enabled":true,"_links":{"self":[{"href":"https:\/\/www.fedaiisf.it\/en\/wp-json\/wp\/v2\/posts\/27173","targetHints":{"allow":["GET"]}}],"collection":[{"href":"https:\/\/www.fedaiisf.it\/en\/wp-json\/wp\/v2\/posts"}],"about":[{"href":"https:\/\/www.fedaiisf.it\/en\/wp-json\/wp\/v2\/types\/post"}],"author":[{"embeddable":true,"href":"https:\/\/www.fedaiisf.it\/en\/wp-json\/wp\/v2\/users\/4"}],"replies":[{"embeddable":true,"href":"https:\/\/www.fedaiisf.it\/en\/wp-json\/wp\/v2\/comments?post=27173"}],"version-history":[{"count":0,"href":"https:\/\/www.fedaiisf.it\/en\/wp-json\/wp\/v2\/posts\/27173\/revisions"}],"wp:featuredmedia":[{"embeddable":true,"href":"https:\/\/www.fedaiisf.it\/en\/wp-json\/wp\/v2\/media\/26463"}],"wp:attachment":[{"href":"https:\/\/www.fedaiisf.it\/en\/wp-json\/wp\/v2\/media?parent=27173"}],"wp:term":[{"taxonomy":"category","embeddable":true,"href":"https:\/\/www.fedaiisf.it\/en\/wp-json\/wp\/v2\/categories?post=27173"},{"taxonomy":"post_tag","embeddable":true,"href":"https:\/\/www.fedaiisf.it\/en\/wp-json\/wp\/v2\/tags?post=27173"}],"curies":[{"name":"wp","href":"https:\/\/api.w.org\/{rel}","templated":true}]}}