{"id":27303,"date":"2016-07-28T12:33:17","date_gmt":"2016-07-28T10:33:17","guid":{"rendered":"http:\/\/www.fedaiisf.it\/?p=27303"},"modified":"2016-07-28T18:04:53","modified_gmt":"2016-07-28T16:04:53","slug":"lilly-nomina-amministratore-delegato-e-presidente-david-a-ricks-dal-1-gennaio","status":"publish","type":"post","link":"https:\/\/www.fedaiisf.it\/en\/lilly-nomina-amministratore-delegato-e-presidente-david-a-ricks-dal-1-gennaio\/","title":{"rendered":"Lilly appoints David A. Ricks as CEO and chairman effective January 1"},"content":{"rendered":"<p class=\"textoarticulo\"><img loading=\"lazy\" decoding=\"async\" class=\" alignleft\" src=\"https:\/\/si.wsj.net\/public\/resources\/images\/BN-PC906_0727li_J_20160727074943.jpg\" alt=\"CEO John C. Lechleiter in 2010. \" width=\"416\" height=\"277\" \/>Eli Lilly and Company ha annunciato che <strong>John C. Lechleiter<\/strong>, presidente e CEO, lascer\u00e0 la carica di presidente e CEO di Lilly, il prossimo 31 dicembre 2016. Lechleiter rimane come direttore non esecutivo del consiglio di amministrazione di Lilly fino al 31 maggio 2017, data in cui lascer\u00e0 definitivamente l&#8217;azienda. Il consiglio di amministrazione di Lilly ha eletto all&#8217;unanimit\u00e0 Dave A. Ricks, vice presidente senior e attualmente presidente della Lilly Bio-medicinali, ad assumere la carica di presidente e amministratore delegato e a far parte del Consiglio di Amministrazione dal 1 \u00b0 gennaio 2017, diventandone il suo presidente dal 1 \u00b0 giugno, 2017.<\/p>\n<p class=\"textoarticulo\">&#8220;Lilly ha superato le recenti sfide del periodo di scadenze di brevetti fino ad una nuova era di crescita, \u00e8 pertanto logico che ci sia una transizione nella leadership della societ\u00e0&#8221;, ha detto Lechleiter.\u00a0<span class=\"goog-text-highlight\">&#8220;Dave Ricks \u00e8 capace, deciso, energico e molto ben preparato per avere successo come mio successore ceo. Ha una vasta esperienza in operazioni commerciali all&#8217;estero, oltre a una speciale comprensione delle problematiche di ricerca e sviluppo. Ricks ha guidato in precedenza operazioni commerciali della Lilly in Canada, Cina e Stati Uniti e, dal 2012, ha guidato con successo la pi\u00f9 grande area di business di Lilly Bio-medicinali, durante un periodo di profondi cambiamenti &#8220;, osserva Lechleiter in un comunicato.<\/span><\/p>\n<p class=\"textoarticulo\"><img decoding=\"async\" class=\" alignright\" src=\"http:\/\/www.gannett-cdn.com\/-mm-\/59cea39809bd2ec45b430c0ba6424bd07943dc33\/c=37-0-1162-1500&amp;r=183&amp;c=0-0-180-240\/local\/-\/media\/2016\/07\/27\/INGroup\/Indianapolis\/636052036615405461-David-Ricks.jpg\" alt=\"David Ricks will take over as CEO at Eli Lilly and\" \/>&#8220;La prospettiva di guidare Lilly \u00e8 una sfida e una grande motivazione&#8221;, ha sottolineato Ricks, che dice che &#8220;i pazienti, i medici, l&#8217;amministrazione e la societ\u00e0 si aspettano molto da noi. Insieme con i miei colleghi di Lilly in tutto il mondo speriamo soddisfare tali aspettative e, ove possibile, superarle&#8221;, ha detto.<\/p>\n<p class=\"textoarticulo\">&#8220;Lilly ha adottato la strategia giusta. Abbiamo costruito una forte pipeline e abbiamo un portafoglio promettente con i farmaci recentemente approvati. Per affrontare le principali scadenze di brevetto negli ultimi anni, abbiamo definito e migliorato la nostra attenzione su R &amp; S, e abbiamo conseguito risultati nella ricerca per la nostra agilit\u00e0&#8221;, ha continuato <strong>Ricks<\/strong>. &#8220;Ora \u00e8 una sfida realizzare il nostro potenziale di crescita in un mercato globale in crescita. Dobbiamo concentrarci sullo sviluppo di nuovi e migliori farmaci per i pazienti che ne hanno bisogno e, per quanto possibile, per il beneficio dei nostri dipendenti, della comunit\u00e0 e degli azionisti &#8220;, ha detto Ricks.<\/p>\n<p class=\"textoarticulo\"><a href=\"http:\/\/www.elglobal.net\/noticias-medicamento\/2016-07-28\/industria-farmaceutica\/lilly-cierra-su-transicion-nombra-ceo-y-presidente-a-david-a-ricks-a-partir-del-1-de-enero\/pagina.aspx?idart=994482\" target=\"_blank\" rel=\"noopener\"><span style=\"color: #0000ff;\">IL GLOBAL \/ MADRID &#8211;\u00a0jueves, 28 de julio de 2016<\/span><\/a><\/p>\n<p class=\"textoarticulo\">Notizie correlate:\u00a0<strong>John C. Lechleiter<\/strong>, 62 anni, nel corso dell&#8217;anno fiscale 2015 ha percepito un compenso globale di<strong>\u00a0$ 16.562.500 <\/strong>[fonte <a href=\"http:\/\/www.bloomberg.com\/research\/stocks\/people\/person.asp?personId=285499&amp;privcapId=285467\" target=\"_blank\" rel=\"noopener\"><span style=\"color: #0000ff;\">Bloomberg<\/span><\/a>].\u00a0Al momento del pensionamento, il Dr. Lechleiter avr\u00e0 diritto ad una pensione del valore totale di circa 32,5 milioni di $, sulla base di ipotesi attuali, da percepire in rate come una rendita, depositata in una societ\u00e0 di deposito presso la Securities and Exchange Commission in marzo. L&#8217;importo effettivo pagato pu\u00f2 differire, ha detto un portavoce. Inoltre, egli pu\u00f2 percepire circa altri 15,5 milioni di $ per averne rinviato l&#8217;incasso al momento del pensionamento.<\/p>\n<p class=\"textoarticulo\">In qualit\u00e0 di CEO, il signor Ricks, 49 anni, ricever\u00e0 un salario di base annualizzata di $ 1,4 milioni di euro e potr\u00e0 beneficiare di un bonus di $ 2,1 milioni, ha comunicato Lilly. [<a href=\"http:\/\/www.wsj.com\/articles\/eli-lilly-ceo-john-lechleiter-to-retire-david-ricks-to-replace-him-1469619964\" target=\"_blank\" rel=\"noopener\"><span style=\"color: #0000ff;\">fonte WSJ<\/span><\/a> ]\n<p class=\"article__headline\"><a href=\"https:\/\/www.thestreet.com\/story\/13653976\/1\/eli-lilly-lly-announces-resignation-of-ceo-john-lichleiter-cnbc-reports.html?puc=bloomberg&amp;cm_ven=BLOOMBERG\" target=\"_blank\" rel=\"noopener\"><span style=\"color: #0000ff;\">Eli Lilly (LLY) Announces Resignation of CEO John Lichleiter, CNBC Reports<\/span><\/a><\/p>\n<p><a href=\"http:\/\/www.dailyhealthindustry.it\/eli-lilly-q2-volumi-farmaceutica-in-crescita-del-10-guadagni-a-9-ID2361.html\" target=\"_blank\" rel=\"noopener\"><span style=\"color: #0000ff;\">Eli Lilly, Q2: volumi farmaceutica in crescita del 10%. Guadagni a +9%<\/span><\/a><\/p>\n","protected":false},"excerpt":{"rendered":"<p>Eli Lilly and Company ha annunciato che John C. Lechleiter, presidente e CEO, lascer\u00e0 la carica di presidente e CEO di Lilly, il prossimo 31 dicembre 2016. Lechleiter rimane come direttore non esecutivo del consiglio di amministrazione di Lilly fino al 31 maggio 2017, data in cui lascer\u00e0 definitivamente l&#8217;azienda. Il consiglio di amministrazione di &hellip;<\/p>","protected":false},"author":4,"featured_media":27312,"comment_status":"closed","ping_status":"closed","sticky":false,"template":"","format":"standard","meta":{"footnotes":""},"categories":[1],"tags":[51],"class_list":["post-27303","post","type-post","status-publish","format-standard","has-post-thumbnail","hentry","category-notizie","tag-compenso-top-manager"],"amp_enabled":true,"_links":{"self":[{"href":"https:\/\/www.fedaiisf.it\/en\/wp-json\/wp\/v2\/posts\/27303","targetHints":{"allow":["GET"]}}],"collection":[{"href":"https:\/\/www.fedaiisf.it\/en\/wp-json\/wp\/v2\/posts"}],"about":[{"href":"https:\/\/www.fedaiisf.it\/en\/wp-json\/wp\/v2\/types\/post"}],"author":[{"embeddable":true,"href":"https:\/\/www.fedaiisf.it\/en\/wp-json\/wp\/v2\/users\/4"}],"replies":[{"embeddable":true,"href":"https:\/\/www.fedaiisf.it\/en\/wp-json\/wp\/v2\/comments?post=27303"}],"version-history":[{"count":0,"href":"https:\/\/www.fedaiisf.it\/en\/wp-json\/wp\/v2\/posts\/27303\/revisions"}],"wp:featuredmedia":[{"embeddable":true,"href":"https:\/\/www.fedaiisf.it\/en\/wp-json\/wp\/v2\/media\/27312"}],"wp:attachment":[{"href":"https:\/\/www.fedaiisf.it\/en\/wp-json\/wp\/v2\/media?parent=27303"}],"wp:term":[{"taxonomy":"category","embeddable":true,"href":"https:\/\/www.fedaiisf.it\/en\/wp-json\/wp\/v2\/categories?post=27303"},{"taxonomy":"post_tag","embeddable":true,"href":"https:\/\/www.fedaiisf.it\/en\/wp-json\/wp\/v2\/tags?post=27303"}],"curies":[{"name":"wp","href":"https:\/\/api.w.org\/{rel}","templated":true}]}}