{"id":27361,"date":"2016-08-02T12:04:39","date_gmt":"2016-08-02T10:04:39","guid":{"rendered":"http:\/\/www.fedaiisf.it\/?p=27361"},"modified":"2016-08-02T12:04:39","modified_gmt":"2016-08-02T10:04:39","slug":"i-fondi-previdenziali-privati-a-sostegno-delle-banche","status":"publish","type":"post","link":"https:\/\/www.fedaiisf.it\/en\/i-fondi-previdenziali-privati-a-sostegno-delle-banche\/","title":{"rendered":"Private pension funds to support the banks."},"content":{"rendered":"<h2 class=\"Title\">L\u2019Enpaf resta per ora alla finestra,\u00a0Enpam valuta un possibile investimento in Atlante2. Enasarco comunicher\u00e0\u00a0la propria posizione nei prossimi giorni.<\/h2>\n<p>______________________________<\/p>\n<h2 class=\"Title\">Fondo Atlante 2, l\u2019Enpaf resta per ora alla finestra<\/h2>\n<p><a href=\"https:\/\/www.federfarma.it\/Edicola\/FiloDiretto\/Filodiretto\/luglio2016\/30-07-2016-07-54-29.aspx\" target=\"_blank\" rel=\"noopener\"><span style=\"color: #0000ff;\">30\/07\/2016 &#8211; Federfarma<\/span><\/a><\/p>\n<p><strong><img decoding=\"async\" class=\"alignleft\" src=\"https:\/\/www.federfarma.it\/getattachment\/fe493c7e-c66d-4c6b-b816-2b1f3093d72e\/30-07-2016-07-54-29.aspx?maxsidesize=112\" alt=\"\" \/>L\u2019Enpaf non decider\u00e0 prima di settembre se seguire le altre casse private<\/strong> e aderire al Fondo Atlante 2, la versione aggiornata del \u201cparacadute\u201d messo a punto dal ministero dell\u2019Economia per sostenere il sistema bancario italiano. E\u2019 l\u2019indicazione che filtra dall\u2019ente di previdenza dei farmacisti dopo la decisione assunta luned\u00ec dall\u2019Adepp (l\u2019associazione delle casse private, dalla quale l\u2019Enpaf \u00e8 uscita alcuni anni fa) di prendere parte all\u2019operazione finanziaria con un investimento di 500 milioni di euro. Atlante 2, in sostanza, \u00e8 un fondo creato per acquistare dalle banche i loro crediti deteriorati (npl, non performing loans). Si tratta, in parole povere, dei mutui e prestiti che i sottoscrittori non riescono pi\u00f9 a estinguere e gli istituti devono smaltire rapidamente dai loro bilanci. Vale soprattutto per Monte dei Paschi di Siena, cui la Bce ha ingiunto di azzerare circa 10 miliardi di npl.<\/p>\n<p><strong>L\u2019adesione dell\u2019Adepp, peraltro, \u00e8 soltanto formale<\/strong>. Tocca ai cda delle singole casse decidere se investire o meno nel fondo. In molti hanno gi\u00e0 detto s\u00ec, per ultimi proprio ieri i medici dell\u2019Enpam, che in una nota ha comunque parlato di \u00abinvestimento rischioso\u00bb. C\u2019\u00e8 per\u00f2 anche chi si \u00e8 tirato indietro: \u00e8 il caso degli enti dei <img loading=\"lazy\" decoding=\"async\" class=\"alignright\" src=\"https:\/\/www.enpam.it\/wp-content\/uploads\/porcellino.jpg\" alt=\"Various european banknotes in a happy piggybank of Italy.(series\" width=\"181\" height=\"201\" \/>commercialisti, degli ingegneri e architetti e dei veterinari, che hanno detto a chiare lettere di non voler mettere a repentaglio i risparmi dei loro associati.<\/p>\n<p><strong>Ma che cosa ci guadagnano le casse private con quest\u2019affare?<\/strong>A parte gli eventuali ritorni dell\u2019investimento, un risultato politico non indifferente: l\u2019Europa non vuole aiuti di Stato per le banche, se il Governo accetta i soldi degli istituti dei professionisti rinuncia implicitamente a sostenerne la natura pubblica, come ha fatto finora. E le casse si sottraggono definitivamente a manovre finanziarie, spending review della Pubblica amministrazione e altri interventi. L\u2019Enpaf sta ancora valutando pro e contro e non prender\u00e0 una decisione prima dell\u2019inizio dell\u2019autunno. (AS)<\/p>\n<p>Related news:\u00a0<a href=\"http:\/\/www.ilfattoquotidiano.it\/2016\/07\/25\/banche-il-governo-chiama-e-le-casse-di-previdenza-rispondono-si-investa-nel-fondo-di-salvataggio\/2932511\/\" target=\"_blank\" rel=\"noopener\"><span style=\"color: #0000ff;\">Banche, il governo chiama e le casse di previdenza rispondono: \u201cSi investa nel fondo di salvataggio\u201d<\/span><\/a><\/p>\n<p><a href=\"https:\/\/www.investireoggi.it\/economia\/banche-italiane-salvate-soldi-delle-pensioni-lultima-oscenita-del-governo\/\" target=\"_blank\" rel=\"noopener\"><span style=\"color: #0000ff;\">Banche italiane salvate con i soldi delle pensioni? L&#8217;ultima oscenit\u00e0 del governo<\/span><\/a><\/p>\n<p class=\"margin_top_bottom_20 text_bold\"><a href=\"https:\/\/www.forexinfo.it\/Atlante-2-casse-previdenziali-in\" target=\"_blank\" rel=\"noopener\"><span style=\"color: #0000ff;\">Atlante 2: casse previdenziali in fuga. Ecco chi non investir\u00e0 nel fondo<\/span><\/a><\/p>\n<p><a href=\"https:\/\/www.enpam.it\/news\/perche-enpam-valuta-un-possibile-investimento-in-atlante2-domande-e-risposte\" target=\"_blank\" rel=\"noopener\"><span style=\"color: #0000ff;\">Perch\u00e9 Enpam valuta un possibile investimento in Atlante2. Domande e risposte<\/span><\/a><\/p>\n<p><a href=\"http:\/\/www.adepp.info\/2016\/08\/inarcassa-nessuna-partecipazione-al-fondo-atlante-2\/\" target=\"_blank\" rel=\"noopener\"><span style=\"color: #0000ff;\">Inarcassa, nessuna partecipazione al Fondo Atlante 2<\/span><\/a><\/p>\n<h4>Nota: Gli Associati Adepp chiamati a prendere parte all&#8217;operazione<\/h4>\n<p>Cassa Notariato: Pres. Notaio Mario Mistretta<\/p>\n<p>Cassa Forense: Pres. Avv. Nunzio Luciano<\/p>\n<p>INARCASSA: Pres. Arch. Giuseppe Santoro<\/p>\n<p>CNPADC: Pres. Dott. Renzo Guffanti<\/p>\n<p>ENPAV:Pres. Dott. Gianni Mancuso<\/p>\n<p>ENPACL: Pres. Dott. Alessandro Visparelli<\/p>\n<p>ENPAP: Pres. Dott. Felice Torricelli<\/p>\n<p>ENPAPI: Pres. Dott. Mario Schiavon<\/p>\n<p>INPGI: Pres. Dott.ssa Marina Macelloni<\/p>\n<p>CASAGIT: Pres. Dott. Daniele M. Cerrato<\/p>\n<p>ENASARCO: Pres. Dott. Gianroberto Costa<\/p>\n<p>ENPAIA: Pres. Dott. Antonio Piva<\/p>\n<p>Ente Pluricategoriale EPAP: Pres. Dott. Stefano Poeta<\/p>\n<p>ONAOSI: Pres. Dott. Serafino Zucchelli<\/p>\n<p>ENPAM: Pres. Dott. Alberto\u00a0 Oliveti<\/p>\n<p>ENPAB: Pres. Dott.ssa Tiziana Stallone<\/p>\n<p>EPPI: Pres. Per.ind.le Valerio Bignami<\/p>\n<p>CASSA GEOMETRI: Pres. Geom. Fausto Amadasi<\/p>\n<p>CASSA RAGIONIERI: Pres. Dott. Luigi Pagliuca<\/p>","protected":false},"excerpt":{"rendered":"<p>L\u2019Enpaf resta per ora alla finestra,\u00a0Enpam valuta un possibile investimento in Atlante2. Enasarco comunicher\u00e0\u00a0la propria posizione nei prossimi giorni. ______________________________ Fondo Atlante 2, l\u2019Enpaf resta per ora alla finestra 30\/07\/2016 &#8211; Federfarma L\u2019Enpaf non decider\u00e0 prima di settembre se seguire le altre casse private e aderire al Fondo Atlante 2, la versione aggiornata del \u201cparacadute\u201d &hellip;<\/p>","protected":false},"author":4,"featured_media":27366,"comment_status":"closed","ping_status":"closed","sticky":false,"template":"","format":"standard","meta":{"footnotes":""},"categories":[1],"tags":[82,41],"class_list":["post-27361","post","type-post","status-publish","format-standard","has-post-thumbnail","hentry","category-notizie","tag-fonchimfaschim","tag-leggisentenze"],"amp_enabled":true,"_links":{"self":[{"href":"https:\/\/www.fedaiisf.it\/en\/wp-json\/wp\/v2\/posts\/27361","targetHints":{"allow":["GET"]}}],"collection":[{"href":"https:\/\/www.fedaiisf.it\/en\/wp-json\/wp\/v2\/posts"}],"about":[{"href":"https:\/\/www.fedaiisf.it\/en\/wp-json\/wp\/v2\/types\/post"}],"author":[{"embeddable":true,"href":"https:\/\/www.fedaiisf.it\/en\/wp-json\/wp\/v2\/users\/4"}],"replies":[{"embeddable":true,"href":"https:\/\/www.fedaiisf.it\/en\/wp-json\/wp\/v2\/comments?post=27361"}],"version-history":[{"count":0,"href":"https:\/\/www.fedaiisf.it\/en\/wp-json\/wp\/v2\/posts\/27361\/revisions"}],"wp:featuredmedia":[{"embeddable":true,"href":"https:\/\/www.fedaiisf.it\/en\/wp-json\/wp\/v2\/media\/27366"}],"wp:attachment":[{"href":"https:\/\/www.fedaiisf.it\/en\/wp-json\/wp\/v2\/media?parent=27361"}],"wp:term":[{"taxonomy":"category","embeddable":true,"href":"https:\/\/www.fedaiisf.it\/en\/wp-json\/wp\/v2\/categories?post=27361"},{"taxonomy":"post_tag","embeddable":true,"href":"https:\/\/www.fedaiisf.it\/en\/wp-json\/wp\/v2\/tags?post=27361"}],"curies":[{"name":"wp","href":"https:\/\/api.w.org\/{rel}","templated":true}]}}