{"id":27749,"date":"2016-09-02T11:18:39","date_gmt":"2016-09-02T09:18:39","guid":{"rendered":"http:\/\/www.fedaiisf.it\/?p=27749"},"modified":"2016-09-02T11:18:39","modified_gmt":"2016-09-02T09:18:39","slug":"svizzera-roche-tagliera-190-posti","status":"publish","type":"post","link":"https:\/\/www.fedaiisf.it\/en\/svizzera-roche-tagliera-190-posti\/","title":{"rendered":"Swiss. Roche will cut 190 jobs"},"content":{"rendered":"<p><em>The pharmaceutical group reviews the organization of production. The reason for the cuts is the merger of two production units<\/em><\/p>\n<p><a href=\"http:\/\/www.rsi.ch\/news\/svizzera\/Roche-taglier%C3%A0-190-posti-7959047.html\" target=\"_blank\" rel=\"noopener\"><span style=\"color: #0000ff;\">Thursday 01\/09\/16 \u2013 RSI News<\/span><\/a><\/p>\n<p><strong><img loading=\"lazy\" decoding=\"async\" class=\"alignleft\" src=\"http:\/\/www.rsi.ch\/news\/svizzera\/Severin-Schwan-CEO-dellazienda-basilese-7958924.html\/ALTERNATES\/LANDSCAPE_744\/Severin%20Schwan,%20CEO%20dell'azienda%20basilese\" alt=\"\" width=\"375\" height=\"210\" \/>Roche<\/strong>, the Swiss pharmaceutical company, is reviewing the organization of its production at its headquarters in <strong>Basel<\/strong>: in the next two years will come <strong>190 jobs lost<\/strong>; 130 by the end of 2016 and the other 60 in 2017. The reason for the cuts is the merger of two production units: the active ingredients sector and that of small molecular medicines. The note sent by the pharmaceutical giant states that the decision on the number of layoffs is not yet final.<\/p>\n<p>Despite this reorganisation, the Basel site remains the most important of the group, which has a total of 9,000 employees.<\/p>\n<p><strong>ATS\/CaL<\/strong><\/p>","protected":false},"excerpt":{"rendered":"<p>Il gruppo farmaceutico rivede l&#8217;organizzazione della produzione.\u00a0Il motivo dei tagli \u00e8 la fusione di due unit\u00e0 produttive gioved\u00ec 01\/09\/16 &#8211; RSI News Roche, l&#8217;azienda farmaceutica elvetica, rivede l&#8217;organizzazione della sua produzione alla sede centrale di Basilea: nei prossimi due anni verranno soppressi 190 posti di lavoro; 130 entro la fine del 2016 e gli altri &hellip;<\/p>","protected":false},"author":4,"featured_media":2647,"comment_status":"closed","ping_status":"closed","sticky":false,"template":"","format":"standard","meta":{"footnotes":""},"categories":[1],"tags":[27,33],"class_list":["post-27749","post","type-post","status-publish","format-standard","has-post-thumbnail","hentry","category-notizie","tag-licenziati","tag-roche"],"amp_enabled":true,"_links":{"self":[{"href":"https:\/\/www.fedaiisf.it\/en\/wp-json\/wp\/v2\/posts\/27749","targetHints":{"allow":["GET"]}}],"collection":[{"href":"https:\/\/www.fedaiisf.it\/en\/wp-json\/wp\/v2\/posts"}],"about":[{"href":"https:\/\/www.fedaiisf.it\/en\/wp-json\/wp\/v2\/types\/post"}],"author":[{"embeddable":true,"href":"https:\/\/www.fedaiisf.it\/en\/wp-json\/wp\/v2\/users\/4"}],"replies":[{"embeddable":true,"href":"https:\/\/www.fedaiisf.it\/en\/wp-json\/wp\/v2\/comments?post=27749"}],"version-history":[{"count":0,"href":"https:\/\/www.fedaiisf.it\/en\/wp-json\/wp\/v2\/posts\/27749\/revisions"}],"wp:featuredmedia":[{"embeddable":true,"href":"https:\/\/www.fedaiisf.it\/en\/wp-json\/wp\/v2\/media\/2647"}],"wp:attachment":[{"href":"https:\/\/www.fedaiisf.it\/en\/wp-json\/wp\/v2\/media?parent=27749"}],"wp:term":[{"taxonomy":"category","embeddable":true,"href":"https:\/\/www.fedaiisf.it\/en\/wp-json\/wp\/v2\/categories?post=27749"},{"taxonomy":"post_tag","embeddable":true,"href":"https:\/\/www.fedaiisf.it\/en\/wp-json\/wp\/v2\/tags?post=27749"}],"curies":[{"name":"wp","href":"https:\/\/api.w.org\/{rel}","templated":true}]}}