{"id":27795,"date":"2016-09-05T18:06:13","date_gmt":"2016-09-05T16:06:13","guid":{"rendered":"http:\/\/www.fedaiisf.it\/?p=27795"},"modified":"2016-09-05T18:08:24","modified_gmt":"2016-09-05T16:08:24","slug":"trani-licenziato-dallazienda-farmaceutica-ha-ragione-in-tribunale-ma-lavora-per-due-mesi","status":"publish","type":"post","link":"https:\/\/www.fedaiisf.it\/en\/trani-licenziato-dallazienda-farmaceutica-ha-ragione-in-tribunale-ma-lavora-per-due-mesi\/","title":{"rendered":"Trani. Fired by the pharmaceutical company, he is right in court, but works for two months"},"content":{"rendered":"<p><em>Protest of a fifty-year-old in front of Palazzo Nigretti. The new contract (permanent) lasted only two months, because this time he was fired. In fact, in the meantime, the Jobs Act has taken over, which facilitates dismissal procedures<\/em><\/p>\n<div class=\"infofooter\">\n<div class=\"autorecont floatleft\">\n<p class=\"autore_name\"><span style=\"color: #0000ff;\"><a href=\"http:\/\/www.traniviva.it\/notizie\/licenziato-dall-azienda-ha-ragione-in-tribunale-ma-lavora-per-due-mesi\/\" target=\"_blank\" rel=\"noopener\">TRANIVIVA EDITORIAL \u2013 Monday 5 September 2016<\/a><\/span><\/p>\n<\/div>\n<\/div>\n<p class=\"addthis_sharing_toolbox\"><img loading=\"lazy\" decoding=\"async\" class=\"alignright\" src=\"http:\/\/m2.trani.gocity.it\/library\/foto\/2015\/20160905_093737_resized.jpg\" alt=\"\" width=\"480\" height=\"320\" \/>Protest this morning in front of the Trani Labor Court. A former employee of a pharmaceutical company, 50-year-old Spartaco Raimo, according to what he said, was induced to resign a few years ago. The first and second instance judges recognized his right to return to work, but without reinstatement: he was thus rehired by the company.<\/p>\n<p class=\"addthis_sharing_toolbox\">Only that the new (permanent) contract only lasted two months, because this time he was fired. In fact, in the meantime, the Jobs Act has taken over, which facilitates dismissal procedures.<\/p>\n<p>Today Spartaco Raimo decided to stage a protest in front of the Labor Court building, pending the new sentence scheduled for September 22 which will decide on the dismissal. Raimo, among other things, complains that due to the too short period of work he didn&#039;t even have the right to social safety nets and now he has difficulty living.<\/p>\n<p>&nbsp;<\/p>\n<p>&nbsp;<\/p>\n<p><img loading=\"lazy\" decoding=\"async\" class=\"\" src=\"http:\/\/m2.trani.gocity.it\/library\/foto\/2015\/20160905_093838_resized.jpg\" alt=\"\" width=\"876\" height=\"1168\" \/><\/p>\n<p>&nbsp;<\/p>","protected":false},"excerpt":{"rendered":"<p>Protesta di un cinquantenne davanti a Palazzo Nigretti. Il nuovo contratto (a tempo indeterminato) \u00e8 durato solo due mesi, perch\u00e9 questa volta \u00e8 stato licenziato. Infatti, nel frattempo, \u00e8 subentrato il Jobs Act, che facilita le procedure di licenziamento REDAZIONE TRANIVIVA &#8211;\u00a0Luned\u00ec 5 Settembre 2016 Protesta questa mattina davanti al Tribunale del Lavoro di Trani. &hellip;<\/p>","protected":false},"author":4,"featured_media":27799,"comment_status":"closed","ping_status":"closed","sticky":false,"template":"","format":"standard","meta":{"footnotes":""},"categories":[1],"tags":[27],"class_list":["post-27795","post","type-post","status-publish","format-standard","has-post-thumbnail","hentry","category-notizie","tag-licenziati"],"amp_enabled":true,"_links":{"self":[{"href":"https:\/\/www.fedaiisf.it\/en\/wp-json\/wp\/v2\/posts\/27795","targetHints":{"allow":["GET"]}}],"collection":[{"href":"https:\/\/www.fedaiisf.it\/en\/wp-json\/wp\/v2\/posts"}],"about":[{"href":"https:\/\/www.fedaiisf.it\/en\/wp-json\/wp\/v2\/types\/post"}],"author":[{"embeddable":true,"href":"https:\/\/www.fedaiisf.it\/en\/wp-json\/wp\/v2\/users\/4"}],"replies":[{"embeddable":true,"href":"https:\/\/www.fedaiisf.it\/en\/wp-json\/wp\/v2\/comments?post=27795"}],"version-history":[{"count":0,"href":"https:\/\/www.fedaiisf.it\/en\/wp-json\/wp\/v2\/posts\/27795\/revisions"}],"wp:featuredmedia":[{"embeddable":true,"href":"https:\/\/www.fedaiisf.it\/en\/wp-json\/wp\/v2\/media\/27799"}],"wp:attachment":[{"href":"https:\/\/www.fedaiisf.it\/en\/wp-json\/wp\/v2\/media?parent=27795"}],"wp:term":[{"taxonomy":"category","embeddable":true,"href":"https:\/\/www.fedaiisf.it\/en\/wp-json\/wp\/v2\/categories?post=27795"},{"taxonomy":"post_tag","embeddable":true,"href":"https:\/\/www.fedaiisf.it\/en\/wp-json\/wp\/v2\/tags?post=27795"}],"curies":[{"name":"wp","href":"https:\/\/api.w.org\/{rel}","templated":true}]}}