{"id":2783,"date":"2014-08-28T12:08:17","date_gmt":"2014-08-28T10:08:17","guid":{"rendered":"http:\/\/www.fedaiisf.it\/?p=2783"},"modified":"2014-08-28T12:08:17","modified_gmt":"2014-08-28T10:08:17","slug":"the-big-bang-theory-svelata-grossa-novita-penny-leonard","status":"publish","type":"post","link":"https:\/\/www.fedaiisf.it\/en\/the-big-bang-theory-svelata-grossa-novita-penny-leonard\/","title":{"rendered":"The Big Bang Theory: unveiled a big news about Penny and Leonard"},"content":{"rendered":"<p><i>It is the manufacturer who reveals this novelty\u2026. Penny will work as a pharmaceutical rep<\/i><\/p>\n<p><img loading=\"lazy\" decoding=\"async\" class=\"alignleft\" alt=\"\" src=\"http:\/\/aceflashman.files.wordpress.com\/2013\/04\/penny.jpg\" width=\"202\" height=\"242\" \/>The Big Bang Theory one of the most famous TV series right now will return to the small screen on September 22 with the new season after various problems with the cast fortunately overcome. About the new episodes, the producer and creator Steve Molaro reveals something new.<\/p>\n<p>The seventh season had ended with the official engagement of Penny and Leonard and with the idea of both taking the plunge: getting married. The producer confesses that Penny and Leonard&#039;s wedding may not happen.<\/p>\n<p>\u201cIn the first episode of the new season (which will air on the small screen starting September 22), Penny will embark on a new career, which will take up a lot of her time and energy. Bernadette helped her get a job as a pharmaceutical representative at her company. She will put her failed acting career on hold for a while.\u201d<\/p>\n<p>Penny will find herself at ease with this new job, even if she doesn&#039;t realize it immediately, Molaro always anticipates.<\/p>\n<p>Posted in\u00a0<a title=\"View all articles in Television\" href=\"http:\/\/www.leggilo.net\/spettacoli-svago\/televisione\" target=\"_blank\" rel=\"noopener\">Television<\/a>\u00a0| <span style=\"color: #0000ff;\"><a href=\"http:\/\/www.leggilo.net\/143681\/the-big-bang-theory-svelata-una-grossa-novita-su-penny-e-leonard.html\" target=\"_blank\" rel=\"noopener\"><span style=\"color: #0000ff;\">Written on Wednesday, August 27, 2014<\/span><\/a><\/span> | Author\u00a0<a title=\"Read all of Valentina&#039;s articles\" href=\"http:\/\/www.leggilo.net\/author\/valentina\" target=\"_blank\" rel=\"noopener\">Valentina\u00a0<\/a>| Read it.net<\/p>","protected":false},"excerpt":{"rendered":"<p>E&#8217; il produttore a rivelare questa novit\u00e0&#8230;. Penny lavorer\u00e0 come rappresentante farmaceutica The Big Bang Theory una delle Serie Tv pi\u00f9 famose in questo momento ritorner\u00e0 sul piccolo schermo il 22 Settembre con la nuova stagione dopo vari problemi con il cast fortunatamente superati. A proposito dei nuovi episodi il produttore e creatore Steve Molaro &hellip;<\/p>","protected":false},"author":4,"featured_media":691,"comment_status":"closed","ping_status":"closed","sticky":false,"template":"","format":"standard","meta":{"footnotes":""},"categories":[1],"tags":[23],"class_list":["post-2783","post","type-post","status-publish","format-standard","has-post-thumbnail","hentry","category-notizie","tag-informatore"],"amp_enabled":true,"_links":{"self":[{"href":"https:\/\/www.fedaiisf.it\/en\/wp-json\/wp\/v2\/posts\/2783","targetHints":{"allow":["GET"]}}],"collection":[{"href":"https:\/\/www.fedaiisf.it\/en\/wp-json\/wp\/v2\/posts"}],"about":[{"href":"https:\/\/www.fedaiisf.it\/en\/wp-json\/wp\/v2\/types\/post"}],"author":[{"embeddable":true,"href":"https:\/\/www.fedaiisf.it\/en\/wp-json\/wp\/v2\/users\/4"}],"replies":[{"embeddable":true,"href":"https:\/\/www.fedaiisf.it\/en\/wp-json\/wp\/v2\/comments?post=2783"}],"version-history":[{"count":0,"href":"https:\/\/www.fedaiisf.it\/en\/wp-json\/wp\/v2\/posts\/2783\/revisions"}],"wp:featuredmedia":[{"embeddable":true,"href":"https:\/\/www.fedaiisf.it\/en\/wp-json\/wp\/v2\/media\/691"}],"wp:attachment":[{"href":"https:\/\/www.fedaiisf.it\/en\/wp-json\/wp\/v2\/media?parent=2783"}],"wp:term":[{"taxonomy":"category","embeddable":true,"href":"https:\/\/www.fedaiisf.it\/en\/wp-json\/wp\/v2\/categories?post=2783"},{"taxonomy":"post_tag","embeddable":true,"href":"https:\/\/www.fedaiisf.it\/en\/wp-json\/wp\/v2\/tags?post=2783"}],"curies":[{"name":"wp","href":"https:\/\/api.w.org\/{rel}","templated":true}]}}