{"id":27838,"date":"2016-09-29T10:04:24","date_gmt":"2016-09-29T08:04:24","guid":{"rendered":"http:\/\/www.fedaiisf.it\/?p=27838"},"modified":"2016-09-29T17:52:18","modified_gmt":"2016-09-29T15:52:18","slug":"sez-di-frosinone-corso-di-formazione-professionale-per-isf","status":"publish","type":"post","link":"https:\/\/www.fedaiisf.it\/en\/sez-di-frosinone-corso-di-formazione-professionale-per-isf\/","title":{"rendered":"Section of Frosinone. Professional training course for ISF"},"content":{"rendered":"<h3 style=\"text-align: center;\"><span style=\"color: #ff0000;\">CORSO DI FORMAZIONE\u00a0PROFESSIONALE PER ISF E NOZIONI\u00a0DI MARKETING FARMACEUTICO<\/span><\/h3>\n<p><a href=\"http:\/\/www.fedaiisf.it\/wp-content\/uploads\/2016\/09\/Sez.Frosinone.corso_1.png\"><img loading=\"lazy\" decoding=\"async\" class=\"wp-image-27996 alignleft\" src=\"http:\/\/www.fedaiisf.it\/wp-content\/uploads\/2016\/09\/Sez.Frosinone.corso_1-300x130.png\" alt=\"sez-frosinone-corso\" width=\"293\" height=\"127\" srcset=\"https:\/\/www.fedaiisf.it\/wp-content\/uploads\/2016\/09\/Sez.Frosinone.corso_1-300x130.png 300w, https:\/\/www.fedaiisf.it\/wp-content\/uploads\/2016\/09\/Sez.Frosinone.corso_1.png 308w\" sizes=\"auto, (max-width: 293px) 100vw, 293px\" \/><\/a>Il corso si terr\u00e0 sabato\u00a0<strong>8 ottobre a Ceprano presso l&#8217;Hotel IDA <\/strong>dalle ore 9 alle 18. Tutte le indicazioni nel programma in allegato. Sar\u00e0 inoltre presente il Presidente Nazionale Antonio Mazzarella. In allegato la Locandina con il programma e uno statement del corso.<\/p>\n<p>Il Corso realizzato dall\u2019Associazione Informatori Scientifici Frosinone AISF (FEDAIISF) \u00e8 finalizzato a fornire le competenze necessarie per l&#8217;espletamento del ruolo di informatore farmaceutico, con particolare attenzione alla <strong>Comunicazione e\u00a0<\/strong> to the <img loading=\"lazy\" decoding=\"async\" class=\"alignleft\" src=\"http:\/\/www.originalitaly.it\/uploads\/vetrine\/00006348\/image\/hotel-ida_ingresso.jpg\" alt=\"Risultati immagini per hotel ida ceprano\" width=\"292\" height=\"219\" \/><strong>Mercato Farmaceutico<\/strong> con i relativi indicatori di Prestazione ( MS, Indice di Penetrazione, Evoluzione\u2026).<\/p>\n<p>Il modulo di <strong>Marketing <\/strong>sar\u00e0 utile ad orientare i partecipanti a comprendere meglio le scelte che un\u2019azienda opera in funzione degli obiettivi che si \u00e8 prefissa. Inoltre, offrir\u00e0 le basi per gestire con professionalit\u00e0 la comunicazione con gli stakeholders interni all&#8217;azienda e per orientare la carriera ad uno sviluppo manageriale, migliorando la propria employability.<\/p>\n<p>Il modulo di <strong>comunicazione<\/strong> prevede una parte in cui si parler\u00e0 di <strong>Intelligenza Emotiva<\/strong>, che si pu\u00f2 definire come la capacit\u00e0 di rendere le relazioni interpersonali funzionali agli obiettivi di tutte le parti in causa, grazie alla comprensione di ci\u00f2 che fa \u201cstar bene\u201d e \u201cstar male\u201d noi e i nostri interlocutori.<\/p>\n<p><a href=\"http:\/\/www.fedaiisf.it\/wp-content\/uploads\/2016\/09\/Sez.Frosinone.info_.png\"><img loading=\"lazy\" decoding=\"async\" class=\"size-medium wp-image-27845 alignright\" src=\"http:\/\/www.fedaiisf.it\/wp-content\/uploads\/2016\/09\/Sez.Frosinone.info_-300x262.png\" alt=\"sez-frosinone-info\" width=\"300\" height=\"262\" srcset=\"https:\/\/www.fedaiisf.it\/wp-content\/uploads\/2016\/09\/Sez.Frosinone.info_-300x262.png 300w, https:\/\/www.fedaiisf.it\/wp-content\/uploads\/2016\/09\/Sez.Frosinone.info_.png 308w\" sizes=\"auto, (max-width: 300px) 100vw, 300px\" \/><\/a>Nell\u2019altra sessione del modulo di <strong>comunicazione<\/strong> approfondir\u00e0 le tematiche di <strong>gestione della visita<\/strong> and some <strong>obiezioni<\/strong>.<\/p>\n<p>Nel modulo la\u00a0<strong> Farmacia Esperienze\u00a0 a confronto<\/strong> si condivideranno momenti di esperienze lavorative.<\/p>\n<p>Il corso prevede dei lavori in gruppi, utili per sviluppare la capacit\u00e0 di lavorare in team di problem solving.<\/p>\n<p>Destinato a neofiti, neolaureati, isf senior e chi \u00e8 interessato ad conoscere il mondo del marketing farmaceutico e della comunicazione.<\/p>\n<p>Verr\u00e0 rilasciato un attestato di partecipazione con il patrocinio della FEDAIISF NAZIONALE.<\/p>\n<p>Allegati:\u00a0<span style=\"color: #0000ff;\"><a style=\"color: #0000ff;\" href=\"http:\/\/www.fedaiisf.it\/wp-content\/uploads\/2016\/09\/Fedaiisf-Frosinone-programma-8-ottobre.pdf\" target=\"_blank\">fedaiisf-frosinone-programma-8-ottobre<\/a><\/span><\/p>\n<p>Per informazioni ed iscrizioni:<\/p>\n<p><a href=\"mailto:aisf.frosinone@gmail.com\">aisf.frosinone@gmail.com<\/a><\/p>\n<p>cellulare:349\/2168566<\/p>\n<p><strong><img decoding=\"async\" class=\"alignleft\" src=\"https:\/\/photo1.hotelsclick.com\/maps\/177624\/map-villa-ida-ceprano-frosinone.png\" alt=\"Risultati immagini per hotel ida ceprano\" \/><span style=\"color: #ff0000;\">Note<\/span><\/strong>: <em>Il ristorante &#8220;Le Villette&#8221;, indicato in un primo momento come sede del corso, \u00e8 stato sostituito dall&#8217;<strong>Hotel Villa Ida<\/strong>, sempre a Ceprano (FR),\u00a0Via Caragno, 27, tel.:\u00a00775.950040<\/em><\/p>\n<p>&nbsp;<\/p>\n<p>&nbsp;<\/p>","protected":false},"excerpt":{"rendered":"<p>CORSO DI FORMAZIONE\u00a0PROFESSIONALE PER ISF E NOZIONI\u00a0DI MARKETING FARMACEUTICO Il corso si terr\u00e0 sabato\u00a08 ottobre a Ceprano presso l&#8217;Hotel IDA dalle ore 9 alle 18. Tutte le indicazioni nel programma in allegato. Sar\u00e0 inoltre presente il Presidente Nazionale Antonio Mazzarella. In allegato la Locandina con il programma e uno statement del corso. Il Corso realizzato &hellip;<\/p>","protected":false},"author":4,"featured_media":27846,"comment_status":"closed","ping_status":"closed","sticky":false,"template":"","format":"standard","meta":{"footnotes":""},"categories":[14],"tags":[45,21],"class_list":["post-27838","post","type-post","status-publish","format-standard","has-post-thumbnail","hentry","category-news-fedaiisf","tag-fedaiisf","tag-informatori-scientifici"],"amp_enabled":true,"_links":{"self":[{"href":"https:\/\/www.fedaiisf.it\/en\/wp-json\/wp\/v2\/posts\/27838","targetHints":{"allow":["GET"]}}],"collection":[{"href":"https:\/\/www.fedaiisf.it\/en\/wp-json\/wp\/v2\/posts"}],"about":[{"href":"https:\/\/www.fedaiisf.it\/en\/wp-json\/wp\/v2\/types\/post"}],"author":[{"embeddable":true,"href":"https:\/\/www.fedaiisf.it\/en\/wp-json\/wp\/v2\/users\/4"}],"replies":[{"embeddable":true,"href":"https:\/\/www.fedaiisf.it\/en\/wp-json\/wp\/v2\/comments?post=27838"}],"version-history":[{"count":0,"href":"https:\/\/www.fedaiisf.it\/en\/wp-json\/wp\/v2\/posts\/27838\/revisions"}],"wp:featuredmedia":[{"embeddable":true,"href":"https:\/\/www.fedaiisf.it\/en\/wp-json\/wp\/v2\/media\/27846"}],"wp:attachment":[{"href":"https:\/\/www.fedaiisf.it\/en\/wp-json\/wp\/v2\/media?parent=27838"}],"wp:term":[{"taxonomy":"category","embeddable":true,"href":"https:\/\/www.fedaiisf.it\/en\/wp-json\/wp\/v2\/categories?post=27838"},{"taxonomy":"post_tag","embeddable":true,"href":"https:\/\/www.fedaiisf.it\/en\/wp-json\/wp\/v2\/tags?post=27838"}],"curies":[{"name":"wp","href":"https:\/\/api.w.org\/{rel}","templated":true}]}}