{"id":28046,"date":"2016-09-20T12:23:21","date_gmt":"2016-09-20T10:23:21","guid":{"rendered":"http:\/\/www.fedaiisf.it\/?p=28046"},"modified":"2016-09-20T12:31:20","modified_gmt":"2016-09-20T10:31:20","slug":"farmaci-asl-e-ospedali-fanno-lievitare-ancora-la-spesa","status":"publish","type":"post","link":"https:\/\/www.fedaiisf.it\/en\/farmaci-asl-e-ospedali-fanno-lievitare-ancora-la-spesa\/","title":{"rendered":"Medicines: Local health authorities and hospitals are driving up spending again"},"content":{"rendered":"<p><strong><img loading=\"lazy\" decoding=\"async\" class=\"alignleft\" src=\"http:\/\/livesicilia.it\/wp-content\/uploads\/2014\/06\/partecipate975-624x300.jpg\" alt=\"Risultati immagini per conti in rosso\" width=\"364\" height=\"175\" \/>Per \u201ccolpa\u201d di Asl e ospedali, la spesa farmaceutica del Ssn vira sempre pi\u00f9<\/strong> verso il rosso intenso. Lo dicono i dati dell\u2019Aifa relativi ai primi cinque mesi dell\u2019anno, che collocano ben al di l\u00e0 dell\u2019asticella, in zona sfondamento, non solo la spesa ospedaliera ma anche la territoriale. Per la prima la notizia non \u00e8 tanto lo sforamento (\u00e8 dall\u2019inizio del 2016 che i conti sono gi\u00e0 fuori budget) quanto la sua entit\u00e0: tra gennaio e maggio, le uscite degli ospedali per farmaci hanno raggiunto i 2,7 miliardi di euro, pari al 5,49% del Fondo sanitario nazionale di quest\u2019anno. Tenuto conto che il tetto si ferma al 3,5%, ne deriva uno sfondamento di quasi un miliardo di euro, un terzo circa della spesa sostenuta nei 5 mesi.<\/p>\n<p><strong>A un\u2019altra categoria di \u201caziende\u201d del Ssn<\/strong>, le Asl, spetta invece la responsabilit\u00e0 del rosso sulla territoriale. Il buco non \u00e8 quello voraginoso dell\u2019ospedaliera ma \u00e8 comunque rilevante, soprattutto se lo si confronta agli anni precedenti (quando gli sfondamenti furono inesistenti o lillupuziani): tra gennaio e maggio la spesa ha toccato i 6 miliardi di euro, pari al 12,8% del Fondo sanitario 2016; in rapporto al tetto (11,35%) ballano circa 700 milioni di \u201cextrabudget\u201d, da addebitare tutti alla distribuzione <img loading=\"lazy\" decoding=\"async\" class=\"alignright\" src=\"http:\/\/static.fanpage.it\/wp-content\/uploads\/sites\/12\/2016\/05\/conti-in-rosso-easyjet.jpg\" alt=\"Risultati immagini per conti in rosso\" width=\"256\" height=\"214\" \/>diretta\/dpc. Nei primi cinque mesi dell\u2019anno, infatti, la spesa sostenuta dalle Aziende sanitarie locali per l\u2019acquisto di farmaci \u00e8 cresciuta del 35% e ha raggiunto i 2,2 miliardi di euro.<\/p>\n<p><strong>Stridono, al confronto, i dati della farmaceutica convenzionata<\/strong>. Grazie alla governance assicurata dai presidi con la croce verde, infatti, i conti della convenzionata rimangono sotto controllo: quasi 3,5 miliardi di euro la spesa registrata nei primi cinque mesi, in calo del 5% rispetto allo stesso periodo dell\u2019anno precedente a causa di un consistente decremento delle prescrizioni (-2,7%). E il sospetto \u00e8 che i medici prescrivano meno non perch\u00e9 circolano meno patologie, ma perch\u00e9 gli italiani trovano sempre pi\u00f9 insostenibile il peso di ticket e compartecipazioni: tra gennaio e maggio il gettito derivante \u00e8 cresciuto di altri 6 milioni di euro, con le compartecipazioni sui generici (prezzo di riferimento) a pesare su tale incremento per la gran parte (66%).<\/p>\n<p>(<a href=\"https:\/\/www.federfarma.it\/Edicola\/Ultime-notizie\/20-09-2016-00-26-07.aspx\" target=\"_blank\" rel=\"noopener\"><span style=\"color: #0000ff;\">AS -20\/09\/2016 &#8211; Federfarma<\/span><\/a>)<\/p>\n<p>Related news:\u00a0<span style=\"color: #0000ff;\"><a style=\"color: #0000ff;\" title=\"Estratto_Monitoraggio_della_Spesa_gen-mag_2016.pdf\" href=\"http:\/\/www.agenziafarmaco.gov.it\/sites\/default\/files\/Estratto_Monitoraggio_della_Spesa_gen-mag_2016.pdf\" target=\"_blank\" type=\"application\/pdf; length=370526\" rel=\"noopener\">Monitoraggio della Spesa Farmaceutica Nazionale e Regionale (gennaio \/ maggio 2016) (16\/09\/2016)<\/a><\/span><\/p>\n<p class=\"Title\"><a href=\"https:\/\/www.federfarma.it\/Edicola\/FiloDiretto\/Filodiretto\/settembre2016\/20-09-2016-00-34-13.aspx\" target=\"_blank\" rel=\"noopener\"><span style=\"color: #0000ff;\">Ims Health, in farmacia vale 2,2 miliardi il generico con obbligo di ricetta<\/span><\/a><\/p>\n<p><a href=\"http:\/\/www.savonanews.it\/2016\/09\/19\/leggi-notizia\/argomenti\/sanita\/articolo\/regione-il-pd-attacca-la-giunta-toti-aumenta-la-spesa-farmaceutica-della-liguria.html\" target=\"_blank\" rel=\"noopener\"><span style=\"color: #0000ff;\">Regione, il Pd attacca: &#8220;La Giunta Toti aumenta la spesa farmaceutica della Liguria&#8221;<\/span><\/a><\/p>","protected":false},"excerpt":{"rendered":"<p>Per \u201ccolpa\u201d di Asl e ospedali, la spesa farmaceutica del Ssn vira sempre pi\u00f9 verso il rosso intenso. Lo dicono i dati dell\u2019Aifa relativi ai primi cinque mesi dell\u2019anno, che collocano ben al di l\u00e0 dell\u2019asticella, in zona sfondamento, non solo la spesa ospedaliera ma anche la territoriale. Per la prima la notizia non \u00e8 &hellip;<\/p>","protected":false},"author":4,"featured_media":6469,"comment_status":"closed","ping_status":"closed","sticky":false,"template":"","format":"standard","meta":{"footnotes":""},"categories":[1],"tags":[30,26],"class_list":["post-28046","post","type-post","status-publish","format-standard","has-post-thumbnail","hentry","category-notizie","tag-ricette","tag-spesa-farmaceutica"],"amp_enabled":true,"_links":{"self":[{"href":"https:\/\/www.fedaiisf.it\/en\/wp-json\/wp\/v2\/posts\/28046","targetHints":{"allow":["GET"]}}],"collection":[{"href":"https:\/\/www.fedaiisf.it\/en\/wp-json\/wp\/v2\/posts"}],"about":[{"href":"https:\/\/www.fedaiisf.it\/en\/wp-json\/wp\/v2\/types\/post"}],"author":[{"embeddable":true,"href":"https:\/\/www.fedaiisf.it\/en\/wp-json\/wp\/v2\/users\/4"}],"replies":[{"embeddable":true,"href":"https:\/\/www.fedaiisf.it\/en\/wp-json\/wp\/v2\/comments?post=28046"}],"version-history":[{"count":0,"href":"https:\/\/www.fedaiisf.it\/en\/wp-json\/wp\/v2\/posts\/28046\/revisions"}],"wp:featuredmedia":[{"embeddable":true,"href":"https:\/\/www.fedaiisf.it\/en\/wp-json\/wp\/v2\/media\/6469"}],"wp:attachment":[{"href":"https:\/\/www.fedaiisf.it\/en\/wp-json\/wp\/v2\/media?parent=28046"}],"wp:term":[{"taxonomy":"category","embeddable":true,"href":"https:\/\/www.fedaiisf.it\/en\/wp-json\/wp\/v2\/categories?post=28046"},{"taxonomy":"post_tag","embeddable":true,"href":"https:\/\/www.fedaiisf.it\/en\/wp-json\/wp\/v2\/tags?post=28046"}],"curies":[{"name":"wp","href":"https:\/\/api.w.org\/{rel}","templated":true}]}}