{"id":28129,"date":"2016-09-26T18:13:01","date_gmt":"2016-09-26T16:13:01","guid":{"rendered":"http:\/\/www.fedaiisf.it\/?p=28129"},"modified":"2016-09-27T11:33:27","modified_gmt":"2016-09-27T09:33:27","slug":"la-pfizer-esclude-una-scissione-societaria","status":"publish","type":"post","link":"https:\/\/www.fedaiisf.it\/en\/la-pfizer-esclude-una-scissione-societaria\/","title":{"rendered":"Pfizer rules out a corporate split"},"content":{"rendered":"<p>La societ\u00e0 ritiene che il suo attuale assetto sia il migliore per massimizzare il valore per gli azionisti.<\/p>\n<p><img loading=\"lazy\" decoding=\"async\" class=\"alignleft\" src=\"http:\/\/www.eluniversal.com.mx\/sites\/default\/files\/styles\/f03-651x400\/public\/2016\/09\/26\/pfizer.jpg?itok=fU2xirsX\" alt=\"\" width=\"376\" height=\"231\" \/>Pfizer non si divider\u00e0 in due imprese, una decisione che, almeno per ora, mette fine alle speculazioni a Wall Street sul futuro dell&#8217;azienda farmaceutica.<\/p>\n<p>La societ\u00e0 ritiene che la sua attuale struttura sia la migliore per massimizzare gli investimenti degli azionisti, anche se luned\u00ec scorso ha dichiarato che in futuro potr\u00e0 dividersi se le condizioni cambieranno.<\/p>\n<p>Il creatore del Viagra e dell&#8217;antidolorifico Lyrica ha parlato per anni di una scissione, con l&#8217;idea che due societ\u00e0 potessero crescere pi\u00f9 velocemente che una. Ma le reali possibilit\u00e0 di dividersi cominciarono a svanire a met\u00e0 anno a causa di un aumento delle vendite dei nuovi farmaci chiave di Pfizer e per le crescenti prospettive dei nuovi farmaci in sviluppo<\/p>\n<p><a href=\"http:\/\/www.eluniversal.com.mx\/articulo\/cartera\/negocios\/2016\/09\/26\/farmaceutica-pfizer-descarta-dividirse\" target=\"_blank\" rel=\"noopener\"><span style=\"color: #0000ff;\">El Universal &#8211; 26\/09\/2016<\/span><\/a><\/p>\n<p>Related news: <span style=\"color: #0000ff;\"><a style=\"color: #0000ff;\" href=\"http:\/\/www.fedaiisf.it\/en\/emma-walmsley-nuovo-ceo-di-glaxosmithkline\/\" target=\"_blank\">Emma Walmsley new CEO of GlaxoSmithKline<\/a><\/span><\/p>\n<p class=\"lede-headline\"><a href=\"http:\/\/www.bloomberg.com\/news\/articles\/2016-09-26\/pfizer-won-t-pursue-splitting-in-two-separate-companies\" target=\"_blank\" rel=\"noopener\"><span class=\"lede-headline__highlighted\" style=\"color: #0000ff;\">Pfizer Opts Not to Split, Putting Focus on M&amp;A and New Drugs<\/span><\/a><\/p>\n<p class=\"title\"><a href=\"http:\/\/www.teleborsa.it\/News\/2016\/09\/26\/caduta-vertiginosa-di-pfizer-sul-mercato-235_TLB-AUTO.html#.V-o8ofCLSUk\" target=\"_blank\" rel=\"noopener\"><span style=\"color: #0000ff;\">Caduta vertiginosa di Pfizer sul mercato<\/span><\/a><\/p>\n<p class=\"lede-headline\">Nota: il\u00a0CEO di Pfizer <a href=\"http:\/\/www.bloomberg.com\/news\/articles\/2016-03-16\/pfizer-ceo-pay-dropped-23-last-year-as-stock-awards-declined\" target=\"_blank\" rel=\"noopener\"><span style=\"color: #0000ff;\">Ian Read<\/span><\/a> ha ricevuto un compenso totale di $ 18 milioni nel 2015<\/p>\n<p class=\"lede-headline\"><img loading=\"lazy\" decoding=\"async\" class=\"aligncenter\" src=\"https:\/\/assets.bwbx.io\/images\/users\/iqjWHBFdfxIU\/iPYirtXMrIkA\/v2\/488x-1.png\" alt=\"\" width=\"604\" height=\"339\" \/><\/p>","protected":false},"excerpt":{"rendered":"<p>La societ\u00e0 ritiene che il suo attuale assetto sia il migliore per massimizzare il valore per gli azionisti. Pfizer non si divider\u00e0 in due imprese, una decisione che, almeno per ora, mette fine alle speculazioni a Wall Street sul futuro dell&#8217;azienda farmaceutica. La societ\u00e0 ritiene che la sua attuale struttura sia la migliore per massimizzare &hellip;<\/p>","protected":false},"author":4,"featured_media":28132,"comment_status":"closed","ping_status":"closed","sticky":false,"template":"","format":"standard","meta":{"footnotes":""},"categories":[1],"tags":[53,46],"class_list":["post-28129","post","type-post","status-publish","format-standard","has-post-thumbnail","hentry","category-notizie","tag-fusioniacquisizioni","tag-pfizer"],"amp_enabled":true,"_links":{"self":[{"href":"https:\/\/www.fedaiisf.it\/en\/wp-json\/wp\/v2\/posts\/28129","targetHints":{"allow":["GET"]}}],"collection":[{"href":"https:\/\/www.fedaiisf.it\/en\/wp-json\/wp\/v2\/posts"}],"about":[{"href":"https:\/\/www.fedaiisf.it\/en\/wp-json\/wp\/v2\/types\/post"}],"author":[{"embeddable":true,"href":"https:\/\/www.fedaiisf.it\/en\/wp-json\/wp\/v2\/users\/4"}],"replies":[{"embeddable":true,"href":"https:\/\/www.fedaiisf.it\/en\/wp-json\/wp\/v2\/comments?post=28129"}],"version-history":[{"count":0,"href":"https:\/\/www.fedaiisf.it\/en\/wp-json\/wp\/v2\/posts\/28129\/revisions"}],"wp:featuredmedia":[{"embeddable":true,"href":"https:\/\/www.fedaiisf.it\/en\/wp-json\/wp\/v2\/media\/28132"}],"wp:attachment":[{"href":"https:\/\/www.fedaiisf.it\/en\/wp-json\/wp\/v2\/media?parent=28129"}],"wp:term":[{"taxonomy":"category","embeddable":true,"href":"https:\/\/www.fedaiisf.it\/en\/wp-json\/wp\/v2\/categories?post=28129"},{"taxonomy":"post_tag","embeddable":true,"href":"https:\/\/www.fedaiisf.it\/en\/wp-json\/wp\/v2\/tags?post=28129"}],"curies":[{"name":"wp","href":"https:\/\/api.w.org\/{rel}","templated":true}]}}