{"id":28144,"date":"2016-09-27T12:30:52","date_gmt":"2016-09-27T10:30:52","guid":{"rendered":"http:\/\/www.fedaiisf.it\/?p=28144"},"modified":"2016-09-29T18:38:10","modified_gmt":"2016-09-29T16:38:10","slug":"contraccezione-denuncia-da-luglio-il-ssn-non-rimborsa-piu-la-pillola","status":"publish","type":"post","link":"https:\/\/www.fedaiisf.it\/en\/contraccezione-denuncia-da-luglio-il-ssn-non-rimborsa-piu-la-pillola\/","title":{"rendered":"Contraception, complaint: since July the NHS has no longer reimbursed the pill"},"content":{"rendered":"<p><strong><img loading=\"lazy\" decoding=\"async\" class=\"alignleft\" src=\"http:\/\/www.noidonne.org\/files\/articoli_rete\/g\/06860.jpg\" alt=\"Risultati immagini per Amica (Associazione medici italiani contraccezione e aborto)\" width=\"415\" height=\"164\" \/>Since last July 26, there are no more contraceptive pills in class A<\/strong>, i.e. at the total expense of the NHS. This is because from that date an Aifa determination came into force which delisted all contraceptives previously &quot;covered&quot; by the Health Service in band C.<\/p>\n<p>This is the complaint launched by Amica (Italian Association of Contraception and Abortion Doctors) in a press conference organized yesterday with Aidos (Italian Women&#039;s Association for Development), a Sud, Udi (Women&#039;s Union in Italy) and Cittadinanzattiva for World Contraception Day .<\/p>\n<p>\u00abThere weren&#039;t great reactions to the determination, especially among women\u00bb explained Anna Pompili, from Amica \u00abI thought about what would have happened in another <img loading=\"lazy\" decoding=\"async\" class=\"alignright\" src=\"http:\/\/cdn.robadadonne.it\/wp-content\/uploads\/2014\/01\/pillola-anticoncezionale.jpg\" alt=\"Risultati immagini per pillola anticoncezionale\" width=\"287\" height=\"179\" \/>European country like France, Italian women are accustomed to the idea that contraception is a private fact, which does not concern the State or the community in which they live&quot;.<\/p>\n<p><strong>The Council of consultants of Rome, together with Amica and other associations<\/strong>, calls for free contraception, already provided for counseling clinics but not fully implemented, at least for adolescent girls and women in precarious economic conditions, for the cost of contraceptives to be aligned in Italy with the lower average cost of European countries, and possibility of accessing safe contraception after a voluntary interruption of pregnancy, as well as the possibility of medical abortion on an outpatient basis and the strengthening of counseling centres.<\/p>\n<p><a href=\"https:\/\/www.federfarma.it\/Edicola\/FiloDiretto\/Filodiretto\/settembre2016\/27-09-2016-00-58-51.aspx\" target=\"_blank\" rel=\"noopener\"><span style=\"color: #0000ff;\">27\/09\/2016 \u2013 Federfarma<\/span><\/a><\/p>\n<p>Related news: <a href=\"http:\/\/www.dailyhealthindustry.it\/contraccezione-appello-medici-e-cittadini-per-allineamento-europa-ID2863.html\" target=\"_blank\" rel=\"noopener\"><span style=\"color: #0000ff;\">Contraception: doctors and citizens appeal for alignment with Europe<\/span><\/a><\/p>\n<p class=\"article-title fb-quotable\"><a href=\"http:\/\/www.wired.it\/scienza\/medicina\/2016\/09\/29\/anticoncezionali-ricetta-lorenzin-fertility-day\/\" target=\"_blank\" rel=\"noopener\"><span style=\"color: #0000ff;\">Contraceptives on prescription, what has Lorenzin changed? Fertility Day has nothing to do with it<\/span><\/a><\/p>\n<p class=\"article-title fb-quotable\"><a href=\"http:\/\/www.gazzettaufficiale.it\/eli\/id\/2016\/07\/27\/16A05415\/sg;jsessionid=hBPVlY1lEj3ld3yzgj3Vpw__.ntc-as2-guri2b\" target=\"_blank\" rel=\"noopener\"><span style=\"color: #0000ff;\">OJ DETERMINES 6 July 2016<\/span><\/a><\/p>","protected":false},"excerpt":{"rendered":"<p>Dal 26 luglio scorso non si trovano pi\u00f9 pillole contraccettive in fascia A, cio\u00e8 a totale carico del Ssn. Questo perch\u00e9 da quella data \u00e8 entrata in vigore una determina Aifa che ha delistato in fascia C tutti gli anticoncezionali prima \u201ccoperti\u201d dal Servizio sanitario. E\u2019 la denuncia lanciata da Amica (Associazione medici italiani contraccezione &hellip;<\/p>","protected":false},"author":4,"featured_media":28147,"comment_status":"closed","ping_status":"closed","sticky":false,"template":"","format":"standard","meta":{"footnotes":""},"categories":[1],"tags":[49,79],"class_list":["post-28144","post","type-post","status-publish","format-standard","has-post-thumbnail","hentry","category-notizie","tag-aifa","tag-ssn"],"amp_enabled":true,"_links":{"self":[{"href":"https:\/\/www.fedaiisf.it\/en\/wp-json\/wp\/v2\/posts\/28144","targetHints":{"allow":["GET"]}}],"collection":[{"href":"https:\/\/www.fedaiisf.it\/en\/wp-json\/wp\/v2\/posts"}],"about":[{"href":"https:\/\/www.fedaiisf.it\/en\/wp-json\/wp\/v2\/types\/post"}],"author":[{"embeddable":true,"href":"https:\/\/www.fedaiisf.it\/en\/wp-json\/wp\/v2\/users\/4"}],"replies":[{"embeddable":true,"href":"https:\/\/www.fedaiisf.it\/en\/wp-json\/wp\/v2\/comments?post=28144"}],"version-history":[{"count":0,"href":"https:\/\/www.fedaiisf.it\/en\/wp-json\/wp\/v2\/posts\/28144\/revisions"}],"wp:featuredmedia":[{"embeddable":true,"href":"https:\/\/www.fedaiisf.it\/en\/wp-json\/wp\/v2\/media\/28147"}],"wp:attachment":[{"href":"https:\/\/www.fedaiisf.it\/en\/wp-json\/wp\/v2\/media?parent=28144"}],"wp:term":[{"taxonomy":"category","embeddable":true,"href":"https:\/\/www.fedaiisf.it\/en\/wp-json\/wp\/v2\/categories?post=28144"},{"taxonomy":"post_tag","embeddable":true,"href":"https:\/\/www.fedaiisf.it\/en\/wp-json\/wp\/v2\/tags?post=28144"}],"curies":[{"name":"wp","href":"https:\/\/api.w.org\/{rel}","templated":true}]}}