{"id":28159,"date":"2016-09-28T13:57:05","date_gmt":"2016-09-28T11:57:05","guid":{"rendered":"http:\/\/www.fedaiisf.it\/?p=28159"},"modified":"2016-09-28T13:57:05","modified_gmt":"2016-09-28T11:57:05","slug":"francia-farmacie-minacciano-disimpegno-su-generici","status":"publish","type":"post","link":"https:\/\/www.fedaiisf.it\/en\/francia-farmacie-minacciano-disimpegno-su-generici\/","title":{"rendered":"Francia, farmacie minacciano disimpegno su generici"},"content":{"rendered":"<p><strong><img loading=\"lazy\" decoding=\"async\" class=\"alignleft\" src=\"http:\/\/image.slidesharecdn.com\/dt-lesatelierscorporate-pptcese-v08-150127061948-conversion-gate02\/95\/la-place-des-dispositifs-mdicaux-dans-la-stratgie-nationale-de-sant-10-638.jpg?cb=1422351284\" alt=\"Risultati immagini per ceps comit\u00e9 \u00e9conomique des produits de sant\u00e9\" width=\"371\" height=\"209\" \/>I farmacisti francesi potrebbero revocare la propria partecipazione<\/strong> alla campagna del ministero della Salute per la promozione del farmaco generico e diradare la sostituzione in farmacia. E\u2019 la minaccia lanciata dai sindacati dei titolari dopo la diffusione della lettera che i dicasteri di Salute ed Economia avevano inviato ad agosto al Ceps (Comit\u00e9 \u00e9conomique des produits de sant\u00e9), la commissione interministeriale che in Francia negozia con i produttori i prezzi di vendita di farmaci e dispositivi medici. Nel documento, in sostanza, i due Ministeri chiedono al Ceps di accrescere i ribassi sui prezzi dei prodotti a brevetto scaduto, branded e generici indifferentemente. In Francia, infatti, vige sugli \u201coff patent\u201d un sistema regressivo a tappe: appena una molecola viene genericata, il suo prezzo cala del 20%; quindi, dopo altri 18 mesi, scatta un nuovo ribasso del 12,7%, cui si aggiunge uno sconto del 7% sui generici puri; in alternativa, la commissione pu\u00f2 decidere di ridurre della stessa quota i prezzi di tutti i farmaci di uno stesso gruppo di equivalenza, branded e generici indifferentemente.<\/p>\n<p><strong><img decoding=\"async\" class=\"alignright\" src=\"https:\/\/s3-media3.fl.yelpcdn.com\/bphoto\/oWYReyj51i7fNBtpX2KAsQ\/ls.jpg\" alt=\"Risultati immagini per pharmacie france\" \/>Dato che, grazie a questo sistema, gli equivalenti hanno in Francia prezzi mediamente inferiori<\/strong> del 60% rispetto all\u2019originator corrispondente, l\u2019incarico che il Governo ora affida al Ceps \u00e8 quello di lavorare sui prezzi dei principi attivi (che fanno da riferimento per le negoziazioni) perch\u00e9 si avvicinino il pi\u00f9 possibile a quelli dei generici. Il tutto, spiega la lettera, per assicurare il raggiungimento degli \u00abobiettivi di politica economica\u00bb gi\u00e0 assegnati al Comitato.<\/p>\n<p><strong>L\u2019indicazione per\u00f2 non \u00e8 piaciuta ai sindacati dei titolari<\/strong>, che gi\u00e0 prefigurano gli effetti sulla traballante redditivit\u00e0 delle farmacie francesi. Perch\u00e9 le istruzioni del Governo annullano quella sorta di protezione rappresentata dalla norma che garantisce al farmacista il margine del farmaco prescritto anche quando sostituisce con un generico meno caro. Con la nuova politica del Ceps, \u00e8 l\u2019accusa di Philippe Gaertner, presidente della Fspf (F\u00e9d\u00e9ration des syndicats pharmaceutiques de France), si seppellisce il principio \u00abremunerazione del generico uguale remunerazione del principio attivo\u00bb. La richiesta della Federazione, quindi, \u00e8 di accelerare la transizione del sistema retributivo all\u2019onorario professionale, per sganciare definitivamente la remunerazione delle farmacie dai prezzi dei farmaci. \u00abSe si vogliono sostenere i generici\u00bb ha detto ancora Gaertner \u00abvanno dati incentivi\u00bb. Altrimenti, \u00e8 la minaccia, i titolari non sosterranno l\u2019imminente campagna di comunicazione con cui il Ministero intende premere sui feaancesi perch\u00e9 preferiscano i generici. E avranno sempre meno motivi per sostituire quando il medico prescrive il farmaco pi\u00f9 caro.<\/p>\n<p>(<a href=\"https:\/\/www.federfarma.it\/Edicola\/FiloDiretto\/Filodiretto\/settembre2016\/28-09-2016-00-03-50.aspx\" target=\"_blank\" rel=\"noopener\"><span style=\"color: #0000ff;\">AS &#8211; 28\/09\/2016 &#8211; Federfarma<\/span><\/a>)<\/p>","protected":false},"excerpt":{"rendered":"<p>I farmacisti francesi potrebbero revocare la propria partecipazione alla campagna del ministero della Salute per la promozione del farmaco generico e diradare la sostituzione in farmacia. E\u2019 la minaccia lanciata dai sindacati dei titolari dopo la diffusione della lettera che i dicasteri di Salute ed Economia avevano inviato ad agosto al Ceps (Comit\u00e9 \u00e9conomique des &hellip;<\/p>","protected":false},"author":4,"featured_media":28162,"comment_status":"closed","ping_status":"closed","sticky":false,"template":"","format":"standard","meta":{"footnotes":""},"categories":[1],"tags":[31],"class_list":["post-28159","post","type-post","status-publish","format-standard","has-post-thumbnail","hentry","category-notizie","tag-generici"],"amp_enabled":true,"_links":{"self":[{"href":"https:\/\/www.fedaiisf.it\/en\/wp-json\/wp\/v2\/posts\/28159","targetHints":{"allow":["GET"]}}],"collection":[{"href":"https:\/\/www.fedaiisf.it\/en\/wp-json\/wp\/v2\/posts"}],"about":[{"href":"https:\/\/www.fedaiisf.it\/en\/wp-json\/wp\/v2\/types\/post"}],"author":[{"embeddable":true,"href":"https:\/\/www.fedaiisf.it\/en\/wp-json\/wp\/v2\/users\/4"}],"replies":[{"embeddable":true,"href":"https:\/\/www.fedaiisf.it\/en\/wp-json\/wp\/v2\/comments?post=28159"}],"version-history":[{"count":0,"href":"https:\/\/www.fedaiisf.it\/en\/wp-json\/wp\/v2\/posts\/28159\/revisions"}],"wp:featuredmedia":[{"embeddable":true,"href":"https:\/\/www.fedaiisf.it\/en\/wp-json\/wp\/v2\/media\/28162"}],"wp:attachment":[{"href":"https:\/\/www.fedaiisf.it\/en\/wp-json\/wp\/v2\/media?parent=28159"}],"wp:term":[{"taxonomy":"category","embeddable":true,"href":"https:\/\/www.fedaiisf.it\/en\/wp-json\/wp\/v2\/categories?post=28159"},{"taxonomy":"post_tag","embeddable":true,"href":"https:\/\/www.fedaiisf.it\/en\/wp-json\/wp\/v2\/tags?post=28159"}],"curies":[{"name":"wp","href":"https:\/\/api.w.org\/{rel}","templated":true}]}}