{"id":28163,"date":"2016-09-28T18:16:58","date_gmt":"2016-09-28T16:16:58","guid":{"rendered":"http:\/\/www.fedaiisf.it\/?p=28163"},"modified":"2016-09-28T18:33:44","modified_gmt":"2016-09-28T16:33:44","slug":"mobilita-chiesi-continua-il-suo-percorso-dinnovazione","status":"publish","type":"post","link":"https:\/\/www.fedaiisf.it\/en\/mobilita-chiesi-continua-il-suo-percorso-dinnovazione\/","title":{"rendered":"Mobility, Chiesi continues its path of innovation"},"content":{"rendered":"<p><img loading=\"lazy\" decoding=\"async\" class=\"alignleft\" src=\"http:\/\/www.fedaiisf.it\/wp-content\/uploads\/2014\/10\/Chiesi_Parma.jpg\" alt=\"Risultati immagini per chiesi parma\" width=\"497\" height=\"242\" \/>Ottimizzare gli spostamenti dei dipendenti con l\u2019obiettivo di ridurre l\u2019uso delle auto adottando soluzioni di trasporto innovative a ridotto impatto ambientale come il car pooling, il car sharing, il bike sharing e il trasporto a chiamata: questo l\u2019impegno di Chiesi Farmaceutici nell\u2019ambito del progetto di mobilit\u00e0 sostenibile.<\/p>\n<p>A seguito della partecipazione di Chiesi al bando comunale 2015 per l\u2019erogazione di incentivi a sostegno degli interventi di Mobility Management, l\u2019azienda farmaceutica parmigiana racconta la sua esperienza sottolineando l\u2019importanza della mobilit\u00e0 sostenibile e del suo impatto sul territorio.<\/p>\n<p>\u00abLa mobilit\u00e0 intelligente e sostenibile \u00e8 un progetto importante, che sposa i nostri principi di responsabilit\u00e0 sociale ed \u00e8 parte integrante dei nostri valori: abbiamo a cuore la salute delle persone, rispettiamo l\u2019ambiente che ci circonda e utilizziamo le risorse in modo controllato. \u2013 ha sottolineato il Presidente Alberto Chiesi \u2013 l\u2019erogazione dei contributi del bando 2015 ci ha permesso di co-finanziare i nostri progetti per una migliore organizzazione dei trasporti che contribuisce ad aumentare la qualit\u00e0 della vita dei nostri dipendenti e a ridurre l\u2019inquinamento\u00bb.<\/p>\n<p>Chiesi Farmaceutici \u00e8 un\u2019azienda \u201cgreen\u201d, che mette in campo diverse iniziative con l\u2019obiettivo di ridurre le emissioni di C02.<\/p>\n<p>Un esempio \u00e8 l\u2019introduzione nel parco auto aziendale di 3 vetture elettriche ad \u201cemissioni zero\u201d, utilizzabili dai dipendenti Chiesi per gli spostamenti tra le varie sedi dell\u2019azienda e per i percorsi cittadini, progetto che porter\u00e0 a risparmiare 4,5 ton all\u2019anno di CO2.<\/p>\n<p>Un\u2019altra delle idee dell\u2019azienda \u00e8 l\u2019accordo raggiunto con la cooperativa TAXI di Parma per l\u2019utilizzo di taxi per lo spostamento tra le proprie sedi cittadine al posto delle vetture aziendali. Un software di prenotazione apposito permette di organizzare la medesima corsa per una pluralit\u00e0 di dipendenti in modo da razionalizzare il numero di vetture in circolazione. (pooling)<\/p>\n<p>Inoltre, l\u2019accordo ha permesso all\u2019azienda di dismettere 9 autovetture dal proprio parco auto: una prima analisi ha evidenziato che i tragitti effettuati con i Taxi faranno risparmiare 1,5 tonnellate di CO2 nel corso di un anno.<\/p>\n<p>Un\u2019altra iniziativa \u00e8 l\u2019acquisizione di quattro nuove vetture Alphacity, il nuovo corporate car sharing che permette ai dipendenti dell\u2019azienda di utilizzare i veicoli a basse emissioni in condivisione, sia per uso business sia per uso privato.<\/p>\n<p>I progetti dedicati all\u2019abbassamento delle emissioni di CO2 non sono una novit\u00e0 per l\u2019azienda: gi\u00e0 dal 2012 \u00e8 iniziato un piano dedicato al parco auto aziendale su tutto il territorio nazionale che ha ridotto le emissioni del 15,8% pari a 250 tonnellate di CO2 all\u2019anno.<\/p>\n<p><img loading=\"lazy\" decoding=\"async\" class=\"alignright\" src=\"http:\/\/partner.ikea.it\/assets\/promotions\/53\/82\/d49a\/abd6d72a\/5382d49aabd6d72a533c85976bab0757.jpg\" alt=\"Risultati immagini per car sharing parma\" width=\"489\" height=\"229\" \/>Non \u00e8 stato trascurato nemmeno l\u2019importanza dell\u2019uso delle biciclette, incrementando il numero dei mezzi aziendali a disposizione dei dipendenti per favorirne l\u2019utilizzo durante l\u2019orario di lavoro e nella pausa pranzo, rendendo agili ed ecologici gli spostamenti brevi.<\/p>\n<p>\u00abQueste iniziative si inquadrano in un progetto pi\u00f9 ampio denominato mobility management che il Comune di Parma ha fortemente voluto (con la collaborazione di alcune aziende del territorio) nell\u2019ottica di un miglioramento continuo della qualit\u00e0 degli spostamenti casa-lavoro. \u2013 ha sottolineato l\u2019Assessore all\u2019ambiente Gabriele Folli \u2013 Con SMTP, l\u2019agenzia per la mobilit\u00e0 ed il Trasporto Pubblico nel territorio di Parma, abbiamo attivato delle iniziative dedicate alle aziende che hanno partecipato a questo bando. La questione \u00e8 rilevante non solo a livello macro territoriale ma anche per l\u2019affiatamento che si \u00e8 creato tra le persone che lavorano a questi progetti e le aziende che hanno aderito.<\/p>\n<p>Mi piace pensare che la promozione informativa del mobility management, diffusa sull\u2019intero territorio e tra le nostre aziende, sia necessaria per promuovere e diffondere conoscenze e valori civili e di riferimento idonei a stimolare l\u2019introduzione nel Paese di nuove forme di mobilit\u00e0 e trasporto, sia individuale che collettivo, sempre pi\u00f9 ecosostenibili, a vantaggio della qualit\u00e0 della vita dei cittadini e nel maggiore rispetto possibile dell\u2019ambiente\u00bb.<\/p>\n<p><a href=\"http:\/\/www.parmadaily.it\/281891\/281891\/\" target=\"_blank\" rel=\"noopener\"><span style=\"color: #0000ff;\">Posted on <span class=\"updated\">28 settembre 2016 da <strong>Parma<\/strong>daily.it<\/span><\/span><\/a><\/p>\n<p>Related news: <span style=\"color: #0000ff;\"><a style=\"color: #0000ff;\" href=\"http:\/\/www.fedaiisf.it\/en\/gruppo-chiesi-fatturato-a-13-miliardi-in-crescita-dell84\/\" target=\"_blank\">Chiesi Group, turnover of 1.3 billion, up by 8.4%<\/a><\/span><\/p>\n<p><img decoding=\"async\" class=\"aligncenter\" src=\"http:\/\/www.parmaquotidiano.info\/wp-content\/uploads\/2013\/04\/chiesi-1-e1377541240511.jpg\" alt=\"Risultati immagini per chiesi parma\" \/><\/p>","protected":false},"excerpt":{"rendered":"<p>Ottimizzare gli spostamenti dei dipendenti con l\u2019obiettivo di ridurre l\u2019uso delle auto adottando soluzioni di trasporto innovative a ridotto impatto ambientale come il car pooling, il car sharing, il bike sharing e il trasporto a chiamata: questo l\u2019impegno di Chiesi Farmaceutici nell\u2019ambito del progetto di mobilit\u00e0 sostenibile. A seguito della partecipazione di Chiesi al bando &hellip;<\/p>","protected":false},"author":4,"featured_media":28166,"comment_status":"closed","ping_status":"closed","sticky":false,"template":"","format":"standard","meta":{"footnotes":""},"categories":[1],"tags":[],"class_list":["post-28163","post","type-post","status-publish","format-standard","has-post-thumbnail","hentry","category-notizie"],"amp_enabled":true,"_links":{"self":[{"href":"https:\/\/www.fedaiisf.it\/en\/wp-json\/wp\/v2\/posts\/28163","targetHints":{"allow":["GET"]}}],"collection":[{"href":"https:\/\/www.fedaiisf.it\/en\/wp-json\/wp\/v2\/posts"}],"about":[{"href":"https:\/\/www.fedaiisf.it\/en\/wp-json\/wp\/v2\/types\/post"}],"author":[{"embeddable":true,"href":"https:\/\/www.fedaiisf.it\/en\/wp-json\/wp\/v2\/users\/4"}],"replies":[{"embeddable":true,"href":"https:\/\/www.fedaiisf.it\/en\/wp-json\/wp\/v2\/comments?post=28163"}],"version-history":[{"count":0,"href":"https:\/\/www.fedaiisf.it\/en\/wp-json\/wp\/v2\/posts\/28163\/revisions"}],"wp:featuredmedia":[{"embeddable":true,"href":"https:\/\/www.fedaiisf.it\/en\/wp-json\/wp\/v2\/media\/28166"}],"wp:attachment":[{"href":"https:\/\/www.fedaiisf.it\/en\/wp-json\/wp\/v2\/media?parent=28163"}],"wp:term":[{"taxonomy":"category","embeddable":true,"href":"https:\/\/www.fedaiisf.it\/en\/wp-json\/wp\/v2\/categories?post=28163"},{"taxonomy":"post_tag","embeddable":true,"href":"https:\/\/www.fedaiisf.it\/en\/wp-json\/wp\/v2\/tags?post=28163"}],"curies":[{"name":"wp","href":"https:\/\/api.w.org\/{rel}","templated":true}]}}