{"id":28168,"date":"2016-09-28T19:47:18","date_gmt":"2016-09-28T17:47:18","guid":{"rendered":"http:\/\/www.fedaiisf.it\/?p=28168"},"modified":"2016-09-30T12:41:47","modified_gmt":"2016-09-30T10:41:47","slug":"vaccini-senato-annulla-proiezione-%e2%80%aadel-documentario-vaxxed-from-cover-up-to-catastrophe","status":"publish","type":"post","link":"https:\/\/www.fedaiisf.it\/en\/vaccini-senato-annulla-proiezione-%e2%80%aadel-documentario-vaxxed-from-cover-up-to-catastrophe\/","title":{"rendered":"Vaccini, Senate cancels screening of documentary Vaxxed: From Cover-Up to Catastrophe"},"content":{"rendered":"<p><em>L&#8217;iniziativa era stata promossa Bartolomeo Pepe, ex M5S, ora del gruppo Grandi Autonomie e Libert\u00e0. Palazzo Madama ha annullato la proiezione sul controverso documentario antivaccinazioni dopo le proteste dell&#8217;associazione dei medici e dell&#8217;Iss<\/em><\/p>\n<p>Of <a href=\"http:\/\/www.ilfattoquotidiano.it\/blog\/collaboratoregenerico\/ptype\/articoli\/\" target=\"_blank\" rel=\"author noopener\">FQ<\/a> | <a href=\"http:\/\/www.ilfattoquotidiano.it\/2016\/09\/28\/vaccini-senato-annulla-proiezione-%E2%80%AAdel-documentario-vaxxed-cover-catastrophe\/3062895\/\" target=\"_blank\" rel=\"noopener\"><span style=\"color: #0000ff;\">28 settembre 2016 | Il Fatto Quotidiano\/Scienza<\/span><\/a><\/p>\n<p><img decoding=\"async\" class=\"alignleft\" src=\"http:\/\/megachip.globalist.it\/QFC\/NewsExtra_256199.jpg\" alt=\"Risultati immagini per bartolomeo pepe gal\" \/>Il 26 marzo scorso il <strong>Robert De Niro<\/strong> decise di\u00a0<a href=\"http:\/\/www.ilfattoquotidiano.it\/2016\/03\/27\/robert-de-niro-ritira-il-film-sul-legame-tra-vaccini-e-autismo-dal-tribeca-film-festival-di-new-york\/2586325\/\" target=\"_blank\" rel=\"noopener\">ritirare il film sul presunto legame tra autismo e vaccini in programma<\/a> to the <strong>Tribeca Film Festival di New York<\/strong>. Il controverso documentario antivaccinazioni<strong><em> Vaxxed: From Cover-Up to Catastrophe\u00a0<\/em><\/strong>(Vaccini, dall\u2019insabbiamento alla catastrofe), di<strong> Andrew Wakefield<\/strong> doveva essere proiettato<strong>\u00a0<\/strong>in Italia il prossimo 4 ottobre nella<strong>\u00a0sala Isma del Senato<\/strong>\u00a0su\u00a0proposta\u00a0del\u00a0senatore\u00a0<strong>Bartolomeo Pepe<\/strong>, ex M5S, ora del gruppo Grandi Autonomie e Libert\u00e0, ma l\u2019iniziativa \u00e8 stata annullata dopo la valanga di proteste. Non solo politiche.<\/p>\n<p>I primi erano stati i medici dell\u2019Associazione Chirurghi Ospedalieri Italiani: \u201c<strong>\u00c8 grave e pericolosa la divulgazione<\/strong>, per di pi\u00f9 in una sede istituzionale, di un <strong>film palesemente antiscientifico\u00a0<\/strong>che cavalca teorie supportate da dati fraudolenti per le quali l\u2019autore \u00e8 stato radiato dall\u2019ordine dei medici\u201d.\u00a0\u201cI vaccini \u2013 afferma il vice-presidente dell\u2019Acoi Pierluigi Marini \u2013\u00a0hanno svolto e continuano a svolgere una funzione medica e sociale insostituibile. Proprio grazie ai vaccini sono state sconfitte malattie gravissime ed invalidanti. Le campagne contro la vaccinazione, con il loro\u00a0<strong>substrato di populismi antiscientifici<\/strong>, possono avere effetti devastanti sulla salute pubblica. Societ\u00e0 scientifiche ed istituzioni hanno il dovere di contrastare la diffusioni di tutte le credenze diffuse da moderni stregoni senza scrupoli che approfittano della buona fede e anche dell\u2019ignoranza di alcune persone\u201d.\u00a0Poi sono arrivati\u00a0lo \u201csconcerto e l\u2019indignazione\u201d del comitato Scientifico dell\u2019Istituto Superiore di Sanit\u00e0.\u00a0\u201cL\u2019iniziativa del Senatore \u00e8 tanto pi\u00f9 grave se si pensa <strong>al calo di oltre il 5% delle coperture vaccinali<\/strong> che si \u00e8 verificato recentemente e che ha portato il nostro Paese sotto la soglia di sicurezza\u201d.<\/p>\n<p><img loading=\"lazy\" decoding=\"async\" class=\"alignright\" src=\"https:\/\/i.ytimg.com\/vi\/titN2bZYlUU\/maxresdefault.jpg\" alt=\"Risultati immagini per vaxxed\" width=\"455\" height=\"256\" \/>\u201cLa mia \u00e8 una posizione di <strong>estrema contrariet\u00e0<\/strong>, cos\u00ec come c\u2019\u00e8 l\u2019indignazione di tutta la comunit\u00e0 scientifica nazionale e internazionale intorno a ci\u00f2 che \u00e8 propagandato da questo documentario \u2013 dice all\u2019Ansa il ministro della Salute, <strong>Beatrice Lorenzin \u2013\u00a0<\/strong>Quando l\u2019antiscienza ha lo stesso diritto di tribuna della scienza non \u00e8 un tema di democrazia ma di disinformazione\u201d.<\/p>\n<p>Pepe aveva annunciato anche una <strong>diretta streaming con Andrea Wakefield<\/strong> e il produttore Francesca Alesse e aveva spiegato l\u2019iniziativa cos\u00ec: \u201cPerch\u00e9 non sono mai troppi gli spunti <strong>per fare chiarezza sulla paventata pericolosit\u00e0 dei vaccini<\/strong>. Un documentario che Robert De Niro avrebbe voluto al Tribeca Film Festival e che invece \u00e8 stato ostracizzato dalle lobby del farmaco. Nel dettaglio del documentario, si cerca la relazione tra le vaccinazioni e l\u2019insorgere dell\u2019autismo nei bambini. Al termine della proiezione, infatti, ci sar\u00e0 un dibattito sul tema\u201d.<\/p>\n<p>Related news: <a href=\"http:\/\/www.agi.it\/cronaca\/2016\/09\/28\/news\/wanted_cinema_porteremo_vaxxed_in_tour_in_tutta_italia-1119230\/\" target=\"_blank\" rel=\"noopener\"><span style=\"color: #0000ff;\">Wanted Cinema, porteremo Vaxxed in tour in tutta Italia<\/span><\/a><\/p>\n<p><span style=\"color: #0000ff;\"><a style=\"color: #0000ff;\" href=\"http:\/\/www.fedaiisf.it\/en\/linesistente-teoria-del-complotto-a-favore-dei-vaccini\/\" target=\"_blank\">The non-existent conspiracy theory in favor of vaccines. In Tuscany, it escaped from the anti-meningitis vaccination C<\/a><\/span><\/p>\n<p class=\"single-title\"><a href=\"http:\/\/pepe.blogautore.repubblica.it\/2016\/09\/29\/sono-contro-cio-che-dici-ma-hai-la-liberta-di-dirlo\/?ref=HROBA-1\" target=\"_blank\" rel=\"noopener\"><span style=\"color: #0000ff;\">Sono contro ci\u00f2 che dici ma hai la libert\u00e0 di dirlo<\/span><\/a><\/p>","protected":false},"excerpt":{"rendered":"<p>L&#8217;iniziativa era stata promossa Bartolomeo Pepe, ex M5S, ora del gruppo Grandi Autonomie e Libert\u00e0. Palazzo Madama ha annullato la proiezione sul controverso documentario antivaccinazioni dopo le proteste dell&#8217;associazione dei medici e dell&#8217;Iss di F. Q. | 28 settembre 2016 | Il Fatto Quotidiano\/Scienza Il 26 marzo scorso il Robert De Niro decise di\u00a0ritirare il &hellip;<\/p>","protected":false},"author":4,"featured_media":28170,"comment_status":"closed","ping_status":"closed","sticky":false,"template":"","format":"standard","meta":{"footnotes":""},"categories":[1],"tags":[39],"class_list":["post-28168","post","type-post","status-publish","format-standard","has-post-thumbnail","hentry","category-notizie","tag-vaccini"],"amp_enabled":true,"_links":{"self":[{"href":"https:\/\/www.fedaiisf.it\/en\/wp-json\/wp\/v2\/posts\/28168","targetHints":{"allow":["GET"]}}],"collection":[{"href":"https:\/\/www.fedaiisf.it\/en\/wp-json\/wp\/v2\/posts"}],"about":[{"href":"https:\/\/www.fedaiisf.it\/en\/wp-json\/wp\/v2\/types\/post"}],"author":[{"embeddable":true,"href":"https:\/\/www.fedaiisf.it\/en\/wp-json\/wp\/v2\/users\/4"}],"replies":[{"embeddable":true,"href":"https:\/\/www.fedaiisf.it\/en\/wp-json\/wp\/v2\/comments?post=28168"}],"version-history":[{"count":0,"href":"https:\/\/www.fedaiisf.it\/en\/wp-json\/wp\/v2\/posts\/28168\/revisions"}],"wp:featuredmedia":[{"embeddable":true,"href":"https:\/\/www.fedaiisf.it\/en\/wp-json\/wp\/v2\/media\/28170"}],"wp:attachment":[{"href":"https:\/\/www.fedaiisf.it\/en\/wp-json\/wp\/v2\/media?parent=28168"}],"wp:term":[{"taxonomy":"category","embeddable":true,"href":"https:\/\/www.fedaiisf.it\/en\/wp-json\/wp\/v2\/categories?post=28168"},{"taxonomy":"post_tag","embeddable":true,"href":"https:\/\/www.fedaiisf.it\/en\/wp-json\/wp\/v2\/tags?post=28168"}],"curies":[{"name":"wp","href":"https:\/\/api.w.org\/{rel}","templated":true}]}}