{"id":28304,"date":"2016-10-10T12:11:10","date_gmt":"2016-10-10T10:11:10","guid":{"rendered":"http:\/\/www.fedaiisf.it\/?p=28304"},"modified":"2018-05-04T19:28:12","modified_gmt":"2018-05-04T17:28:12","slug":"mylan-patteggia-sullepipen-e-vola-in-premarket-al-nasdaq-10","status":"publish","type":"post","link":"https:\/\/www.fedaiisf.it\/en\/mylan-patteggia-sullepipen-e-vola-in-premarket-al-nasdaq-10\/","title":{"rendered":"Mylan trades on EpiPen and flies in premarket on Nasdaq (+10%)"},"content":{"rendered":"<p>Mylan earns more than 10% in premarket on the Nasdaq (Friday&#039;s session closed with a decline of 2.44%), after the US pharmaceutical group (which, however, has its fiscal headquarters in the Netherlands) surprisingly announced on Friday that it had reached an agreement with the US Justice Department to settle the disputes related to the controversial EpiPen Auto-Injector (an instrument for administering epinephrine mainly in cases of anaphylactic shock).<\/p>\n<p>Mylan will pay $465 million in fines but will not have to admit to having committed any wrongdoing. The agreement arrived in record time given that just two weeks ago the Centers for Medicare and Medicaid Services (Cms, the US federal body that administers health insurance programs and in particular the reimbursement of drugs) had accused Mylan of having improperly classified the EpiPen as a generic product so as to be able to apply more limited discounts to Medicare and Medicaid (the 13% against the 23% due given that the drug, innovative, is in a substantial monopoly regime: the group has around 80% on the market).<\/p>\n<p><span class=\"fdNewsDetailBody\">(RR \u2013 FTA Online News)<\/span><\/p>\n<p><a href=\"http:\/\/finanza.lastampa.it\/Notizie\/0,878631\/Mylan_patteggia_sull_EpiPen_e_vola_in_premarket.aspx?refresh_ce\" target=\"_blank\" rel=\"noopener\"><span style=\"color: #0000ff;\">10\/10\/2016 \u2013 THE PRESS Economy<\/span><\/a><\/p>\n<p>Related news:\u00a0<a href=\"http:\/\/www.fedaiisf.it\/wp-admin\/post.php?post=28304&amp;action=edit&amp;message=1\" target=\"_blank\" rel=\"noopener\"><span style=\"color: #0000ff;\">Mylan to settles EpiPen overpricing Case for $ 465 million<\/span><\/a><\/p>\n<p><span style=\"color: #0000ff;\"><a style=\"color: #0000ff;\" href=\"http:\/\/www.fedaiisf.it\/en\/cosa-si-nasconde-dietro-la-strategia-di-mylan-per-contenere-la-crisi-creata-dal-prezzo-esorbitante-dellepipen\/\" target=\"_blank\" rel=\"noopener\">What is behind Mylan&#039;s strategy to contain the crisis created by the exorbitant price of the EpiPen?<\/a><\/span><\/p>\n<p><span style=\"color: #0000ff;\"><a style=\"color: #0000ff;\" href=\"http:\/\/www.rifday.it\/2016\/08\/30\/super-rincaro-del-prezzo-un-salvavita-400-mylan-attacco-negli-usa\/\" target=\"_blank\" rel=\"noopener\">Super-increase in the price of a lifesaver (+ 400%), Mylan under attack in the USA<\/a><\/span><\/p>\n<p class=\"Title\"><a href=\"https:\/\/www.federfarma.it\/Edicola\/FiloDiretto\/Filodiretto\/ottobre2016\/08-10-2016-01-22-31.aspx\" target=\"_blank\" rel=\"noopener\"><span style=\"color: #0000ff;\">Hepatitis C, European Patent Office withdraws protection on sofosbuvir<\/span><\/a><\/p>","protected":false},"excerpt":{"rendered":"<p>Mylan guadagna oltre il 10% in premarket al Nasdaq (la seduta di venerd\u00ec si era chiusa con un declino del 2,44%), dopo che a sorpresa venerd\u00ec a mercati chiusi il gruppo farmaceutico Usa (che ha per\u00f2 sede fiscale in Olanda) aveva comunicato di avere raggiunto un accordo con lo U.S. Justice Department per chiudere i &hellip;<\/p>","protected":false},"author":4,"featured_media":27727,"comment_status":"closed","ping_status":"closed","sticky":false,"template":"","format":"standard","meta":{"footnotes":""},"categories":[1],"tags":[],"class_list":["post-28304","post","type-post","status-publish","format-standard","has-post-thumbnail","hentry","category-notizie"],"amp_enabled":true,"_links":{"self":[{"href":"https:\/\/www.fedaiisf.it\/en\/wp-json\/wp\/v2\/posts\/28304","targetHints":{"allow":["GET"]}}],"collection":[{"href":"https:\/\/www.fedaiisf.it\/en\/wp-json\/wp\/v2\/posts"}],"about":[{"href":"https:\/\/www.fedaiisf.it\/en\/wp-json\/wp\/v2\/types\/post"}],"author":[{"embeddable":true,"href":"https:\/\/www.fedaiisf.it\/en\/wp-json\/wp\/v2\/users\/4"}],"replies":[{"embeddable":true,"href":"https:\/\/www.fedaiisf.it\/en\/wp-json\/wp\/v2\/comments?post=28304"}],"version-history":[{"count":0,"href":"https:\/\/www.fedaiisf.it\/en\/wp-json\/wp\/v2\/posts\/28304\/revisions"}],"wp:featuredmedia":[{"embeddable":true,"href":"https:\/\/www.fedaiisf.it\/en\/wp-json\/wp\/v2\/media\/27727"}],"wp:attachment":[{"href":"https:\/\/www.fedaiisf.it\/en\/wp-json\/wp\/v2\/media?parent=28304"}],"wp:term":[{"taxonomy":"category","embeddable":true,"href":"https:\/\/www.fedaiisf.it\/en\/wp-json\/wp\/v2\/categories?post=28304"},{"taxonomy":"post_tag","embeddable":true,"href":"https:\/\/www.fedaiisf.it\/en\/wp-json\/wp\/v2\/tags?post=28304"}],"curies":[{"name":"wp","href":"https:\/\/api.w.org\/{rel}","templated":true}]}}