{"id":28371,"date":"2016-10-14T11:55:33","date_gmt":"2016-10-14T09:55:33","guid":{"rendered":"http:\/\/www.fedaiisf.it\/?p=28371"},"modified":"2016-10-14T12:01:18","modified_gmt":"2016-10-14T10:01:18","slug":"stretta-sulla-sanita-ira-delle-regioni-i-farmaci-innovativi-sono-a-rischio","status":"publish","type":"post","link":"https:\/\/www.fedaiisf.it\/en\/stretta-sulla-sanita-ira-delle-regioni-i-farmaci-innovativi-sono-a-rischio\/","title":{"rendered":"Stretta sulla sanit\u00e0, ira delle Regioni: \u201cI farmaci innovativi sono a rischio\u201d"},"content":{"rendered":"<p><em>Palazzo Chigi: fondi per 112 miliardi. I governatori: ne manca uno. In bilico il piano vaccini e l\u2019assistenza eterologa in tutta Italia.\u00a0I tagli alla sanit\u00e0 sono a basso indice di popolarit\u00e0 perci\u00f2 Renzi d\u00e0 ordine di aggiungere qualcosa al budget di Asl e ospedali.<\/em><\/p>\n<p><a href=\"http:\/\/www.lastampa.it\/2016\/10\/14\/economia\/stretta-sulla-sanit-ira-delle-regioni-i-farmaci-innovativi-sono-a-rischio-uYtsjtON67RdxTnzh1IhII\/pagina.html\" target=\"_blank\" rel=\"noopener\"><span style=\"color: #0000ff;\">PAOLO RUSSO &#8211; 14\/10\/2016 &#8211; LA STAMPA economia<\/span><\/a><\/p>\n<p><img decoding=\"async\" class=\"alignleft\" src=\"https:\/\/encrypted-tbn1.gstatic.com\/images?q=tbn:ANd9GcR-5hcReNA8PLYX6ndLbU9ZJ7rHA8ISvw-TOHZ8-U0dcUctXezb1A\" alt=\"Risultati immagini per stretta finanziaria\" \/>I tagli alla sanit\u00e0 sono a basso indice di popolarit\u00e0 perci\u00f2 Renzi d\u00e0 ordine di aggiungere qualcosa al budget di Asl e ospedali, portando il fondo sanitario a quota 112 miliardi. Che sono per\u00f2 sempre un miliardo in meno di quanto stanziato in un primo momento dallo stesso governo per il 2017. Tanto che le Regioni, riunite oggi in conclave per dire l\u2019ultima parola sulla manovra, lanciano ugualmente l\u2019allarme: cos\u00ec rischiano di restare fuori dalla porta farmaci innovativi e nuovi livelli di assistenza, con tanto di piano vaccini, assistenza eterologa estesa a tutta Italia e ausili per disabili.<\/p>\n<p>Ieri il vertice tra Lorenzin, Padoan e Boschi \u00e8 stato sostituito dal fitto lavorio dei tecnici, sempre in stretto contatto con i titolari di Salute ed Economia, per trovare una quadra tra esiguit\u00e0 di risorse e promesse da mantenere, come quella dell\u2019assunzione di medici e infermieri fatta dal premier in persona in diretta Tv. Cos\u00ec si sono racimolati altri 500 milioni che potrebbero diventare di pi\u00f9 se passasse la proposta Lorenzin di un ritocco all\u2019ins\u00f9 dell\u2019accise sul tabacco, che non trova l\u2019opposizione dell\u2019Economia ma sulla quale in passato Renzi aveva storto il naso.<\/p>\n<p>Ma anche limitando le perdite a un miliardo i conti della sanit\u00e0 alle regioni non tornano. A spiegare perch\u00e9 \u00e8 il coordinatore degli assessori regionali alla sanit\u00e0, il piemontese Antonio Saitta.<\/p>\n<p>\u00abSolo per le assunzioni di 10mila medici e infermieri occorrerebbero almeno 400 milioni. E poi il fondo per i farmaci innovativi da 500 milioni si \u00e8 gi\u00e0 dimostrato insufficiente quest\u2019anno\u00bb. Con quei soldi le regioni hanno pagato solo le super pillole contro l\u2019epatite C che sono rimaste un tab\u00f9 per i malati meno gravi, \u00abche hanno fatto l<img decoding=\"async\" class=\"alignright\" src=\"https:\/\/encrypted-tbn1.gstatic.com\/images?q=tbn:ANd9GcShmeJv1pxEo2ApVOycYSAWOQXRq6z0o_8r6MqcwtvnzsueigOy\" alt=\"Risultati immagini per governance della farmaceutica\" \/>a fila dietro la porta del mio ufficio per chiedere l\u2019accesso alla terapia, per non contare di quelli che sono andati a comprare il farmaco in India o in Egitto dove costa un decimo\u00bb, ammette <strong>Saitta<\/strong>. \u00abMa ora con i nuovi costosissimi medicinali oncologici, contro Alzheimer, Parkinson e demenza senile i bilanci rischiano di sballare completamente\u00bb.<\/p>\n<p>Le regioni per\u00f2 non si limitano a battere cassa ma chiedono che nella manovra entrino anche le loro proposte su una nuova <span class=\"corsivo\">governance<\/span> della farmaceutica. Cose come ridurre i prezzi quando i volumi di vendita aumentano o verificare l\u2019efficacia dei nuovi farmaci una volta immessi in commercio e quando l\u2019innovazione si dimostra pi\u00f9 nel nome che nei fatti abbassare i costi. Oppure il via libera alle aste per farmaci equivalenti, con principi attivi anche diversi ma con la stessa indicazione terapeutica. Che pi\u00f9 o meno funzionano cos\u00ec. Si radunano tutti i medicinali per una determinata patologia a quello che i tecnici chiamano il quarto livello Atc. Ad esempio i consumatissimi \u201cinibitori della pompa protonica\u201d che servono a combattere ulcere gastriche ed esofagiti da reflusso e che ricomprendono anche medicinali con molecole diverse.<\/p>\n<p>Tra tutti questi chi batte il prezzo pi\u00f9 basso resta nel paradiso della rimborsabilit\u00e0. Gli altri se li paga l\u2019assistito. Su questo c\u2019era gi\u00e0 una determina dell\u2019Aifa, l\u2019Agenzia pubblica del farmaco, sospesa dopo le proteste dei medici di famiglia, che hanno visto mascherato dietro le aste un taglio di circa 1.500 medicinali dalla rimborsabilit\u00e0.<\/p>\n<p>Sui nuovi Livelli essenziali di assistenza poi Saitta \u00e8 categorico: \u00abCon un miliardo in meno non potremmo applicarli, visto che secondo le stime del Ministero della salute da soli costano 800 milioni\u00bb.<\/p>\n<p>Oggi i governatori metteranno nero su bianco le loro richieste. Domani il varo della manovra dir\u00e0 in che misura verranno accolte.<\/p>\n<p>Related news:\u00a0<a href=\"http:\/\/www.today.it\/politica\/assunzioni-concorsi-statali-renzi-legge-di-bilancio.html\" target=\"_blank\" rel=\"noopener\"><span style=\"color: #0000ff;\">Manovra, il piano di Renzi: &#8220;10mila assunzioni per infermieri, forze dell&#8217;ordine e medici&#8221;<\/span><\/a><\/p>\n<p><img loading=\"lazy\" decoding=\"async\" src=\"http:\/\/ctrl-c.cc\/?BMIGGMshHMGHXLHHxhHIVLwkmf0M5jMlzJ8mPljK7MlJUkzmrh7G5K9IFJpggJ8i0mqg9kCiDjZiHm4J8GPjngJhpmni1l6mVjYI5HrIFJwJtjTKVknH9JtmVg6GThMizhAHmIiJbivh3I6hFiLm3JSmnL8lxIVLsHzkVGRm6IKlTkfG7kch7LIJL6Uw340t6x6Cg0\" alt=\"\" width=\"1\" height=\"1\" border=\"0\" \/><\/p>\n<p><img decoding=\"async\" src=\"http:\/\/images.slideplayer.it\/27\/9083979\/slides\/slide_11.jpg\" alt=\"Risultati immagini per governance della farmaceutica\" \/><\/p>\n<div class=\"ls-articoloAutore\"><\/div>","protected":false},"excerpt":{"rendered":"<p>Palazzo Chigi: fondi per 112 miliardi. I governatori: ne manca uno. In bilico il piano vaccini e l\u2019assistenza eterologa in tutta Italia.\u00a0I tagli alla sanit\u00e0 sono a basso indice di popolarit\u00e0 perci\u00f2 Renzi d\u00e0 ordine di aggiungere qualcosa al budget di Asl e ospedali. PAOLO RUSSO &#8211; 14\/10\/2016 &#8211; LA STAMPA economia I tagli alla &hellip;<\/p>","protected":false},"author":4,"featured_media":28374,"comment_status":"closed","ping_status":"closed","sticky":false,"template":"","format":"standard","meta":{"footnotes":""},"categories":[1],"tags":[26,79],"class_list":["post-28371","post","type-post","status-publish","format-standard","has-post-thumbnail","hentry","category-notizie","tag-spesa-farmaceutica","tag-ssn"],"amp_enabled":true,"_links":{"self":[{"href":"https:\/\/www.fedaiisf.it\/en\/wp-json\/wp\/v2\/posts\/28371","targetHints":{"allow":["GET"]}}],"collection":[{"href":"https:\/\/www.fedaiisf.it\/en\/wp-json\/wp\/v2\/posts"}],"about":[{"href":"https:\/\/www.fedaiisf.it\/en\/wp-json\/wp\/v2\/types\/post"}],"author":[{"embeddable":true,"href":"https:\/\/www.fedaiisf.it\/en\/wp-json\/wp\/v2\/users\/4"}],"replies":[{"embeddable":true,"href":"https:\/\/www.fedaiisf.it\/en\/wp-json\/wp\/v2\/comments?post=28371"}],"version-history":[{"count":0,"href":"https:\/\/www.fedaiisf.it\/en\/wp-json\/wp\/v2\/posts\/28371\/revisions"}],"wp:featuredmedia":[{"embeddable":true,"href":"https:\/\/www.fedaiisf.it\/en\/wp-json\/wp\/v2\/media\/28374"}],"wp:attachment":[{"href":"https:\/\/www.fedaiisf.it\/en\/wp-json\/wp\/v2\/media?parent=28371"}],"wp:term":[{"taxonomy":"category","embeddable":true,"href":"https:\/\/www.fedaiisf.it\/en\/wp-json\/wp\/v2\/categories?post=28371"},{"taxonomy":"post_tag","embeddable":true,"href":"https:\/\/www.fedaiisf.it\/en\/wp-json\/wp\/v2\/tags?post=28371"}],"curies":[{"name":"wp","href":"https:\/\/api.w.org\/{rel}","templated":true}]}}