{"id":28586,"date":"2016-10-28T13:31:54","date_gmt":"2016-10-28T11:31:54","guid":{"rendered":"http:\/\/www.fedaiisf.it\/?p=28586"},"modified":"2016-10-28T13:31:54","modified_gmt":"2016-10-28T11:31:54","slug":"litalia-piu-di-tutti-ha-le-carte-in-regola-per-ospitare-lema","status":"publish","type":"post","link":"https:\/\/www.fedaiisf.it\/en\/litalia-piu-di-tutti-ha-le-carte-in-regola-per-ospitare-lema\/","title":{"rendered":"&quot;Italy more than anyone else has what it takes to host the EMA&quot;"},"content":{"rendered":"<h4 class=\"site-block__title\">\u00c8 il pensiero comune di Lorenzin, Scaccabarozzi e Melazzini intervenuti a una conferenza organizzata alla Camera per il Festival della Diplomazia, durante la quale si \u00e8 sottolineato come questa sia un\u2019occasione da non perdere: \u201cIl tempo c\u2019\u00e8\u201d<\/h4>\n<p>Of <a title=\"Articles written by: Aboutpharma Online editorial staff\" href=\"http:\/\/www.aboutpharma.com\/blog\/author\/redazioneaboutpharma-com\/\" target=\"_blank\" rel=\"author noopener\">Aboutpharma Online editorial staff<\/a>\u00a0&#8211;\u00a0<a href=\"http:\/\/www.aboutpharma.com\/blog\/2016\/10\/26\/449506\/\" target=\"_blank\" rel=\"noopener\"><span style=\"color: #0000ff;\">26 ottobre 2016 &#8211; About Pharma<\/span><\/a><\/p>\n<p><img decoding=\"async\" class=\"alignleft\" src=\"http:\/\/www.aboutpharma.com\/wp-content\/uploads\/2016\/10\/EMA-LONDON-e1477497616344-300x190.jpg\" alt=\"EMA - LONDON\" \/>Tutti la vogliono ma \u201cl\u2019Italia \u00e8 il paese che pi\u00f9 di tutti ha le carte in regola per ospitare l\u2019European medicines agency (Ema)\u201d. Ad affermarlo il ministro della Salute Beatrice Lorenzin a margine di una conferenza organizzata alla Camera per il Festival della Diplomazia. \u201cDal sistema universitario e dagli Irccs al tessuto industriale e siamo rimasti con uno degli unici sistemi sanitari universalistici. La scelta di Milano \u00e8 stata naturale, e lo dico da romana, perch\u00e9 in questo momento ha un passo in pi\u00f9 infrastrutturale, di expertise e di penetrazione geografica\u201d.<\/p>\n<p>L\u2019Italia insomma secondo il ministro, ha una leadership in sanit\u00e0 che deve far valere. Tanto che anche gli altri Paesi ci vedono in maniera differente da come ci vediamo noi. \u201cSiamo gli unici ad aver vincolato due fondi per farmaci innovativi. \u00c8 una strada nuova per rendere sostenibile il sistema\u201d ha continuato Lorenzin. \u201cCredo che Brexit sia stato un avvenimento negativo e uno choc per Regno Unito e l\u2019Europa \u2013 ha concluso il ministro \u2013 ma abbiamo subito creduto che l\u2019Italia avesse le chance di ospitare l\u2019Ema. Dobbiamo avere fiducia nella diplomazia italiana e per portare l\u2019Ema in Italia questo \u00e8 il momento della diplomazia. Ne stiamo parlando in maniera informale negli incontri a livello europeo e tutti i Paesi fanno la loro parte. Poi ci sar\u00e0 una trattativa finale\u201d.<\/p>\n<p>Non da meno l\u2019opinione del presidente dell\u2019Agenzia italiana del farmaco (Aifa) Mario Melazzini, che intervenuto anche lui alla conferenza \u201cIl sistema italiano del farmaco e la governance della <img loading=\"lazy\" decoding=\"async\" class=\"alignright\" src=\"http:\/\/www.ansa.it\/webimages\/foto_large\/2014\/6\/12\/0ce81236e19f27b5864ad5ee8c12768e.jpg\" alt=\"Risultati immagini per scaccabarozzi massimo\" width=\"309\" height=\"216\" \/>salute in Europa\u201d, ha sottolineato come la stessa Aifa ha visto crescere la propria reputazione in Europa negli ultimi anni: \u201cSiamo molto forti nel settore dell\u2019Health Technology Assesment, abbiamo acquisito molto potere nella negoziazione con strumenti innovativi che ci vengono invidiati da altri Paesi. Tutto questo accresce l\u2019attrattivit\u00e0 dell\u2019Italia\u201d.<\/p>\n<p>\u201cGi\u00e0 a marzo avevamo detto che l\u2019Italia ha tutte le caratteristiche per ambire a ospitare l\u2019Ema. Per un Paese \u00e8 straordinario avere un\u2019agenzia del genere, con 800 dipendenti e soprattutto oltre 60.000 visite annue, che significano importanti numeri per l\u2019indotto e l\u2019economia\u201d. Ad affermarlo Massimo Scaccabarozzi, presidente di Farmindustria, presente alla conferenza stampa organizzata alla Camera per il Festival della Diplomazia. \u201cMilano in particolare \u2013 ha precisato \u2013 ha a disposizione i servizi necessari ed \u00e8 inserita nel contesto europeo. Credo ci siano i tempi, il Governo ha preso una posizione precisa su questo e comunque per la Brexit ci vorranno due anni, l\u2019importante \u00e8 farsi trovare pronti. Fra l\u2019altro noi abbiamo gi\u00e0 l\u2019Efsa (l\u2019Autorit\u00e0 per la sicurezza alimentare, ndr), e se si punta a creare un polo alimenti-farmaci come negli Usa siamo un passo avanti. L\u2019Italia l\u2019Ema se la merita anche per la presenza industriale che non ha eguali, e per l\u2019esperienza regolatoria. Stanno nascendo dei comitati di promozione, perch\u00e9 \u00e8 una partita che non dobbiamo perdere e ce la possiamo fare grazie al gioco di squadra\u201d.<\/p>\n<p>Related news: <a href=\"http:\/\/www.raps.org\/Regulatory-Focus\/News\/2016\/10\/26\/26074\/Ireland-Looks-to-Host-New-EMA-Headquarters-Following-Brexit\/\" target=\"_blank\" rel=\"noopener\"><span style=\"color: #0000ff;\">Ireland Looks to Host New EMA Headquarters Following Brexit<\/span><\/a><\/p>\n<p class=\"entry-title\"><a href=\"http:\/\/www.rifday.it\/2016\/10\/28\/sede-ema-milano-concorrente-temibile-scende-lizza-anche-dublino\/\" target=\"_blank\" rel=\"noopener\"><span style=\"color: #0000ff;\">Sede Ema, Milano ha una concorrente temibile, scende in lizza anche Dublino<\/span><\/a><\/p>","protected":false},"excerpt":{"rendered":"<p>\u00c8 il pensiero comune di Lorenzin, Scaccabarozzi e Melazzini intervenuti a una conferenza organizzata alla Camera per il Festival della Diplomazia, durante la quale si \u00e8 sottolineato come questa sia un\u2019occasione da non perdere: \u201cIl tempo c\u2019\u00e8\u201d di Redazione Aboutpharma Online\u00a0&#8211;\u00a026 ottobre 2016 &#8211; About Pharma Tutti la vogliono ma \u201cl\u2019Italia \u00e8 il paese che &hellip;<\/p>","protected":false},"author":4,"featured_media":18427,"comment_status":"closed","ping_status":"closed","sticky":false,"template":"","format":"standard","meta":{"footnotes":""},"categories":[1],"tags":[49],"class_list":["post-28586","post","type-post","status-publish","format-standard","has-post-thumbnail","hentry","category-notizie","tag-aifa"],"amp_enabled":true,"_links":{"self":[{"href":"https:\/\/www.fedaiisf.it\/en\/wp-json\/wp\/v2\/posts\/28586","targetHints":{"allow":["GET"]}}],"collection":[{"href":"https:\/\/www.fedaiisf.it\/en\/wp-json\/wp\/v2\/posts"}],"about":[{"href":"https:\/\/www.fedaiisf.it\/en\/wp-json\/wp\/v2\/types\/post"}],"author":[{"embeddable":true,"href":"https:\/\/www.fedaiisf.it\/en\/wp-json\/wp\/v2\/users\/4"}],"replies":[{"embeddable":true,"href":"https:\/\/www.fedaiisf.it\/en\/wp-json\/wp\/v2\/comments?post=28586"}],"version-history":[{"count":0,"href":"https:\/\/www.fedaiisf.it\/en\/wp-json\/wp\/v2\/posts\/28586\/revisions"}],"wp:featuredmedia":[{"embeddable":true,"href":"https:\/\/www.fedaiisf.it\/en\/wp-json\/wp\/v2\/media\/18427"}],"wp:attachment":[{"href":"https:\/\/www.fedaiisf.it\/en\/wp-json\/wp\/v2\/media?parent=28586"}],"wp:term":[{"taxonomy":"category","embeddable":true,"href":"https:\/\/www.fedaiisf.it\/en\/wp-json\/wp\/v2\/categories?post=28586"},{"taxonomy":"post_tag","embeddable":true,"href":"https:\/\/www.fedaiisf.it\/en\/wp-json\/wp\/v2\/tags?post=28586"}],"curies":[{"name":"wp","href":"https:\/\/api.w.org\/{rel}","templated":true}]}}