{"id":28620,"date":"2016-10-31T13:17:18","date_gmt":"2016-10-31T12:17:18","guid":{"rendered":"http:\/\/www.fedaiisf.it\/?p=28620"},"modified":"2016-11-20T17:45:16","modified_gmt":"2016-11-20T16:45:16","slug":"referendun-costituzionale-e-sanita-si-no-mah","status":"publish","type":"post","link":"https:\/\/www.fedaiisf.it\/en\/referendun-costituzionale-e-sanita-si-no-mah\/","title":{"rendered":"Constitutional Referendum and Healthcare: yes, no \u2026 well!"},"content":{"rendered":"<h2 class=\"Title\">Lorenzin, al referendum il s\u00ec fa la differenza anche in Sanit\u00e0<\/h2>\n<p><img loading=\"lazy\" decoding=\"async\" class=\" alignleft\" src=\"http:\/\/congresso.aiom.it\/userfiles\/files\/images\/20161028rm_cover.jpg\" alt=\"Risultati immagini per Congresso dell'Associazione italiana di oncologia medica\" width=\"239\" height=\"347\" \/>\u00abSulla possibilit\u00e0 di offrire cure e assistenza in modo universale a tutti i cittadini, il s\u00ec al referendum fa la differenza\u00bb. Lo ha detto il ministro della Salute, Beatrice Lorenzin, nel suo intervento in occasione della cerimonia di apertura del 18\u00b0 Congresso dell&#8217;Associazione italiana di oncologia medica (Aiom), in corso a Roma. \u00abSi parla tanto di referendum\u00bb ha aggiunto \u00abma nessuno parla di quanto cambierebbe per la sanit\u00e0 perch\u00e9&#8217; questa riforma costituzionale mette finalmente mano al titolo V e riporta omogeneit\u00e0 negli interventi di salute\u00bb. Tutte le norme di salute ritornano in capo allo Stato.<\/p>\n<p>\u00abSolo per fare alcuni esempi\u00bb ha proseguito Lorenzin \u00abprendiamo il prontuario farmaceutico, e quindi l&#8217;accesso ai farmaci, che oggi cambia da regione a regione. Prendiamo i piani diagnostici terapeutici, che dovrebbero essere uniformi mentre oggi per fare una mammografia ci sono tempi troppo diversi tra una regione e un&#8217;altra. La stessa cosa avviene per il diabete, dove perfino in una stessa regione, le singole Asl ti curano in modo diverso. Anche per il cancro, a prescindere dai centri di eccellenza e dai professionisti, ancora oggi ammalarsi in un territorio rispetto a un altro fa la differenza. Questo va cambiato \u00e8 un fatto di civilt\u00e0.<\/p>\n<p>E&#8217; il momento di mettere finalmente mano in modo ordinato a tutte queste disfunzioni nate dalla precedente riforma del titolo V\u00bb.<br \/>\nLa riforma che, nel 2001, aveva portato a un aumento delle competenze regionali in materia sanitaria, specifica il ministro, \u00abnon era nata con cattive intenzioni ma ha avuto conseguenze pesanti sul diritto alla salute\u00bb. La riforma costituzionale su cui si voter\u00e0 domenica 4 dicembre, interviene su questo aspetto modificando l&#8217;articolo 117 del titolo V. \u00abSono anni\u00bb conclude Lorenzin \u00abche mettiamo toppe. E non possiamo mettere sempre toppe, \u00e8 il momento di intervenire in modo organico, come prevede la riforma costituzionale su cui siamo chiamati\u00bb.<\/p>\n<p><a href=\"https:\/\/www.federfarma.it\/Edicola\/FiloDiretto\/Filodiretto\/ottobre2016\/29-10-2016-00-07-40.aspx\" target=\"_blank\" rel=\"noopener\"><span style=\"color: #0000ff;\">29\/10\/2016 &#8211; Federfarma<\/span><\/a><\/p>\n<h2 class=\"blog-title\">Sanit\u00e0, &#8216;con il S\u00ec farmaci oncologici in tutte le Regioni\u2019? Renzi, non inganni i malati<\/h2>\n<p>Ci vuole una bella faccia tosta ad andare in tv come ha fatto <strong>Matteo Renzi<\/strong> a dire a proposito di <strong>riforma costituzionale<\/strong> \u201ccon il referendum si decide se lasciare tutta la sanit\u00e0 alle Regioni oppure dare stessi diritti a tutti i cittadini\u201d o a dire, strumentalizzando cinicamente le sofferenze delle persone, \u201cse vincono i s\u00ec tutti i malati di cancro avranno gli stessi farmaci<strong> indipendentemente dalla Regione in cui vivono<\/strong>\u201d.<\/p>\n<p>L<img loading=\"lazy\" decoding=\"async\" class=\" alignright\" src=\"http:\/\/static.blastingnews.com\/media\/photogallery\/2016\/9\/23\/main\/stefano-bonaccini-pd-presidente-della-regione-emilia-romagna_885211.jpg\" alt=\"Risultati immagini per stefano bonaccini\" width=\"362\" height=\"242\" \/>e Regioni che in queste affermazioni deliranti fanno la figura dello sfasciacarrozze <a href=\"http:\/\/www.ilfattoquotidiano.it\/2016\/09\/21\/fondi-alla-sanita-qualcuno-sta-barando\/3048229\/\" target=\"_blank\" rel=\"noopener\">tacciono a partire dal loro rappresentante\u00a0<strong>Stefano\u00a0Bonaccini<\/strong><\/a> che non si \u00e8 neanche scomodato a far finta di difendere l\u2019istituzione. Non che non abbiano responsabilit\u00e0 anzi di cosacce ne hanno fatte tante ma per favore<strong> a tutto c\u2019\u00e8 un limite.<\/strong><\/p>\n<p>Caro presidente, i diritti dei cittadini ad esser in buona salute e i farmaci da dare ai <strong>malati di cancro<\/strong> dipendono prima di tutto da <strong>quanti soldi il governo decide di dare alle Regioni<\/strong>. Da quando lei \u00e8 al governo ha messo in piedi un sistema che punta a <a href=\"http:\/\/www.ilfattoquotidiano.it\/2016\/09\/30\/la-sanita-subordinata-al-pil\/3066768\/\" target=\"_blank\" rel=\"noopener\">far decrescere la sanit\u00e0 pubblica per poi privatizzarla in un secondo tempo, basato sul suo progressivo definanziamento<\/a>. Se continuer\u00e0 a definanziare la sanit\u00e0 cio\u00e8 a dare sempre meno soldi alle Regioni, i diritti di cui lei parla saranno ancor pi\u00f9 negati. Ma di questo, caro presidente, non pu\u00f2 incolpare le Regioni che anche quest\u2019anno le chiedono pi\u00f9 soldi per il <strong>fondo sanitario nazionale<\/strong> e per coprire i livelli essenziali di assistenza. Le ricordo che i farmaci per il cancro rientrano in questi livelli e che per come sono stati ridefiniti di recente dal suo Ministero della salute costano <strong>circa 3 mld<\/strong> ma lei per questa cosa ha deciso di assegnare solo <strong>800 milioni<\/strong>.<\/p>\n<p>Signor presidente, lei non pu\u00f2 permettersi di ingannare gli italiani con le sue \u201cbischerate\u201d: il titolo V al quale lei si riferisce rispetto alla <strong>riforma costituzionale<\/strong> \u00e8 stato modificato in modo cos\u00ec marginale e generico e solo nell\u2019ottica di ridurre il contenzioso legate tra istituzioni ma senza risolvere il grave problema della governance della sanit\u00e0 che le ricordo alla fine \u00e8 all\u2019origine di buona parte dei problemi che il suo governo definisce di <strong>sostenibilit\u00e0<\/strong>.<\/p>\n<p>Ma questo non \u00e8 casuale. Il titolo V, come lei sa bene, \u00e8 stato del tutto <strong>svuotato<\/strong> nel senso che da anni sulla spesa sanit\u00e0 non comanda n\u00e9 il Ministero della Salute, n\u00e9 le Regioni e men che mai le aziende. Ma comanda solo lei, signor presidente, in sintonia con il suo super ministro dell\u2019Economia.\u00a0Grazie a lei siamo passati dalla <strong>spending review<\/strong> allo <strong>spending power<\/strong>.<\/p>\n<p>Non le dice niente l\u2019acronimo \u201cGSA\u201d? Vuol dire<strong> \u201cgestione sanitaria accentrata\u201d<\/strong> una gestione che da anni \u00e8 accentrata al Ministero dell\u2019Economia e che decide tutto quanto ha implicazioni finanziarie: pareggi, disavanzi, commissariamenti, piani di rientro, tagli ai bisogni, compatibilit\u00e0, limitazioni, blocchi, tetti.\u00a0In ci\u00f2 favorito da un ministro della Salute di facciata che per quante <img loading=\"lazy\" decoding=\"async\" class=\" alignleft\" src=\"http:\/\/images.slideplayer.com\/20\/6223739\/slides\/slide_2.jpg\" alt=\"Risultati immagini per spending power\" width=\"302\" height=\"227\" \/>stupidaggini faccia \u00e8 politicamente <strong>invulnerabile<\/strong> ma solo perch\u00e9 rientra in quella che per Renzi \u00e8 una utilit\u00e0 e che Lenin, non io, riferendosi all\u2019occidente definiva gli \u201cutili idioti\u201d.<\/p>\n<p>Lei \u00e8 il presidente del \u201ccosto zero\u201d cio\u00e8 tutto quello che si dovrebbe fare in sanit\u00e0 non dovrebbe costare niente per cui <strong>ha bloccato tutto<\/strong>: contratti, turn over, acquisti, assunzioni. E a costo zero non si cura ne il cancro ne altre malattie.<\/p>\n<p>E poi presidente me lo faccia dire ma lei che per paura di perdere il referendum promette uguaglianza, universalismo, giustizia, ma lo sa che almeno 13 Regioni su 21 svendono i loro malati perch\u00e9 <strong>non sanno come curarli?<\/strong> Li svendono principalmente a quattro Regioni del nord (Lombardia, Emilia Romagna, Toscana, Veneto) ben felici di accoglierli\u00a0altrimenti a corto di quattrini come sono, andrebbero in disavanzo. Lo sa che il giro di affari di questa vergogna \u00e8 pari a circa 4mld e che il mercato di malati ogni anno riguarda circa 9oo.ooo persone?<\/p>\n<p>Le sue politiche di de-finanziamento caro presidente stanno spaccando molto pi\u00f9 del fallito federalismo l\u2019Italia in mille parti accrescendo le diseguaglianze e le ingiustizie. Cosa ha fatto il suo governo per aiutare le Regioni <strong>pi\u00f9 deboli<\/strong> ad essere autosufficienti, cio\u00e8 a non svendere i propri malti? Glielo dico io. Le ha tartassate perch\u00e9 non hanno rispettato i limiti di bilancio, ha imposto loro i piani di rientro, le ha fatte tassare e poi le ha commissariate facendo strage di democrazia. Cio\u00e8 le ha impoverite pi\u00f9 di quello che erano gi\u00e0. Ma in nessun caso ha pensato di rifinanziarle, di renderle autosufficienti, di aiutarle a superare i loro handicap storici anche imponendo loro precisi condizionali di moralit\u00e0 e di competenza.<\/p>\n<p>E ora che si avvicina<strong> l\u2019ora della verit\u00e0<\/strong> si permette di speculare sulla disperazione dei malati di cancro dicendo loro di votare s\u00ec perch\u00e9 in questo modo avranno i farmaci?\u00a0Ignobile. Semplicemente ignobile.<\/p>\n<p>di <a href=\"http:\/\/www.ilfattoquotidiano.it\/blog\/icavicchi\/\" target=\"_blank\" rel=\"author noopener\">Ivan Cavicchi<\/a> | <a href=\"http:\/\/www.ilfattoquotidiano.it\/2016\/10\/06\/sanita-con-il-si-farmaci-oncologici-in-tutte-le-regioni-renzi-non-inganni-i-malati\/3079123\/\" target=\"_blank\" rel=\"noopener\"><span style=\"color: #0000ff;\">6 ottobre 2016 | Il Fatto Quotidiano<\/span><\/a><\/p>\n<p>Notizie correlate: <span style=\"color: #0000ff;\"><a style=\"color: #0000ff;\" href=\"http:\/\/www.ilfattoquotidiano.it\/2016\/10\/30\/legge-di-bilancio-un-miliardino-di-mancia-pre-elettorale-per-la-sanita\/3130539\/\" target=\"_blank\" rel=\"noopener\">Legge di bilancio, un miliardino di mancia pre-elettorale per la sanit\u00e0<\/a><\/span><\/p>\n<p><span style=\"color: #0000ff;\"><a style=\"color: #0000ff;\" href=\"http:\/\/www.fedaiisf.it\/manovra-2017-le-misure-sulla-sanita-ridefiniti-i-tetti-per-la-farmaceutica\/\" target=\"_blank\">Manovra 2017, le misure sulla sanit\u00e0: ridefiniti i tetti per la farmaceutica<\/a><\/span><\/p>\n<p><a href=\"http:\/\/www.quotidianosanita.it\/governo-e-parlamento\/articolo.php?articolo_id=44598\" target=\"_blank\" rel=\"noopener\"><span style=\"color: #0000ff;\">Con la manovra andr\u00e0 in Piano di rientro almeno un altro 20% delle aziende ospedaliere.<\/span><\/a><\/p>\n<p><a href=\"http:\/\/www.quotidianosanita.it\/lettere-al-direttore\/articolo.php?articolo_id=44600\" target=\"_blank\" rel=\"noopener\"><span style=\"color: #0000ff;\">Spesa farmaceutica. Le note Aifa e il rigore a senso unico<\/span><\/a><\/p>\n<p style=\"text-align: center;\">________________________________________<\/p>\n<div class=\"titolo\">\n<h2 class=\"\"><a href=\"https:\/\/www.senato.it\/1025?sezione=136&amp;articolo_numero_articolo=117\" target=\"_blank\" rel=\"noopener\"><span style=\"color: #0000ff;\">Articolo 117<\/span><\/a><\/h2>\n<\/div>\n<div class=\"testo\">\n<div class=\"testoMedium\">\n<p>La potest\u00e0 legislativa \u00e8 esercitata dallo Stato [<a href=\"https:\/\/www.senato.it\/1025?sezione=127&amp;articolo_numero_articolo=70\" target=\"_blank\" rel=\"noopener\">70 e segg<\/a>.] e dalle Regioni nel rispetto della Costituzione, nonch\u00e8 dei vincoli derivanti dall&#8217;ordinamento comunitario e dagli obblighi internazionali.<\/p>\n<p>Lo Stato ha legislazione esclusiva nelle seguenti materie:<br \/>\na) politica estera e rapporti internazionali dello Stato; rapporti dello Stato con l&#8217;Unione europea; diritto di asilo e condizione giuridica dei cittadini di Stati non appartenenti all&#8217;Unione europea;<br \/>\nb) immigrazione;<br \/>\nc) rapporti tra la Repubblica e le confessioni religiose;<br \/>\nd) difesa e Forze armate; sicurezza dello Stato; armi, munizioni ed esplosivi;<br \/>\ne) moneta, tutela del risparmio e mercati finanziari; tutela della concorrenza; sistema valutario; sistema tributario e contabile dello Stato; armonizzazione dei bilanci pubblici; perequazione delle risorse finanziarie;<br \/>\nf) organi dello Stato e relative leggi elettorali; referendum statali; elezione del Parlamento europeo;<br \/>\ng) ordinamento e organizzazione amministrativa dello Stato e degli enti pubblici nazionali;<br \/>\nh) ordine pubblico e sicurezza, ad esclusione della polizia amministrativa locale;<br \/>\ni) cittadinanza, stato civile e anagrafi;<br \/>\nl) giurisdizione e norme processuali; ordinamento civile e penale; giustizia amministrativa;<br \/>\nm) determinazione dei livelli essenziali delle prestazioni concernenti i diritti civili e sociali che devono essere garantiti su tutto il territorio nazionale;<br \/>\nn) norme generali sull&#8217;istruzione;<br \/>\no) previdenza sociale;<br \/>\np) legislazione elettorale, organi di governo e funzioni fondamentali di Comuni, Province e Citt\u00e0 metropolitane;<br \/>\nq) dogane, protezione dei confini nazionali e profilassi internazionale;<br \/>\nr) pesi, misure e determinazione del tempo; coordinamento informativo statistico e informatico dei dati dell&#8217;amministrazione statale, regionale e locale; opere dell&#8217;ingegno;<br \/>\ns) tutela dell&#8217;ambiente, dell&#8217;ecosistema e dei beni culturali.<\/p>\n<p>Sono materie di legislazione concorrente quelle relative a: rapporti internazionali e con l&#8217;Unione europea delle Regioni; commercio con l&#8217;estero; tutela e sicurezza del lavoro; istruzione, salva l&#8217;autonomia delle istituzioni scolastiche e con esclusione della istruzione e della formazione professionale; professioni; ricerca scientifica e tecnologica e sostegno all&#8217;innovazione per i settori produttivi; tutela della salute; alimentazione; ordinamento sportivo; protezione civile; governo del territorio; porti e aeroporti civili; grandi reti di trasporto e di navigazione; ordinamento della comunicazione; produzione, trasporto e distribuzione nazionale dell&#8217;energia; previdenza complementare e integrativa; coordinamento della finanza pubblica e del sistema tributario; valorizzazione dei beni culturali e ambientali e promozione e organizzazione di attivit\u00e0 culturali; casse di risparmio, casse rurali, aziende di credito a carattere regionale; enti di credito fondiario e agrario a carattere regionale. Nelle materie di legislazione concorrente spetta alle Regioni la potest\u00e0 legislativa, salvo che per la determinazione dei princ\u00ecpi fondamentali, riservata alla legislazione dello Stato.<\/p>\n<p>Spetta alle Regioni la potest\u00e0 legislativa in riferimento ad ogni materia non espressamente riservata alla legislazione dello Stato.<\/p>\n<p>Le Regioni e le Province autonome di Trento e di Bolzano, nelle materie di loro competenza, partecipano alle decisioni dirette alla formazione degli atti normativi comunitari e provvedono all&#8217;attuazione e all&#8217;esecuzione degli accordi internazionali e degli atti dell&#8217;Unione europea, nel rispetto delle norme di procedura stabilite da legge dello Stato, che disciplina le modalit\u00e0 di esercizio del potere sostitutivo in caso di inadempienza.<\/p>\n<p>La potest\u00e0 regolamentare spetta allo Stato nelle materie di legislazione esclusiva, salva delega alle Regioni.<\/p>\n<p>La potest\u00e0 regolamentare spetta alle Regioni in ogni altra materia.<\/p>\n<p>I Comuni, le Province e le Citt\u00e0 metropolitane hanno potest\u00e0 regolamentare in ordine alla disciplina dell&#8217;organizzazione e dello svolgimento delle funzioni loro attribuite.<\/p>\n<p>Le leggi regionali rimuovono ogni ostacolo che impedisce la piena parit\u00e0 degli uomini e delle donne nella vita sociale, culturale ed economica e promuovono la parit\u00e0 di accesso tra donne e uomini alle cariche elettive [<a href=\"https:\/\/www.senato.it\/1025?sezione=118&amp;articolo_numero_articolo=3\" target=\"_blank\" rel=\"noopener\">3<\/a>].<\/p>\n<p>La legge regionale ratifica le intese della Regione con altre Regioni per il migliore esercizio delle proprie funzioni, anche con individuazione di organi comuni.<\/p>\n<p>Nelle materie di sua competenza la Regione pu\u00f2 concludere accordi con Stati e intese con enti territoriali interni ad altro Stato, nei casi e con le forme disciplinati da leggi dello Stato.<\/p>\n<h2><a href=\"http:\/\/www.camera.it\/temiap\/2016\/10\/03\/OCD177-2392.pdf\" target=\"_blank\" rel=\"noopener\"><span style=\"color: #0000ff;\">Articolo 117<\/span><\/a> (riformato &#8211; in grassetto le modifiche)<\/h2>\n<p>La potest\u00e0 legislativa \u00e8 esercitata dallo Stato e dalle Regioni nel rispetto della Costituzione, nonch\u00e9 dei vincoli derivanti dall\u2019ordinamento dell\u2019Unione europea e dagli obblighi internazionali.<\/p>\n<p><span style=\"color: #ff0000;\">Lo Stato ha legislazione esclusiva nelle seguenti materie<\/span>:<\/p>\n<ol>\n<li>politica estera e rapporti internazionali dello Stato; rapporti dello Stato con l\u2019Unione europea; diritto di asilo e condizione giuridica dei cittadini di Stati non appartenenti all\u2019Unione europea;<\/li>\n<li>immigrazione;<\/li>\n<li>rapporti tra la Repubblica e le confessioni religiose;<\/li>\n<li>difesa e Forze armate; sicurezza dello Stato; armi, munizioni ed esplosivi;<\/li>\n<li>moneta, tutela del risparmio e mercati finanziari <strong>e assicurativi<\/strong>; tutela <strong>e promozione<\/strong> della concorrenza; sistema valutario; sistema tributario e contabile dello Stato; armonizzazione dei bilanci pubblici; <strong>coordinamento della finanza pubblica e del sistema tributario; <\/strong>perequazione delle risorse finanziarie;<\/li>\n<li>organi dello Stato e relative leggi elettorali; referendum statali; elezione del Parlamento europeo;<\/li>\n<li>ordinamento e organizzazione amministrativa dello Stato e degli enti pubblici nazionali; <strong>norme sul procedimento amministrativo e sulla disciplina giuridica del lavoro alle dipendenze delle amministrazioni pubbliche tese ad assicurarne l\u2019uniformit\u00e0 sul territorio nazionale<\/strong>;<\/li>\n<li>ordine pubblico e sicurezza, ad esclusione della polizia amministrativa locale;<\/li>\n<li>cittadinanza, stato civile e anagrafi;<\/li>\n<li>giurisdizione e norme processuali; ordinamento civile e penale; giustizia amministrativa;<\/li>\n<li>determinazione dei livelli essenziali delle prestazioni concernenti i diritti civili e sociali che devono essere garantiti su tutto il territorio nazionale; <strong><span style=\"color: #ff0000;\">disposizioni generali e comuni per la tutela della salute<\/span>, per le politiche sociali e per la sicurezza alimentare<\/strong>;<\/li>\n<li><strong>disposizioni<\/strong> generali e comuni sull\u2019istruzione; <strong>ordinamento scolastico; istruzione universitaria e programmazione strategica della ricerca scientifica e tecnologica<\/strong>;<\/li>\n<li>previdenza sociale, <strong>ivi compresa la previdenza complementare e integrativa; tutela e sicurezza del lavoro; politiche attive del lavoro; disposizioni generali e comuni sull\u2019istruzione e formazione professionale<\/strong>;<\/li>\n<li><strong>ordinamento<\/strong>, legislazione elettorale, organi di governo e funzioni fondamentali di Comuni e Citt\u00e0 metropolitane; <strong>disposizioni di principio sulle forme associative dei comuni<\/strong>;<\/li>\n<li>dogane, protezione dei confini nazionali e profilassi internazionale; <strong>commercio con l\u2019estero<\/strong>;<\/li>\n<li>pesi, misure e determinazione del tempo; coordinamento informativo statistico e informatico dei dati, <strong>dei processi e delle relative infrastrutture e piattaforme informatiche<\/strong> dell\u2019amministrazione statale, regionale e locale; opere dell\u2019ingegno;<\/li>\n<li>tutela e <strong>valorizzazione<\/strong> dei beni culturali e paesaggistici; ambiente ed ecosistema; <strong>ordinamento sportivo; disposizioni generali e comuni sulle attivit\u00e0 culturali e sul turismo<\/strong>;<\/li>\n<li><strong>ordinamento delle professioni e della comunicazione<\/strong>;<\/li>\n<li><strong>disposizioni generali e comuni sul governo del territorio; sistema nazionale e coordinamento della protezione civile<\/strong>;<\/li>\n<li><strong>produzione, trasporto e distribuzione nazionali dell\u2019energia<\/strong>;<\/li>\n<li><strong>infrastrutture strategiche e grandi reti di trasporto e di navigazione d\u2019interesse nazionale e relative norme di sicurezza; porti e aeroporti civili, di interesse nazionale e internazionale<\/strong>.<\/li>\n<\/ol>\n<p><span style=\"color: #ff0000;\">Spetta alle Regioni la potest\u00e0 legislativa<strong> in materia di <\/strong><\/span><strong>rappresentanza delle minoranze linguistiche, di pianificazione del territorio regionale e mobilit\u00e0 al suo interno, di dotazione infrastrutturale, di programmazione e <span style=\"color: #ff0000;\">organizzazione dei servizi sanitari e sociali<\/span>, di promozione dello sviluppo economico locale e organizzazione in ambito regionale dei servizi alle imprese e della formazione professionale; salva l\u2019autonomia delle istituzioni scolastiche, in materia di servizi scolastici, di promozione del diritto allo studio, anche universitario; in materia di disciplina, per quanto di interesse regionale, delle attivit\u00e0 culturali, della promozione dei beni ambientali, culturali e paesaggistici, di valorizzazione e organizzazione regionale del turismo, di regolazione, sulla base di apposite intese concluse in ambito regionale, delle relazioni finanziarie tra gli enti territoriali della Regione per il rispetto degli obiettivi programmatici regionali e locali di finanza pubblica, nonch\u00e9 in <\/strong>ogni materia non espressamente riservata alla competenza esclusiva<strong> dello Stato<\/strong>.<\/p>\n<p><strong><span style=\"color: #ff0000;\">Su proposta del Governo, la legge dello Stato pu\u00f2 intervenire in materie non riservate alla legislazione esclusiva quando lo richieda la tutela dell\u2019unit\u00e0 giuridica o economica della Repubblica, ovvero la tutela dell\u2019interesse nazionale<\/span>.<\/strong><\/p>\n<p>Le Regioni e le Province autonome di Trento e di Bolzano, nelle materie di loro competenza, partecipano alle decisioni dirette alla formazione degli atti normativi dell\u2019Unione europea e provvedono all\u2019attuazione e all\u2019esecuzione degli accordi internazionali e<strong> degli atti dell\u2019Unione europea, <\/strong>nel rispetto delle norme di procedura stabilite con legge dello Stato, che disciplina le modalit\u00e0 di esercizio del potere sostitutivo in caso di inadempienza.<\/p>\n<p>La potest\u00e0 regolamentare spetta allo Stato e alle Regioni secondo le rispettive competenze legislative. \u00c8 fatta salva la facolt\u00e0 dello Stato di delegare <strong>alle Regioni l\u2019esercizio di tale potest\u00e0 nelle materie di competenza legislativa esclusiva<\/strong>. I Comuni e le Citt\u00e0 metropolitane hanno potest\u00e0 regolamentare in ordine alla disciplina dell\u2019organizzazione e dello svolgimento delle funzioni loro attribuite, <strong>nel rispetto della legge statale o regionale<\/strong>.<\/p>\n<p>Le leggi regionali rimuovono ogni ostacolo che impedisce la piena parit\u00e0 degli uomini e delle donne nella vita sociale, culturale ed economica e promuovono la parit\u00e0 di accesso tra donne e uomini alle cariche elettive.<\/p>\n<p>La legge regionale ratifica le intese della Regione con altre Regioni per il migliore esercizio delle proprie funzioni, anche con individuazione di organi comuni.<\/p>\n<p>Nelle materie di sua competenza la Regione pu\u00f2 concludere accordi con Stati e intese con enti territoriali interni ad altro Stato, nei casi e con le forme disciplinati da leggi dello Stato.<\/p>\n<\/div>\n<\/div>\n","protected":false},"excerpt":{"rendered":"<p>Lorenzin, al referendum il s\u00ec fa la differenza anche in Sanit\u00e0 \u00abSulla possibilit\u00e0 di offrire cure e assistenza in modo universale a tutti i cittadini, il s\u00ec al referendum fa la differenza\u00bb. Lo ha detto il ministro della Salute, Beatrice Lorenzin, nel suo intervento in occasione della cerimonia di apertura del 18\u00b0 Congresso dell&#8217;Associazione italiana &hellip;<\/p>","protected":false},"author":4,"featured_media":28624,"comment_status":"closed","ping_status":"closed","sticky":false,"template":"","format":"standard","meta":{"footnotes":""},"categories":[1],"tags":[41,79],"class_list":["post-28620","post","type-post","status-publish","format-standard","has-post-thumbnail","hentry","category-notizie","tag-leggisentenze","tag-ssn"],"amp_enabled":true,"_links":{"self":[{"href":"https:\/\/www.fedaiisf.it\/en\/wp-json\/wp\/v2\/posts\/28620","targetHints":{"allow":["GET"]}}],"collection":[{"href":"https:\/\/www.fedaiisf.it\/en\/wp-json\/wp\/v2\/posts"}],"about":[{"href":"https:\/\/www.fedaiisf.it\/en\/wp-json\/wp\/v2\/types\/post"}],"author":[{"embeddable":true,"href":"https:\/\/www.fedaiisf.it\/en\/wp-json\/wp\/v2\/users\/4"}],"replies":[{"embeddable":true,"href":"https:\/\/www.fedaiisf.it\/en\/wp-json\/wp\/v2\/comments?post=28620"}],"version-history":[{"count":0,"href":"https:\/\/www.fedaiisf.it\/en\/wp-json\/wp\/v2\/posts\/28620\/revisions"}],"wp:featuredmedia":[{"embeddable":true,"href":"https:\/\/www.fedaiisf.it\/en\/wp-json\/wp\/v2\/media\/28624"}],"wp:attachment":[{"href":"https:\/\/www.fedaiisf.it\/en\/wp-json\/wp\/v2\/media?parent=28620"}],"wp:term":[{"taxonomy":"category","embeddable":true,"href":"https:\/\/www.fedaiisf.it\/en\/wp-json\/wp\/v2\/categories?post=28620"},{"taxonomy":"post_tag","embeddable":true,"href":"https:\/\/www.fedaiisf.it\/en\/wp-json\/wp\/v2\/tags?post=28620"}],"curies":[{"name":"wp","href":"https:\/\/api.w.org\/{rel}","templated":true}]}}