{"id":28746,"date":"2016-11-11T17:09:11","date_gmt":"2016-11-11T16:09:11","guid":{"rendered":"http:\/\/www.fedaiisf.it\/?p=28746"},"modified":"2016-11-11T17:12:52","modified_gmt":"2016-11-11T16:12:52","slug":"svizzera-roche-un-po-meno-tagli-del-previsto-a-basilea","status":"publish","type":"post","link":"https:\/\/www.fedaiisf.it\/en\/svizzera-roche-un-po-meno-tagli-del-previsto-a-basilea\/","title":{"rendered":"Swiss. Roche: a little less cuts than expected in Basel"},"content":{"rendered":"<p>THE<img loading=\"lazy\" decoding=\"async\" class=\"alignleft\" src=\"https:\/\/upload.wikimedia.org\/wikipedia\/commons\/thumb\/7\/7a\/Unia.svg\/2000px-Unia.svg.png\" alt=\"Risultati immagini per unia\" width=\"190\" height=\"177\" \/>The pharmaceutical giant Roche will cut slightly fewer jobs than expected in Basel: instead of 190 jobs, as announced in September, 168 will be cut.<\/p>\n<p>After the September announcement, the consultation process began and a social plan was defined, a group spokeswoman told the ATS today. The results of the negotiations were approved by all parties involved.<\/p>\n<p>However, the Unia union defines itself as unhappy, according to which the social plan has been clearly worsened compared to the current practice, reads a statement.<\/p>\n<p>The pharmaceutical company did not provide details, merely saying that the &quot;generous early retirement opportunities&quot; were not fully possible due to the ongoing restructuring.<\/p>\n<p>It is not yet clear how many the actual layoffs will be. Either way, the group will help affected employees find new employment.<\/p>\n<p><a href=\"http:\/\/www.swissinfo.ch\/ita\/roche--un-po--meno-tagli-del-previsto-a-basilea\/42586574\" target=\"_blank\" rel=\"noopener\"><span style=\"color: #0000ff;\">11 NOVEMBER 2016 \u2013 swissinfo<\/span><\/a><\/p>\n<p>Related news: <span style=\"color: #0000ff;\"><a style=\"color: #0000ff;\" href=\"http:\/\/www.fedaiisf.it\/en\/svizzera-roche-tagliera-190-posti\/\" target=\"_blank\">Swiss. Roche will cut 190 jobs<\/a><\/span><\/p>","protected":false},"excerpt":{"rendered":"<p>Il gigante farmaceutico Roche taglier\u00e0 un po&#8217; meno posti di lavoro del previsto a Basilea: anzich\u00e9 190 impieghi, come annunciato in settembre, ne verranno soppressi 168. Dopo l&#8217;annuncio di settembre \u00e8 cominciato il processo di consultazione ed \u00e8 stato definito un piano sociale, ha reso noto oggi all&#8217;ats una portavoce del gruppo. I risultati delle &hellip;<\/p>","protected":false},"author":4,"featured_media":2647,"comment_status":"closed","ping_status":"closed","sticky":false,"template":"","format":"standard","meta":{"footnotes":""},"categories":[1],"tags":[27,33],"class_list":["post-28746","post","type-post","status-publish","format-standard","has-post-thumbnail","hentry","category-notizie","tag-licenziati","tag-roche"],"amp_enabled":true,"_links":{"self":[{"href":"https:\/\/www.fedaiisf.it\/en\/wp-json\/wp\/v2\/posts\/28746","targetHints":{"allow":["GET"]}}],"collection":[{"href":"https:\/\/www.fedaiisf.it\/en\/wp-json\/wp\/v2\/posts"}],"about":[{"href":"https:\/\/www.fedaiisf.it\/en\/wp-json\/wp\/v2\/types\/post"}],"author":[{"embeddable":true,"href":"https:\/\/www.fedaiisf.it\/en\/wp-json\/wp\/v2\/users\/4"}],"replies":[{"embeddable":true,"href":"https:\/\/www.fedaiisf.it\/en\/wp-json\/wp\/v2\/comments?post=28746"}],"version-history":[{"count":0,"href":"https:\/\/www.fedaiisf.it\/en\/wp-json\/wp\/v2\/posts\/28746\/revisions"}],"wp:featuredmedia":[{"embeddable":true,"href":"https:\/\/www.fedaiisf.it\/en\/wp-json\/wp\/v2\/media\/2647"}],"wp:attachment":[{"href":"https:\/\/www.fedaiisf.it\/en\/wp-json\/wp\/v2\/media?parent=28746"}],"wp:term":[{"taxonomy":"category","embeddable":true,"href":"https:\/\/www.fedaiisf.it\/en\/wp-json\/wp\/v2\/categories?post=28746"},{"taxonomy":"post_tag","embeddable":true,"href":"https:\/\/www.fedaiisf.it\/en\/wp-json\/wp\/v2\/tags?post=28746"}],"curies":[{"name":"wp","href":"https:\/\/api.w.org\/{rel}","templated":true}]}}