{"id":28852,"date":"2016-11-20T17:34:15","date_gmt":"2016-11-20T16:34:15","guid":{"rendered":"http:\/\/www.fedaiisf.it\/?p=28852"},"modified":"2016-11-21T19:51:58","modified_gmt":"2016-11-21T18:51:58","slug":"renzi-se-passa-la-riforma-avremo-standard-unici-sui-farmaci-anaao-assomed-i-miracoli-referendari","status":"publish","type":"post","link":"https:\/\/www.fedaiisf.it\/en\/renzi-se-passa-la-riforma-avremo-standard-unici-sui-farmaci-anaao-assomed-i-miracoli-referendari\/","title":{"rendered":"Renzi. If the reform passes, we will have single standards on medicines. Anaao-Assomed: &quot;The miracles of the referendum&quot;"},"content":{"rendered":"<p><img loading=\"lazy\" decoding=\"async\" class=\"alignleft\" src=\"http:\/\/www.campanianotizie.com\/images\/stories\/varie\/renzicer.jpg\" alt=\"Risultati immagini per renzi caserta referendum\" width=\"229\" height=\"172\" \/>A Caserta, nel suo tour per il SI, Renzi ha affermato:\u00a0\u201cDobbiamo uscire dal commissariamento\u201d della sanit\u00e0 in Campania \u201ce stiamo lavorando perch\u00e9 questo accada in un arco di tempo molto rapido\u201d, prosegue Renzi. Se passa la riforma costituzionale, spiega, \u201csara\u2019 la Regione a scegliere dove aprire gli ospedali ma avremo standard unici per i cittadini su farmaci come quelli per l\u2019epatite\u201d. (<a href=\"http:\/\/www.ansa.it\/campania\/notizie\/2016\/11\/19\/renzi-basta-commissario-sanita-campana_c86055c2-12b9-4545-83ef-b222c015c3be.html\" target=\"_blank\" rel=\"noopener\"><span style=\"color: #0000ff;\">ANSA &#8211; 19\/11\/2016<\/span><\/a>)<\/p>\n<p>ANAAO-ASSOMED CALABRIA: I suddetti farmaci sono erogati in base a protocolli nazionali stabiliti dall\u2019AIFA, che \u00e8, appunto, l\u2019Agenzia ITALIANA, non regionale del Farmaco (eventuali criteri <img decoding=\"async\" class=\"alignright\" src=\"http:\/\/www.agenparl.com\/wp-content\/uploads\/2014\/05\/anaao.gif\" alt=\"Risultati immagini per anaao assomed calabria\" \/>pi\u00f9 includenti per i pazienti, sono stati stabiliti da Toscana e Puglia, ma con risorse autonome!).<\/p>\n<p>\u201cIl tempo, che \u00e8 galantuomo, &#8211; conclude ANAAO-Assomed Calabria &#8211; ci dir\u00e0 se tali proclami sono scritti sulla battigia o sul lastrico della ritrovata \u201cvirtuosit\u00e0 \u201cdella Sanit\u00e0 calabrese. Nel frattempo, non vorremmo che, fino al 4 dicembre, esponenti di primissimo o primo piano dell\u2019establishment venissero, in perfetta buona fede, ovviamente, a prometterci che la prossima sede dell\u2019EMA (l\u2019Agenzia Europea del Farmaco), in trasloco da Londra dopo Brexit, non sar\u00e0, come finora ritenuto, Milano, ma Catanzaro. Sempre se vincer\u00e0 il S\u00ec\u201d. (<a href=\"http:\/\/www.lametino.it\/Ultimora\/sanita-anaao-assomed-i-miracoli-referendari.html\" target=\"_blank\" rel=\"noopener\">Anaao-Assomed: \u201cI miracoli referendari\u201d &#8211; 20\/11\/2016<\/a>)<\/p>\n<p>Related news: <a href=\"http:\/\/www.blitzquotidiano.it\/salute\/epatite-c-campania-regione-italiana-con-piu-alta-prevalenza-di-hcv-2589860\/\" target=\"_blank\" rel=\"noopener\"><span style=\"color: #0000ff;\">Epatite C, Campania regione italiana con pi\u00f9 alta prevalenza di HCV<\/span><\/a><\/p>\n<p>Related news: <span style=\"color: #0000ff;\"><a style=\"color: #0000ff;\" href=\"http:\/\/www.fedaiisf.it\/en\/referendun-costituzionale-e-sanita-si-no-mah\/\" target=\"_blank\">Referendum Costituzionale e Sanit\u00e0: si, no \u2026 mah!<\/a><\/span><\/p>\n<p class=\"blog-title\"><a href=\"http:\/\/www.ilfattoquotidiano.it\/2016\/11\/20\/referendum-cara-lorenzin-e-vergognoso-illudere-i-malati-per-fare-campagna-per-il-si\/3205757\/\" target=\"_blank\" rel=\"noopener\"><span style=\"color: #0000ff;\">Referendum: cara Lorenzin, \u00e8 vergognoso illudere i malati per fare campagna per il S\u00ec<\/span><\/a><\/p>\n<p style=\"text-align: center;\">_________________________________________<\/p>\n<p><span style=\"color: #ff0000;\"><strong><img loading=\"lazy\" decoding=\"async\" class=\"alignright\" src=\"http:\/\/www.giurisprudenzapenale.com\/wp-content\/uploads\/2016\/09\/Costituzione-della-Repubblica-italiana.jpg\" alt=\"Risultati immagini per referendum 4 dicembre\" width=\"438\" height=\"246\" \/>Ed<\/strong><\/span>: non \u00e8 compito di questo sito entrare nel merito o prendere posizione nel referendum sulla riforma costituzionale del prossimo 4 dicembre. A titolo di cronaca riportiamo uno scambio di battute sulla sanit\u00e0 e sui farmaci fra Renzi e l\u2019ANAAO-ASSOMED Calabria. Per completezza d\u2019informazione, affinch\u00e9 ognuno si faccia la sua opinione in merito, riportiamo la parte riguardante le competenze regionali riportate dall\u2019art. 117 della <span style=\"color: #0000ff;\"><a style=\"color: #0000ff;\" href=\"http:\/\/documenti.camera.it\/leg17\/dossier\/pdf\/ac0500n.pdf\" target=\"_blank\" rel=\"noopener\">Costituzione con in grassetto le proposte di modifica<\/a><\/span> e in rosso le parti riguardanti la sanit\u00e0.<\/p>\n<p><em>Legislative power belongs to the Regions <strong>in materia di rappresentanza delle minoranze linguistiche, di pianificazione del territorio regionale e mobilit\u00e0 al suo interno, di dotazione infrastrutturale, di <span style=\"color: #ff0000;\">programmazione e organizzazione dei servizi sanitari e sociali<\/span>, di promozione dello sviluppo economico locale e organizzazione in ambito regionale dei servizi alle imprese e della formazione professionale; salva l\u2019autonomia delle istituzioni scolastiche, in materia di servizi scolastici, di promozione del diritto allo studio, anche universitario; in materia di disciplina, per quanto di interesse regionale, delle attivit\u00e0 culturali, della promozione dei beni ambientali, culturali e paesaggistici<\/strong>, <strong>di valorizzazione e organizzazione regionale del turismo, di regolazione, sulla base di apposite intese concluse in ambito regionale, delle relazioni finanziarie tra gli enti territoriali della Regione per il rispetto degli obiettivi programmatici regionali e locali di finanza pubblica, nonch\u00e9<\/strong> <strong>in<\/strong> ogni materia non espressamente riservata alla <strong>competenza esclusiva<\/strong> dello Stato.<\/em><\/p>\n<p><strong><em>Upon proposal of the Government, the law of the State can intervene in matters not reserved to exclusive legislation when the protection of the juridical or economic unity of the Republic requires it, or the protection of the national interest<\/em><\/strong><em>.<\/em><\/p>\n<p><em><a href=\"http:\/\/www.fedaiisf.it\/wp-content\/uploads\/2016\/10\/referendum-costituzionale.jpg\"><img loading=\"lazy\" decoding=\"async\" class=\"size-medium wp-image-28624 alignleft\" src=\"http:\/\/www.fedaiisf.it\/wp-content\/uploads\/2016\/10\/referendum-costituzionale-300x155.jpg\" alt=\"referendum-costituzionale\" width=\"300\" height=\"155\" srcset=\"https:\/\/www.fedaiisf.it\/wp-content\/uploads\/2016\/10\/referendum-costituzionale-300x155.jpg 300w, https:\/\/www.fedaiisf.it\/wp-content\/uploads\/2016\/10\/referendum-costituzionale-768x397.jpg 768w, https:\/\/www.fedaiisf.it\/wp-content\/uploads\/2016\/10\/referendum-costituzionale.jpg 820w\" sizes=\"auto, (max-width: 300px) 100vw, 300px\" \/><\/a>Le Regioni e le Province autonome di Trento e di Bolzano, nelle materie di loro competenza, partecipano alle decisioni dirette alla formazione degli atti normativi dell\u2019Unione europea e provvedono all\u2019attuazione e all\u2019esecuzione degli accordi internazionali e degli atti <strong>dell\u2019Unione europea<\/strong>, nel rispetto delle norme di procedura stabilite con legge dello Stato, che disciplina le modalit\u00e0 di esercizio del potere sostitutivo in caso di inadempienza.<\/em><\/p>\n<p><em>La potest\u00e0 regolamentare spetta allo Stato e <strong>alle Regioni secondo le rispettive competenze legislative. \u00c8 fatta salva la facolt\u00e0 dello Stato di delegare alle Regioni l\u2019esercizio di tale potest\u00e0 nelle materie di competenza legislativa esclusiva<\/strong>. Municipalities and metropolitan cities have the power to regulate the organization and performance of the functions assigned to them, <strong>in compliance with state or regional law<\/strong>.<\/em><\/p>\n<p><em>Regional laws remove all obstacles that prevent full equality of men and women in social, cultural and economic life and promote equal access for women and men to elected offices.<\/em><\/p>\n<p><em>The regional law ratifies the agreements of the Region with other Regions for the better exercise of its functions, also with the identification of common bodies.<\/em><\/p>\n<p><em>In matters within its competence, the Region can conclude agreements with States and understandings with internal territorial bodies of another State, in the cases and with the forms governed by the laws of the State.<\/em><\/p>\n<p style=\"text-align: center;\">________________________________<\/p>\n<p><em>Lo Stato ha legislazione esclusiva nelle seguenti materie: (\u2026 omissis\u2026) determinazione dei livelli essenziali delle prestazioni concernenti i diritti civili e sociali che devono essere garantiti su tutto il territorio nazionale; <strong><span style=\"color: #ff0000;\">general and common provisions for the protection of health<\/span>, for social policies and for food security<\/strong>; (\u2026 omissis \u2026).<\/em><\/p>","protected":false},"excerpt":{"rendered":"<p>A Caserta, nel suo tour per il SI, Renzi ha affermato:\u00a0\u201cDobbiamo uscire dal commissariamento\u201d della sanit\u00e0 in Campania \u201ce stiamo lavorando perch\u00e9 questo accada in un arco di tempo molto rapido\u201d, prosegue Renzi. Se passa la riforma costituzionale, spiega, \u201csara\u2019 la Regione a scegliere dove aprire gli ospedali ma avremo standard unici per i cittadini &hellip;<\/p>","protected":false},"author":4,"featured_media":28856,"comment_status":"closed","ping_status":"closed","sticky":false,"template":"","format":"standard","meta":{"footnotes":""},"categories":[1],"tags":[41,79],"class_list":["post-28852","post","type-post","status-publish","format-standard","has-post-thumbnail","hentry","category-notizie","tag-leggisentenze","tag-ssn"],"amp_enabled":true,"_links":{"self":[{"href":"https:\/\/www.fedaiisf.it\/en\/wp-json\/wp\/v2\/posts\/28852","targetHints":{"allow":["GET"]}}],"collection":[{"href":"https:\/\/www.fedaiisf.it\/en\/wp-json\/wp\/v2\/posts"}],"about":[{"href":"https:\/\/www.fedaiisf.it\/en\/wp-json\/wp\/v2\/types\/post"}],"author":[{"embeddable":true,"href":"https:\/\/www.fedaiisf.it\/en\/wp-json\/wp\/v2\/users\/4"}],"replies":[{"embeddable":true,"href":"https:\/\/www.fedaiisf.it\/en\/wp-json\/wp\/v2\/comments?post=28852"}],"version-history":[{"count":0,"href":"https:\/\/www.fedaiisf.it\/en\/wp-json\/wp\/v2\/posts\/28852\/revisions"}],"wp:featuredmedia":[{"embeddable":true,"href":"https:\/\/www.fedaiisf.it\/en\/wp-json\/wp\/v2\/media\/28856"}],"wp:attachment":[{"href":"https:\/\/www.fedaiisf.it\/en\/wp-json\/wp\/v2\/media?parent=28852"}],"wp:term":[{"taxonomy":"category","embeddable":true,"href":"https:\/\/www.fedaiisf.it\/en\/wp-json\/wp\/v2\/categories?post=28852"},{"taxonomy":"post_tag","embeddable":true,"href":"https:\/\/www.fedaiisf.it\/en\/wp-json\/wp\/v2\/tags?post=28852"}],"curies":[{"name":"wp","href":"https:\/\/api.w.org\/{rel}","templated":true}]}}