{"id":28941,"date":"2016-11-29T22:11:46","date_gmt":"2016-11-29T21:11:46","guid":{"rendered":"http:\/\/www.fedaiisf.it\/?p=28941"},"modified":"2016-12-05T12:45:23","modified_gmt":"2016-12-05T11:45:23","slug":"federfarma-e-snami-confronto-su-temi-di-comune-interesse","status":"publish","type":"post","link":"https:\/\/www.fedaiisf.it\/en\/federfarma-e-snami-confronto-su-temi-di-comune-interesse\/","title":{"rendered":"Federfarma and Snami: discussion on issues of common interest"},"content":{"rendered":"<p><strong><img decoding=\"async\" class=\"alignleft\" src=\"https:\/\/www.federfarma.it\/getattachment\/e3287c94-5779-448d-a17f-157722458f34\/29-11-2016-07-55-47.aspx?maxsidesize=112\" \/>La collaborazione tra medico di famiglia e farmacia nell\u2019aderenza terapeutica<\/strong>, la gestione del promemoria cartaceo e le ricadute sui rapporti tra le due professioni, la sostituzione generica in farmacia, il tgrasferimento degli innovativi sul territorio. Sono i principali temi affrontati nell\u2019incontro che venerd\u00ec ha messo attorno a un tavolo i due presidenti di Federfarma e dello Snami, Annarosa Racca e Angelo Testa (foto). Convocato su iniziativa del sindacato titolari, il colloquio ha consentito alle due organizzazioni di esporre posizioni e punti di vista reciproci sui principali temi di comune interesse. Piena convergenza, in particolare, \u00e8 stata registrata in tema di innovazione farmaceutica e distribuzione territoriale: per entrambi i sindacati, infatti, \u00e8 urgente portare sul territorio quei medicinali di pi\u00f9 recente registrazione che, per uso e area terapeutica, non possono <img loading=\"lazy\" decoding=\"async\" class=\"alignright\" src=\"http:\/\/www.bancadelsud.com\/sites\/default\/files\/styles\/dettaglio-basic\/public\/partner\/federfarma.png?itok=T6yuldto\" alt=\"Risultati immagini per federfarma\" width=\"259\" height=\"172\" \/>pi\u00f9 essere sottratti al territorio e ai professionisti delle Cure primarie, medici di famiglia e farmacisti.<\/p>\n<p><strong>\u00abIncontri come questi sono sempre utili\u00bb \u00e8 il commento di Angelo Testa<\/strong> \u00abperch\u00e9 danno modo di esplorare convergenze e posizioni comuni: le farmacie del territorio considerano una spina la distribuzione diretta, noi vediamo la stessa cosa nel promemoria cartaceo. Di sicuro, \u00e8 comune il desiderio che i farmaci innovativi arrivino sul territorio, per essere prescritti dal medico di famiglia e dispensati dal farmacista\u00bb. \u00abNell\u2019incontro\u00bb \u00e8 il parere di Annarosa Racca \u00ababbiamo trovato punti di vista in comune su diretta e aderenza terapeutica. Avremo modo di proseguire il discorso\u00bb. Federfarma e Snami (che rappresenta il secondo sindacato della medicina di famiglia per rappresentativit\u00e0) continueranno ad approfondire il tema in una serie di incontri a venire.<\/p>\n<p>(<a href=\"https:\/\/www.federfarma.it\/Edicola\/FiloDiretto\/Filodiretto\/novembre2016\/29-11-2016-07-55-47.aspx\" target=\"_blank\" rel=\"noopener\"><span style=\"color: #0000ff;\">AS &#8211; 29\/11\/2016 &#8211; Federfarma<\/span><\/a>)<\/p>\n<p>&nbsp;<\/p>","protected":false},"excerpt":{"rendered":"<p>La collaborazione tra medico di famiglia e farmacia nell\u2019aderenza terapeutica, la gestione del promemoria cartaceo e le ricadute sui rapporti tra le due professioni, la sostituzione generica in farmacia, il tgrasferimento degli innovativi sul territorio. Sono i principali temi affrontati nell\u2019incontro che venerd\u00ec ha messo attorno a un tavolo i due presidenti di Federfarma e &hellip;<\/p>","protected":false},"author":4,"featured_media":9770,"comment_status":"closed","ping_status":"closed","sticky":false,"template":"","format":"standard","meta":{"footnotes":""},"categories":[1],"tags":[29,30,79],"class_list":["post-28941","post","type-post","status-publish","format-standard","has-post-thumbnail","hentry","category-notizie","tag-prezzo-farmaci","tag-ricette","tag-ssn"],"amp_enabled":true,"_links":{"self":[{"href":"https:\/\/www.fedaiisf.it\/en\/wp-json\/wp\/v2\/posts\/28941","targetHints":{"allow":["GET"]}}],"collection":[{"href":"https:\/\/www.fedaiisf.it\/en\/wp-json\/wp\/v2\/posts"}],"about":[{"href":"https:\/\/www.fedaiisf.it\/en\/wp-json\/wp\/v2\/types\/post"}],"author":[{"embeddable":true,"href":"https:\/\/www.fedaiisf.it\/en\/wp-json\/wp\/v2\/users\/4"}],"replies":[{"embeddable":true,"href":"https:\/\/www.fedaiisf.it\/en\/wp-json\/wp\/v2\/comments?post=28941"}],"version-history":[{"count":0,"href":"https:\/\/www.fedaiisf.it\/en\/wp-json\/wp\/v2\/posts\/28941\/revisions"}],"wp:featuredmedia":[{"embeddable":true,"href":"https:\/\/www.fedaiisf.it\/en\/wp-json\/wp\/v2\/media\/9770"}],"wp:attachment":[{"href":"https:\/\/www.fedaiisf.it\/en\/wp-json\/wp\/v2\/media?parent=28941"}],"wp:term":[{"taxonomy":"category","embeddable":true,"href":"https:\/\/www.fedaiisf.it\/en\/wp-json\/wp\/v2\/categories?post=28941"},{"taxonomy":"post_tag","embeddable":true,"href":"https:\/\/www.fedaiisf.it\/en\/wp-json\/wp\/v2\/tags?post=28941"}],"curies":[{"name":"wp","href":"https:\/\/api.w.org\/{rel}","templated":true}]}}