{"id":28952,"date":"2016-11-30T13:06:39","date_gmt":"2016-11-30T12:06:39","guid":{"rendered":"http:\/\/www.fedaiisf.it\/?p=28952"},"modified":"2016-12-06T11:35:17","modified_gmt":"2016-12-06T10:35:17","slug":"scaccabarozzi-almeno-la-sanita-sul-referendum-ragione-si-perche-no-lopinione-cozza-gaetti","status":"publish","type":"post","link":"https:\/\/www.fedaiisf.it\/en\/scaccabarozzi-almeno-la-sanita-sul-referendum-ragione-si-perche-no-lopinione-cozza-gaetti\/","title":{"rendered":"Scaccabarozzi: &quot;The Yes is right about the referendum at least for health care&quot;. Why the No? The opinion of Cozza and Gaetti"},"content":{"rendered":"<h4 class=\"site-block__title\">Il presidente di Farmindustria a pochi giorni dal referendum, si esprime a favore delle ragioni del \u201cs\u00ec\u201d perch\u00e9 \u201coggi in Italia sono troppe le differenze e occorre riportare al centro la legiferazione sulla salute\u201d. Sulla stessa linea Walter Ricciardi, presidente Iss<\/h4>\n<p>Of <a title=\"Articles written by: Aboutpharma Online editorial staff\" href=\"http:\/\/www.aboutpharma.com\/blog\/author\/redazioneaboutpharma-com\/\" target=\"_blank\" rel=\"author noopener\">Aboutpharma Online editorial staff<\/a>\u00a0 &#8211;\u00a0<span style=\"color: #0000ff;\"><a style=\"color: #0000ff;\" href=\"http:\/\/www.aboutpharma.com\/blog\/2016\/11\/29\/452978\/\" target=\"_blank\" rel=\"noopener\">29 novembre 2016 &#8211; Aboutpharma<\/a><\/span><\/p>\n<p><img decoding=\"async\" class=\"alignleft\" src=\"http:\/\/www.aboutpharma.com\/wp-content\/uploads\/2016\/11\/scaccabarozzi-e1480439847401-300x189.jpg\" alt=\"scaccabarozzi\" \/>Il presidente di Farmindustria Massimo Scaccabarozzi, a proposito del referendum che il 4 dicembre interrogher\u00e0 gli italiani sulla modifica della costituzione, d\u00e0 ragione a chi sostiene il \u201cS\u00ec\u201d.\u00a0Almeno sulla parte della riforma che riguarda la sanit\u00e0. \u201cParlo da cittadino e credo che in questo paese per quello che riguarda la sanit\u00e0 \u00e8 il momento di riportare al centro la legiferazione sulla salute\u201d ha affermato durante la <a href=\"http:\/\/www.aboutpharma.com\/blog\/2016\/11\/29\/452851\/\" target=\"_blank\" rel=\"noopener\">presentazione del \u201cLibro bianco sulla salute della donna. Dalla salute al welfare al femminile\u201d di Onda, tenutasi oggi a Roma<\/a>. Credo anche che la farmaceutica rientri a pieno titolo in questo, perch\u00e9 ci sono troppe differenze. Questo non vuol dire andare contro le Regioni, perch\u00e9 se ci sono Regioni con buone pratiche queste verranno preservate. Il problema \u00e8 che oggi abbiamo una situazione troppo variegata. Ci sono realt\u00e0 territoriali in cui l\u2019ultima innovazione per curare il cancro arriva dopo pochi giorni dall\u2019approvazione nazionale, altre in cui ci impiega 3-400 giorni e altre ancora in cui non arriva mai. Credo che per questa parte abbiano ragione quelli che sostengono il S\u00ec\u201d.<\/p>\n<p>Anche il presidente dell\u2019Istituto superiore di sanit\u00e0 Walter Ricciardi, si \u00e8 espresso in proposito, sottolineando come in ambito sanitario, il referendum sia importante perch\u00e9 redistribuisce i poteri tra Stato e Regioni. \u201cL\u2019articolo 117 riporta la tutela della salute esclusivamente allo Stato e d\u00e0 la sanit\u00e0 esclusivamente alle Regioni. Questo consente alle regioni virtuose di continuare a fornire i loro servizi nel modo migliore, e permette di intervenire in situazioni che vedono complessivamente 34 milioni di italiani non adeguatamente assistiti\u201d ha spiegato Ricciardi, a margine del Forum risk management, in svolgimento a Firenze.<\/p>\n<h1>Referendum e sanit\u00e0: perch\u00e9 No? L\u2019opinione di Cozza e Gaetti<\/h1>\n<div class=\"col-sm-12\">\n<div class=\"subtitle\">\n<p>Referendum, Movimento 5 Stelle: \u00abLa sanit\u00e0 deve essere riformata in una diversa ottica. Importante rivedere le spese e soprattutto incentivare la prevenzione\u00bb. Cgil Medici: \u00abLa Riforma genera ulteriore caos, non c\u2019\u00e8 chiarezza di ruoli e neanche di quale sia l\u2019interesse generale\u00bb<\/p>\n<\/div>\n<div class=\"text-right mar-min-top\"><a class=\"auth-tag text-right\" href=\"http:\/\/www.sanitainformazione.it\/author\/ciro\/\" target=\"_blank\" rel=\"noopener\">di Ciro Imperato<\/a><\/div>\n<\/div>\n<div class=\"col-sm-12 mar-ver\">\n<div class=\"text-article\">\n<p><img loading=\"lazy\" decoding=\"async\" class=\"alignright\" src=\"http:\/\/limbeccata.it\/wp-content\/uploads\/luigigaetti.jpg\" alt=\"Risultati immagini per luigi gaetti senatore\" width=\"466\" height=\"262\" \/>Italiani alle urne tra pochi giorni. Il countdown \u00e8 quasi arrivato al termine e a breve sapremo se la <strong>Renzi-Boschi<\/strong> verr\u00e0 approvata o a vincere sar\u00e0 il fronte dei contrari. Chi sostiene il cambiamento spera che i tormentati rapporti tra <strong>State<\/strong> And <strong>Regions<\/strong> trovino pace. Al contrario chi non concorda con la volont\u00e0 di centralizzare il potere statale togliendo competenze alle Regioni, vede nella Riforma una fonte di ulteriore confusione.<\/p>\n<p>Ad ingrossare le file del fronte dei contrari \u00e8 <strong>Luigi Gaetti, Senatore Movimento 5 Stelle<\/strong>, che fedele al suo partito, spiega le ragioni del suo No: \u00abLa cosa pi\u00f9 grave \u2013 spiega \u2013 \u00e8 che se vincesse il S\u00ec, ai cittadini verrebbe tolta la possibilit\u00e0 di votare. Quindi se \u00e8 vero che la sovranit\u00e0 appartiene al popolo, con questo sistema approvato costituzionalmente, i cittadini non avranno pi\u00f9 potere. La possibilit\u00e0 di usufruire di qualche potere decisionale, \u00e8 gi\u00e0 stato tolto alle Province, adesso si vuole tagliare fuori anche le Regioni e la fine \u00e8 che si perderebbe definitivamente il rapporto di fiducia tra cittadino e politico di riferimento\u00bb.<\/p>\n<p>\u00abQuesta Riforma \u2013 prosegue Gaetti \u2013 vuole intervenire sull\u2019articolo 117 ma di fatto non incide molto sul sistema sanitario. Se venisse accentrato il potere nelle mani dello Stato, in ogni caso a fare le leggi e a dare input nazionali sarebbero le Regioni. Quindi anche se vincesse il S\u00ec non cambierebbe molto\u00bb. Ma la sanit\u00e0, prosegue il Senatore \u00abdovrebbe essere riformata dando le giuste risorse, poi verificare come queste risorse vengano spese sul territorio e quindi entrare in dinamiche pi\u00f9 complesse come le spese farmaceutiche per cui si spende tanto. Insomma, sarebbe il caso di rivedere il sistema alla base\u00bb. Inoltre, prosegue Gaetti, \u00absi deve intervenire anche sulle spese ospedaliere. Abbiamo dei manager, dirigenti e direttori che non sono in grado di fare il loro dovere. E soprattutto si deve investire in prevenzione. Sappiamo che ogni euro investito in prevenzione produce un ritorno, anche se \u00e8 difficile valutare la salute in termini economici\u00bb. Infine, conclude \u00abla sanit\u00e0 va rigenerata dall\u2019interno, quindi verificare le prestazioni che vengono date, verificare che gli ospedali funzionano, dando il giusto riconoscimento a tutti gli operatori professionali. Ma ritengo che la cosa principale sia la prevenzione, quindi dare importanza agli screening come lo screening neonatale che, nonostante siano stati messi in bilancio 25 milioni di euro, ancora non viene eseguito. Con dei piccoli interventi si avrebbe un grande miglioramento qualitativo e su questo dobbiamo investire\u00bb.<\/p>\n<p>A sostenere le ragioni del No anche il <strong>Segretario Nazionale di Cgil Medici, Massimo Cozza<\/strong> che ai nostri microfoni esprime la sua disapprovazione per la Riforma: \u00abC\u2019\u00e8 tanta confusione \u2013 interviene \u2013 confusione soprattutto per quel che riguarda il comparto sanit\u00e0. Non c\u2019\u00e8 alcuna chiarezza su quali siano i ruoli e cosa s\u2019intende per interesse generale. Quale sar\u00e0 il ruolo delle Regioni e cosa potranno fare? \u00c8 abbastanza ovvio che queste trasformazioni sostenute da chi vuole il S\u00ec\u00a0potrebbero generare ulteriore caos\u00bb.<\/p>\n<p>Per approfondire leggi anche:\u00a0<a href=\"http:\/\/www.sanitainformazione.it\/politica\/speciale-referendum-si-no-cambiera-la-sanita-costituzione-voto4dicembre-renzi-boschi-lorenzin-dalema\/\" target=\"_blank\" rel=\"noopener\">Referendum: il S\u00ec o il No che cambier\u00e0 la sanit\u00e0<\/a><\/p>\n<p><a href=\"http:\/\/www.sanitainformazione.it\/lavoro\/diritto\/referendum-sanita-perche-no-lopinione-cozza-gaetti-riformasanita-renzi-boschi\/\" target=\"_blank\" rel=\"noopener\"><span style=\"color: #0000ff;\">sanit\u00e0 informazione &#8211;\u00a029 novembre 2016<\/span><\/a><\/p>\n<p>Related news:\u00a0<a href=\"http:\/\/www.quotidianosanita.it\/governo-e-parlamento\/articolo.php?articolo_id=45650\" target=\"_blank\" rel=\"noopener\"><span style=\"color: #0000ff;\">Referendum. \u201cEcco perch\u00e9 il No far\u00e0 bene alla sanit\u00e0\u201d. L\u2019appello dei senatori di Forza Italia<\/span><\/a><\/p>\n<p class=\"block-title\"><a href=\"http:\/\/urbanpost.it\/referendum-4-dicembre-si-no-sanita-cosa-cambiera\/\" target=\"_blank\" rel=\"noopener\"><span style=\"color: #0000ff;\">Referendum 4 dicembre s\u00ec o no? Sanit\u00e0, ecco cosa cambier\u00e0<\/span><\/a><\/p>\n<p><span style=\"color: #ff0000;\"><strong>Memorandum<\/strong><\/span>:\u00a0 <em>nel nuovo articolo 117 che riforma il TitoloV si dice che spetta allo Stato la potest\u00e0 legislativa sulle \u201c<strong>disposizioni generali e comuni per la tutela della salute e per le politiche sociali<\/strong>\u201d e alle Regioni \u201c<strong>la potest\u00e0 legislativa in materia di programmazione e organizzazione dei servizi sanitari e sociali<\/strong>\u201d.<\/em><\/p>\n<p>&nbsp;<\/p>\n<\/div>\n<\/div>\n<p>&nbsp;<\/p>","protected":false},"excerpt":{"rendered":"<p>Il presidente di Farmindustria a pochi giorni dal referendum, si esprime a favore delle ragioni del \u201cs\u00ec\u201d perch\u00e9 \u201coggi in Italia sono troppe le differenze e occorre riportare al centro la legiferazione sulla salute\u201d. Sulla stessa linea Walter Ricciardi, presidente Iss di Redazione Aboutpharma Online\u00a0 &#8211;\u00a029 novembre 2016 &#8211; Aboutpharma Il presidente di Farmindustria Massimo &hellip;<\/p>","protected":false},"author":4,"featured_media":28955,"comment_status":"closed","ping_status":"closed","sticky":false,"template":"","format":"standard","meta":{"footnotes":""},"categories":[1],"tags":[41,79],"class_list":["post-28952","post","type-post","status-publish","format-standard","has-post-thumbnail","hentry","category-notizie","tag-leggisentenze","tag-ssn"],"amp_enabled":true,"_links":{"self":[{"href":"https:\/\/www.fedaiisf.it\/en\/wp-json\/wp\/v2\/posts\/28952","targetHints":{"allow":["GET"]}}],"collection":[{"href":"https:\/\/www.fedaiisf.it\/en\/wp-json\/wp\/v2\/posts"}],"about":[{"href":"https:\/\/www.fedaiisf.it\/en\/wp-json\/wp\/v2\/types\/post"}],"author":[{"embeddable":true,"href":"https:\/\/www.fedaiisf.it\/en\/wp-json\/wp\/v2\/users\/4"}],"replies":[{"embeddable":true,"href":"https:\/\/www.fedaiisf.it\/en\/wp-json\/wp\/v2\/comments?post=28952"}],"version-history":[{"count":0,"href":"https:\/\/www.fedaiisf.it\/en\/wp-json\/wp\/v2\/posts\/28952\/revisions"}],"wp:featuredmedia":[{"embeddable":true,"href":"https:\/\/www.fedaiisf.it\/en\/wp-json\/wp\/v2\/media\/28955"}],"wp:attachment":[{"href":"https:\/\/www.fedaiisf.it\/en\/wp-json\/wp\/v2\/media?parent=28952"}],"wp:term":[{"taxonomy":"category","embeddable":true,"href":"https:\/\/www.fedaiisf.it\/en\/wp-json\/wp\/v2\/categories?post=28952"},{"taxonomy":"post_tag","embeddable":true,"href":"https:\/\/www.fedaiisf.it\/en\/wp-json\/wp\/v2\/tags?post=28952"}],"curies":[{"name":"wp","href":"https:\/\/api.w.org\/{rel}","templated":true}]}}