{"id":28971,"date":"2016-12-01T17:17:30","date_gmt":"2016-12-01T16:17:30","guid":{"rendered":"http:\/\/www.fedaiisf.it\/?p=28971"},"modified":"2016-12-09T11:57:27","modified_gmt":"2016-12-09T10:57:27","slug":"epac-renzi-vuole-curare-tutti-malati-epatite-finalmente","status":"publish","type":"post","link":"https:\/\/www.fedaiisf.it\/en\/epac-renzi-vuole-curare-tutti-malati-epatite-finalmente\/","title":{"rendered":"EpaC, does Renzi want to cure all hepatitis patients? Finally"},"content":{"rendered":"<p>THE<img loading=\"lazy\" decoding=\"async\" class=\"alignright\" src=\"http:\/\/www.nuovifarmaciepatite.it\/img\/banner\/b_epatitec.png\" alt=\"Sito Epatite C\" width=\"122\" height=\"149\" \/>l premier Matteo Renzi &#8220;vuole curare tutti i malati di epatite C? Finalmente!&#8221;. Queste le parole del presidente dell&#8217;associazione EpaC Onlus, Ivan Gardini, dopo le recenti dichiarazioni in tv di Renzi sugli effetti del S\u00ec al referendum.<\/p>\n<p>&#8220;Come noto le associazioni di pazienti, per statuto non possono interessarsi di attivit\u00e0 politica. Tuttavia una cosa la vogliamo dire. Per 20 lunghi anni mai nessun ministro della Salute, n\u00e9 presidente del Consiglio, si \u00e8 mai interessato al destino di quell&#8217;esercito di pazienti con epatite C&#8221;, afferma Gardini. &#8220;In tempi non sospetti il ministro Beatrice Lorenzin ha deciso di stanziare fondi consistenti per consentire l&#8217;accesso ai farmaci innovativi salva-vita per decine di migliaia di pazienti e in legge di stabilit\u00e0 sono previsti altri <img loading=\"lazy\" decoding=\"async\" class=\"alignleft\" src=\"http:\/\/www.sosfegato.it\/camo\/onlus\/img\/epac.jpg\" alt=\"Risultati immagini per farmaci per epatite c\" width=\"263\" height=\"139\" \/>1,5 miliardi per i prossimi 3 anni.<\/p>\n<p>Il presidente del Consiglio ha pi\u00f9 volte ribadito questo importante passaggio storico per migliorare la salute di migliaia di ammalati e non troviamo nulla di male nell&#8217;intenzione di voler offrire la cura a tutti, indipendentemente dalla gravit\u00e0 della malattia. Se sono solo parole &#8211; conclude Gardini &#8211; lo vedremo molto presto. Infine, non vediamo nulla di male neppure nel tentare di migliorare un grave problema come quello di 21 sistemi sanitari diversi, nella forma e nella sostanza. Quantomeno provarci&#8221;.<\/p>\n<p><a href=\"http:\/\/streamer.adnkronos.com\/Salute\/Newsletter\/data\/Pk191e16.pdf\" target=\"_blank\" rel=\"noopener\"><span style=\"color: #0000ff;\">30 novembre 2016 &#8211; PharmaKronos<\/span><\/a><\/p>\n<p>Related news:\u00a0<a href=\"http:\/\/www.epac.it\/notizie\/default.asp?id=890&amp;id_n=19042\" target=\"_blank\" rel=\"noopener\"><span style=\"color: #0000ff;\">Accesso Farmaci epatite C, vicini a una svolta<\/span><\/a><\/p>\n<p><a href=\"http:\/\/www.epac.it\/notizie\/default.asp?id=890&amp;id_n=18337\" target=\"_blank\" rel=\"noopener\"><span style=\"color: #0000ff;\">Epatite C: le Associazioni di migliaia di pazienti affetti da Epatite C scrivono a Matteo Renzi<\/span><\/a><\/p>\n<p class=\"blocco_pag\"><a href=\"http:\/\/www.epac.it\/notizie\/default.asp?id=890&amp;id_n=18857\" target=\"_blank\" rel=\"noopener\"><span style=\"color: #0000ff;\">Epatite C. Ma quanto costano davvero i nuovi farmaci al Ssn? Molto meno di quello che si dice<\/span><\/a><\/p>\n<p class=\"blocco_pag\"><a href=\"http:\/\/www.nuovifarmaciepatite.it\/default.asp?id=3386\" target=\"_blank\" rel=\"noopener\"><span style=\"color: #0000ff;\">Approfondimento sui generici per epatite C<\/span><\/a><\/p>\n<p class=\"blocco_pag\"><img decoding=\"async\" class=\"aligncenter\" src=\"http:\/\/fattieavvenimenti.altervista.org\/wp-content\/uploads\/2016\/09\/Renzi-natale.jpg\" alt=\"Risultati immagini per promesse elettorali renzi\" \/><\/p>","protected":false},"excerpt":{"rendered":"<p>Il premier Matteo Renzi &#8220;vuole curare tutti i malati di epatite C? Finalmente!&#8221;. Queste le parole del presidente dell&#8217;associazione EpaC Onlus, Ivan Gardini, dopo le recenti dichiarazioni in tv di Renzi sugli effetti del S\u00ec al referendum. &#8220;Come noto le associazioni di pazienti, per statuto non possono interessarsi di attivit\u00e0 politica. Tuttavia una cosa la &hellip;<\/p>","protected":false},"author":4,"featured_media":28974,"comment_status":"closed","ping_status":"closed","sticky":false,"template":"","format":"standard","meta":{"footnotes":""},"categories":[1],"tags":[29,26],"class_list":["post-28971","post","type-post","status-publish","format-standard","has-post-thumbnail","hentry","category-notizie","tag-prezzo-farmaci","tag-spesa-farmaceutica"],"amp_enabled":true,"_links":{"self":[{"href":"https:\/\/www.fedaiisf.it\/en\/wp-json\/wp\/v2\/posts\/28971","targetHints":{"allow":["GET"]}}],"collection":[{"href":"https:\/\/www.fedaiisf.it\/en\/wp-json\/wp\/v2\/posts"}],"about":[{"href":"https:\/\/www.fedaiisf.it\/en\/wp-json\/wp\/v2\/types\/post"}],"author":[{"embeddable":true,"href":"https:\/\/www.fedaiisf.it\/en\/wp-json\/wp\/v2\/users\/4"}],"replies":[{"embeddable":true,"href":"https:\/\/www.fedaiisf.it\/en\/wp-json\/wp\/v2\/comments?post=28971"}],"version-history":[{"count":0,"href":"https:\/\/www.fedaiisf.it\/en\/wp-json\/wp\/v2\/posts\/28971\/revisions"}],"wp:featuredmedia":[{"embeddable":true,"href":"https:\/\/www.fedaiisf.it\/en\/wp-json\/wp\/v2\/media\/28974"}],"wp:attachment":[{"href":"https:\/\/www.fedaiisf.it\/en\/wp-json\/wp\/v2\/media?parent=28971"}],"wp:term":[{"taxonomy":"category","embeddable":true,"href":"https:\/\/www.fedaiisf.it\/en\/wp-json\/wp\/v2\/categories?post=28971"},{"taxonomy":"post_tag","embeddable":true,"href":"https:\/\/www.fedaiisf.it\/en\/wp-json\/wp\/v2\/tags?post=28971"}],"curies":[{"name":"wp","href":"https:\/\/api.w.org\/{rel}","templated":true}]}}