{"id":29029,"date":"2016-12-09T11:54:39","date_gmt":"2016-12-09T10:54:39","guid":{"rendered":"http:\/\/www.fedaiisf.it\/?p=29029"},"modified":"2016-12-14T13:02:02","modified_gmt":"2016-12-14T12:02:02","slug":"astrazeneca-riduzione-700-posizioni-le-sedi-negli-stati-uniti","status":"publish","type":"post","link":"https:\/\/www.fedaiisf.it\/en\/astrazeneca-riduzione-700-posizioni-le-sedi-negli-stati-uniti\/","title":{"rendered":"AstraZeneca cuts 700 positions for US offices"},"content":{"rendered":"<p class=\"site-block__title\">L&#8217;operazione era stata annunciata da tempo e i tagli riguarderanno il settore business e commerciale. All&#8217;origine, la previsione di introiti minori per l&#8217;anno 2017. I risparmi per la multinazionale dovrebbero aggirarsi intorno al miliardo di dollari.<\/p>\n<p class=\"site-block__title\">Of <a title=\"Articles written by: Aboutpharma Online editorial staff\" href=\"http:\/\/www.aboutpharma.com\/blog\/author\/redazioneaboutpharma-com\/\" rel=\"author noopener\" target=\"_blank\">Aboutpharma Online editorial staff<\/a>\u00a0&#8211;\u00a0<a href=\"http:\/\/www.aboutpharma.com\/blog\/2016\/12\/09\/454007\/\" target=\"_blank\" rel=\"noopener\"><span style=\"color: #0000ff;\">9 dicembre 2016 &#8211; Aboutpharma<\/span><\/a><\/p>\n<p><img decoding=\"async\" class=\"alignright\" src=\"http:\/\/deltechpark.org\/wp-content\/uploads\/AZ1.jpg\" alt=\"Risultati immagini per astrazeneca wilmington\" \/>AstraZeneca ha annunciato\u00a0ieri che avvier\u00e0 un processo di riduzione del personale nel settore commerciale negli Stati Uniti di settecento posizioni a partire dal 10 febbraio 2017. Di queste 120 riguardano la sede a Wilmington nello Stato del Delawere e ottanta sono posizioni vacanti.<\/p>\n<p>\u201cQuesti cambiamenti \u2013 ha dichiarato l\u2019azienda \u2013 riflettono la necessit\u00e0 di focalizzarsi sull\u2019ottimizzazione dell\u2019efficienza dell\u2019intera compagnia\u201d. Alla base della decisione, precisano i portavoce, introiti in calo previsti per il 2017. Difatti, negli ultimi anni, AstraZeneca ha perso il brevetto di alcuni farmaci tra cui Crestor (rosuvastatin) per il colesterolo e Nexium (esomeprazolo) come inibitore della pompa protonica.<\/p>\n<p>Ma il taglio era nell\u2019aria. Gi\u00e0 ad aprile di quest\u2019anno da Cambridge avevano fatto sapere che il piano di riduzione ed efficienza sarebbe stato portato avanti entro la fine del 2016 nell\u2019ottica di risparmiare pi\u00f9 di un miliardo di dollari. Inoltre gi\u00e0 dal 2013 \u00e8 noto che l\u2019azienda ha nei piani l\u2019eliminazione di 1600 posizioni in tutto il mondo, all\u2019interno di un\u2019operazione di consolidamento della Ricerca e Sviluppo e che altre 3200 posizioni nel settore vendite e amministrativo subiranno dei tagli.<\/p>\n<p>Related news: <span style=\"color: #0000ff;\"><a style=\"color: #0000ff;\" href=\"http:\/\/www.fedaiisf.it\/en\/astrazeneca-ha-annunciato-il-licenziamento-di-100-dipendenti-degli-850-che-ha-in-spagna\/\" target=\"_blank\">AstraZeneca has announced the layoff of 100 of the 850 employees it has in Spain<\/a><\/span><\/p>","protected":false},"excerpt":{"rendered":"<p>L&#8217;operazione era stata annunciata da tempo e i tagli riguarderanno il settore business e commerciale. All&#8217;origine, la previsione di introiti minori per l&#8217;anno 2017. I risparmi per la multinazionale dovrebbero aggirarsi intorno al miliardo di dollari. di Redazione Aboutpharma Online\u00a0&#8211;\u00a09 dicembre 2016 &#8211; Aboutpharma AstraZeneca ha annunciato\u00a0ieri che avvier\u00e0 un processo di riduzione del personale &hellip;<\/p>","protected":false},"author":4,"featured_media":29035,"comment_status":"closed","ping_status":"closed","sticky":false,"template":"","format":"standard","meta":{"footnotes":""},"categories":[1],"tags":[27],"class_list":["post-29029","post","type-post","status-publish","format-standard","has-post-thumbnail","hentry","category-notizie","tag-licenziati"],"amp_enabled":true,"_links":{"self":[{"href":"https:\/\/www.fedaiisf.it\/en\/wp-json\/wp\/v2\/posts\/29029","targetHints":{"allow":["GET"]}}],"collection":[{"href":"https:\/\/www.fedaiisf.it\/en\/wp-json\/wp\/v2\/posts"}],"about":[{"href":"https:\/\/www.fedaiisf.it\/en\/wp-json\/wp\/v2\/types\/post"}],"author":[{"embeddable":true,"href":"https:\/\/www.fedaiisf.it\/en\/wp-json\/wp\/v2\/users\/4"}],"replies":[{"embeddable":true,"href":"https:\/\/www.fedaiisf.it\/en\/wp-json\/wp\/v2\/comments?post=29029"}],"version-history":[{"count":0,"href":"https:\/\/www.fedaiisf.it\/en\/wp-json\/wp\/v2\/posts\/29029\/revisions"}],"wp:featuredmedia":[{"embeddable":true,"href":"https:\/\/www.fedaiisf.it\/en\/wp-json\/wp\/v2\/media\/29035"}],"wp:attachment":[{"href":"https:\/\/www.fedaiisf.it\/en\/wp-json\/wp\/v2\/media?parent=29029"}],"wp:term":[{"taxonomy":"category","embeddable":true,"href":"https:\/\/www.fedaiisf.it\/en\/wp-json\/wp\/v2\/categories?post=29029"},{"taxonomy":"post_tag","embeddable":true,"href":"https:\/\/www.fedaiisf.it\/en\/wp-json\/wp\/v2\/tags?post=29029"}],"curies":[{"name":"wp","href":"https:\/\/api.w.org\/{rel}","templated":true}]}}