{"id":29039,"date":"2016-12-10T17:20:08","date_gmt":"2016-12-10T16:20:08","guid":{"rendered":"http:\/\/www.fedaiisf.it\/?p=29039"},"modified":"2016-12-15T12:08:19","modified_gmt":"2016-12-15T11:08:19","slug":"mylan-intende-ristrutturare-la-sua-forza-lavoro-globale","status":"publish","type":"post","link":"https:\/\/www.fedaiisf.it\/en\/mylan-intende-ristrutturare-la-sua-forza-lavoro-globale\/","title":{"rendered":"Mylan intends to restructure its global workforce"},"content":{"rendered":"<p><em>Un portavoce ha confermato marted\u00ec scorso che l&#8217;azienda produttrice di Epi-Pen sta cercando di tagliare di almeno il 10% della sua forza lavoro.<\/em><\/p>\n<p><a href=\"https:\/\/www.thestreet.com\/story\/13915682\/1\/mylan-aims-to-trim-global-workforce.html\" target=\"_blank\" rel=\"noopener\"><span style=\"color: #0000ff;\">Alicia McElhaney &#8211;\u00a0Dic 6, il 2016 &#8211; The Street<\/span><\/a><\/p>\n<p>Marted\u00ec la societ\u00e0 ha confermato che la produttrice di\u00a0EpiPen,\u00a0<strong>Milan<\/strong> ( <a href=\"https:\/\/www.thestreet.com\/quote\/MYL.html\" target=\"_blank\" rel=\"noopener\">MYL<\/a> ), taglier\u00e0 almeno il 10% della sua forza lavoro.<\/p>\n<p>La portavoce Nina Devlin ha scritto via e-mail marted\u00ec che &#8220;dal 2015 Mylan\u00a0ha fatto una serie di acquisizioni significative, facenti parte di un obiettivo globale, per cui ci stiamo concentrando su come integrare e ottimizzare a livello globale tutti i nostri beni, \u00a0fra questi stiamo considerando il modo per ridurre la ridondanza in tutta la nostra organizzazione in tutti aree geografiche&#8221;.<\/p>\n<p><span class=\"goog-text-highlight\"><img loading=\"lazy\" decoding=\"async\" class=\"alignright\" src=\"https:\/\/s.thestreet.com\/files\/tsc\/v2008\/photos\/contrib\/uploads\/73538225-a2bd-11e6-828b-174f8dfacc99_600x400.png\" width=\"476\" height=\"317\" \/>Mylan ha acquisito quattro societ\u00e0 negli ultimi due anni, tra cui <\/span><strong><span class=\"goog-text-highlight\">Renaissance Acquisition Holdings<\/span><\/strong><span class=\"goog-text-highlight\"> , una societ\u00e0 in portafoglio di RoundTable Healthcare Partners, per 950.000.000 $ in contanti e la rivale svedese <\/span><strong><span class=\"goog-text-highlight\">Meda<\/span><\/strong><span class=\"goog-text-highlight\">\u00a0per $ 9,9 miliardi di dollari. <\/span>Queste acquisizioni hanno comportato un notevole aumento del personale di Mylan.<\/p>\n<p>Secondo una fonte, l&#8217;azienda di Pittsburgh, che dispone di strutture sia negli Stati Uniti che all&#8217;estero, offrir\u00e0 ai dipendenti di alcuni siti americani consistenti pacchetti di incentivi all&#8217;esodo. Se non sar\u00e0 sufficiente per convincere \u00e8 gli impiegati ad optare per il pacchetto per l&#8217;esodo, Mylan potrebbe scegliere autonomamente di mettere fuori una parte del personale, anche se i sindacati dovessero essere contrari a queste misure.<\/p>\n<div>\n<p>Mylan \u00e8 diventata il simbolo dell&#8217;indignazione pubblica per aver aumentato il prezzo di un farmaco all&#8217;inizio di quest&#8217;anno, quando fu diffusa la notizia che il suo dispositivo per l&#8217;anafilassi, EpiPen, ha visto aumentare il prezzo del 25% anno su anno. La media dei prezzi del settore dei farmaci \u00e8 in aumento del 10%. I pazienti hanno riferito che EpiPens all&#8217;inizio di quest&#8217;anno\u00a0costava 600 $ per due dosi.<\/p>\n<p>Dal momento che questi problemi sono venuti al pettine durante l&#8217;estate, Mylan ha offerto coupon e programmi per i pazienti a basso reddito in modo da ridurre il prezzo del dispositivo per i clienti pi\u00f9 vulnerabili.<\/p>\n<p>Quando Mylan si stava riprendendo per i suoi prezzi dei farmaci, la societ\u00e0 \u00e8 stata colpita da un&#8217;ulteriore cattiva notizia quando \u00e8 stato divulgato che la societ\u00e0 era stata erroneamente declassificata dal\u00a0Center for Medicare and Medicaid Services per anni, per aver incassato pi\u00f9 soldi del dovuto per il suo dispositivo.<\/p>\n<p>Marted\u00ec nei primi 15 minuti di apertura del mercato borsistico Mylan \u00e9 scambiata ad un volume molto elevato e le sue azioni fino a ieri erano in calo da 35,65 $ a 35,45 $<\/p>\n<\/div>","protected":false},"excerpt":{"rendered":"<p>Un portavoce ha confermato marted\u00ec scorso che l&#8217;azienda produttrice di Epi-Pen sta cercando di tagliare di almeno il 10% della sua forza lavoro. Alicia McElhaney &#8211;\u00a0Dic 6, il 2016 &#8211; The Street Marted\u00ec la societ\u00e0 ha confermato che la produttrice di\u00a0EpiPen,\u00a0Mylan ( MYL ), taglier\u00e0 almeno il 10% della sua forza lavoro. La portavoce Nina &hellip;<\/p>","protected":false},"author":4,"featured_media":29044,"comment_status":"closed","ping_status":"closed","sticky":false,"template":"","format":"standard","meta":{"footnotes":""},"categories":[1],"tags":[27,29],"class_list":["post-29039","post","type-post","status-publish","format-standard","has-post-thumbnail","hentry","category-notizie","tag-licenziati","tag-prezzo-farmaci"],"amp_enabled":true,"_links":{"self":[{"href":"https:\/\/www.fedaiisf.it\/en\/wp-json\/wp\/v2\/posts\/29039","targetHints":{"allow":["GET"]}}],"collection":[{"href":"https:\/\/www.fedaiisf.it\/en\/wp-json\/wp\/v2\/posts"}],"about":[{"href":"https:\/\/www.fedaiisf.it\/en\/wp-json\/wp\/v2\/types\/post"}],"author":[{"embeddable":true,"href":"https:\/\/www.fedaiisf.it\/en\/wp-json\/wp\/v2\/users\/4"}],"replies":[{"embeddable":true,"href":"https:\/\/www.fedaiisf.it\/en\/wp-json\/wp\/v2\/comments?post=29039"}],"version-history":[{"count":0,"href":"https:\/\/www.fedaiisf.it\/en\/wp-json\/wp\/v2\/posts\/29039\/revisions"}],"wp:featuredmedia":[{"embeddable":true,"href":"https:\/\/www.fedaiisf.it\/en\/wp-json\/wp\/v2\/media\/29044"}],"wp:attachment":[{"href":"https:\/\/www.fedaiisf.it\/en\/wp-json\/wp\/v2\/media?parent=29039"}],"wp:term":[{"taxonomy":"category","embeddable":true,"href":"https:\/\/www.fedaiisf.it\/en\/wp-json\/wp\/v2\/categories?post=29039"},{"taxonomy":"post_tag","embeddable":true,"href":"https:\/\/www.fedaiisf.it\/en\/wp-json\/wp\/v2\/tags?post=29039"}],"curies":[{"name":"wp","href":"https:\/\/api.w.org\/{rel}","templated":true}]}}